{"id":50051,"date":"2025-08-15T21:43:26","date_gmt":"2025-08-15T21:43:26","guid":{"rendered":"https:\/\/www.europesays.com\/es\/50051\/"},"modified":"2025-08-15T21:43:26","modified_gmt":"2025-08-15T21:43:26","slug":"la-foto-que-confirma-su-verdadera-relacion","status":"publish","type":"post","link":"https:\/\/www.europesays.com\/es\/50051\/","title":{"rendered":"la foto que confirma su verdadera relaci\u00f3n"},"content":{"rendered":"<p id=\"eraCJXmvcq\" data-wc=\"88\"><strong>La fotograf\u00eda del verano la han protagonizado Francisco Rivera, Lourdes Montes y Tana Rivera.<\/strong> Los tres, muy sonrientes, fueron captados durante unos d\u00edas de descanso en el SAAM Club de Mar de Chipiona, C\u00e1diz, un enclave privilegiado que se ha convertido en su refugio estival. La complicidad que mostraron padre, hija y Lourdes es la mejor prueba del gran momento que atraviesan: u<strong>na familia que crece m\u00e1s unida que nunca, que se apoya y que celebra con ilusi\u00f3n el primer verano de Nicol\u00e1s, el tercer hijo del matrimonio.\u00a0<\/strong><\/p>\n<p> <img src=\"https:\/\/www.europesays.com\/es\/wp-content\/uploads\/2025\/08\/97a9c344f71c-532349965185165008390592992689495624590807837n.jpg\"   width=\"633\" height=\"1024\" loading=\"lazy\" decoding=\"async\" alt=\"Media Image\" fetchpriority=\"auto\" class=\"image ho-image\"\/>\u00a9 raulromeropress<\/p>\n<p> <img src=\"https:\/\/www.europesays.com\/es\/wp-content\/uploads\/2025\/08\/f186230b3372-f-4.jpg\"   width=\"934\" height=\"1024\" loading=\"lazy\" decoding=\"async\" alt=\"Media Image\" fetchpriority=\"auto\" class=\"image ho-image\"\/>\u00a9 lmontesoficial<\/p>\n<p id=\"ePJa8uXx3sn\" data-wc=\"99\">En este momento tan especial, <strong data-end=\"2485\" data-start=\"2470\">Tana Rivera<\/strong> se ha convertido en un apoyo fundamental para su padre y Lourdes. <strong>Con apenas 25 a\u00f1os, la hija de Francisco Rivera y Eugenia Mart\u00ednez de Irujo ha demostrado que este 2025 es su a\u00f1o: l<\/strong>a joven no oculta la emoci\u00f3n que siente con su hermano peque\u00f1o: \u201c<strong>Yo me muero, me encantan los ni\u00f1os peque\u00f1os y estoy feliz con mi hermano. En mi casa es una pelea. Cada vez que llego, le cojo y todos me dicen: \u00bfme lo dejas, me lo dejas? Y yo, no, que acabo de llegar, lo quiero yo\u201d.<\/strong><\/p>\n<p> <img src=\"https:\/\/www.europesays.com\/es\/wp-content\/uploads\/2025\/08\/3601cc49d461-f-1.jpg\"   width=\"768\" height=\"1024\" loading=\"lazy\" decoding=\"async\" alt=\"Media Image\" fetchpriority=\"auto\" class=\"image ho-image\"\/>\u00a9 raulromeropress<\/p>\n<p id=\"eG8hp0RB4wc\" data-wc=\"64\">Orgullosa, Tana destacaba tambi\u00e9n el papel de los mayores en esta nueva etapa: <strong>\u201cCarmen ya es mayor y le da el biber\u00f3n, es como su segunda madre. Y Currete igual\u201d.<\/strong> Una faceta de hermana entregada que tambi\u00e9n ha reconocido Lourdes: <strong>\u201cEs un diez con los mayores y con el beb\u00e9. Tiene mucha paciencia, es muy tranquila, as\u00ed que eso para un beb\u00e9 es fant\u00e1stico\u201d.<\/strong><\/p>\n<p> <img src=\"https:\/\/www.europesays.com\/es\/wp-content\/uploads\/2025\/08\/bf20c19d0b50-dlu520173001-pix.png\"   width=\"1024\" height=\"768\" loading=\"lazy\" decoding=\"async\" alt=\"Francisco Rivera y Lourdes Montes con su hija Tana y su hijo\" fetchpriority=\"auto\" class=\"image ho-image\"\/>\u00a9 GTRES<\/p>\n<p id=\"eulm-eMh4NA\" data-wc=\"79\">M\u00e1s all\u00e1 de lo familiar, Tana atraviesa un a\u00f1o decisivo. Tras debutar en febrero con su primera colecci\u00f3n de moda junto a ERAX, ha dado un nuevo paso convirti\u00e9ndose en imagen de la firma de joyer\u00eda <strong data-end=\"3458\" data-start=\"3449\">Rabat<\/strong>. Posando espectacular en la Costa Brava, se mostraba muy feliz: \u201c<strong>He aprendido a confiar m\u00e1s en m\u00ed, a no tener miedo de probar cosas nuevas. Todo lo que estoy haciendo este a\u00f1o nace de un deseo genuino de crecer\u201d,<\/strong> confesaba a Hola.<\/p>\n<p> <img src=\"https:\/\/www.europesays.com\/es\/wp-content\/uploads\/2025\/08\/1b207c00fd17-u558909088.jpg\"   width=\"1024\" height=\"683\" loading=\"lazy\" decoding=\"async\" alt=\"Cayetana Rivera\" fetchpriority=\"auto\" class=\"image ho-image\"\/>\u00a9 GTRES<\/p>\n<p> <img src=\"https:\/\/www.europesays.com\/es\/wp-content\/uploads\/2025\/08\/ed0bda183822-cayetana-rivera-gtres18.jpg\"   width=\"1024\" height=\"682\" loading=\"lazy\" decoding=\"async\" alt=\"Cayetana Rivera Mart\u00ednez de Irujo durante la Feria de Pedro Romero 2021 en Ronda\" fetchpriority=\"auto\" class=\"image ho-image\"\/>\u00a9 GTRES<br \/>\nEntre dos legados y un mismo coraz\u00f3n<\/p>\n<p id=\"exHKE6xgwl6\" data-wc=\"61\">Aunque su apellido le acompa\u00f1a all\u00e1 donde va, Tana ha sabido encontrar su equilibrio personal y profesional: <strong>\u201cTengo la pasi\u00f3n y la sensibilidad de los Rivera, y la elegancia y el car\u00e1cter de los Alba. Esa mezcla me define. Soy el equilibrio entre ambas familias y me gusta llevar lo mejor de cada una\u201d<\/strong>, tal y como confesaba a esta revista.<\/p>\n<p> <img src=\"https:\/\/www.europesays.com\/es\/wp-content\/uploads\/2025\/08\/20a0c415b445-dlu581678056.jpg\"   width=\"1080\" height=\"1800\" loading=\"lazy\" decoding=\"async\" alt=\"Cayetana Rivera\" fetchpriority=\"auto\" class=\"image ho-image\"\/>\u00a9 GTRES<\/p>\n<p> <img src=\"https:\/\/www.europesays.com\/es\/wp-content\/uploads\/2025\/08\/9126e749caf6-u549010057.jpg\"   width=\"1024\" height=\"683\" loading=\"lazy\" decoding=\"async\" alt=\"Imagen de archivo\" fetchpriority=\"auto\" class=\"image ho-image\"\/>\u00a9 GTRES<\/p>\n<p> <img src=\"https:\/\/www.europesays.com\/es\/wp-content\/uploads\/2025\/08\/994e54f6e522-cayetana-rivera-gtres11.jpg\"   width=\"1024\" height=\"682\" loading=\"lazy\" decoding=\"async\" alt=\"El torero Francisco Rivera Ord\u00f3nez y su hija Cayetana Rivera durante la 61\u00aa edici\u00f3n de la corrida Goyesca de Ronda en 2017\" fetchpriority=\"auto\" class=\"image ho-image\"\/>\u00a9 GTRES<\/p>\n<p id=\"eMsSU1b0rzT2\" data-wc=\"43\">En lo personal, asegura sentirse afortunada de contar con el apoyo incondicional de sus padres: <strong>\u201cMi madre es mi mejor amiga, lo mejor que tengo en mi vida. De ella aprendo cada d\u00eda. Mi padre es mi mejor plan siempre, es mi referente\u201d.<\/strong><\/p>\n<p> <img src=\"https:\/\/www.europesays.com\/es\/wp-content\/uploads\/2025\/08\/a69f5b1215e8-dlu580683039.jpg\"   width=\"1024\" height=\"673\" loading=\"lazy\" decoding=\"async\" alt=\"Eugenia Mart\u00ednez de Irujo y Cayetana Rivera\" fetchpriority=\"auto\" class=\"image ho-image\"\/>\u00a9 GTRES<\/p>\n<p> <img src=\"https:\/\/www.europesays.com\/es\/wp-content\/uploads\/2025\/08\/2af925e5f262-dlu580683041.jpg\"   width=\"673\" height=\"1024\" loading=\"lazy\" decoding=\"async\" alt=\"Eugenia Martinez de Irujo y Cayetana Rivera\" fetchpriority=\"auto\" class=\"image ho-image\"\/>\u00a9 GTRES<br \/>\nUna familia numerosa en plenitud<\/p>\n<p id=\"eIhwweYXCD\" data-wc=\"87\">Este verano tiene un sabor distinto para ellos. En abril daban la bienvenida al beb\u00e9, un ni\u00f1o muy esperado que colma de felicidad a la pareja. Lourdes relataba con emoci\u00f3n c\u00f3mo vivi\u00f3 ese d\u00eda tan especial: \u201c<strong data-gid=\"e0kV0j9WYHZ\">Fue un parto precioso, el mejor de los tres. Todos han sido buenos, pero este fue especialmente bonito y calmado\u201d,\u00a0<\/strong>confesaba. Consciente de que ya no habr\u00e1 m\u00e1s hijos, a\u00f1ad\u00eda con ternura: \u201cMe invad\u00eda la pena de pensar que era el \u00faltimo. Tengo claro que es el tercero y el \u00faltimo\u201d.<\/p>\n<p> <img src=\"https:\/\/www.europesays.com\/es\/wp-content\/uploads\/2025\/08\/58a59f6a2630-me-hace-mucha-ilusin-compartir-1.jpg\"   width=\"819\" height=\"1024\" loading=\"lazy\" decoding=\"async\" alt=\"Francisco Rivera y Lourdes Montes con sus hijos\" fetchpriority=\"auto\" class=\"image ho-image\"\/>\u00a9 @lmontesoficial<\/p>\n<p> <img src=\"https:\/\/www.europesays.com\/es\/wp-content\/uploads\/2025\/08\/b3d179d50f23-primera-semana-siendo-uno-mssin-duda-los-das-del-parto-de-cada-uno-de-mis-hijo.jpg\"   width=\"819\" height=\"1024\" loading=\"lazy\" decoding=\"async\" alt=\"Media Image\" fetchpriority=\"auto\" class=\"image ho-image\"\/><\/p>\n<p id=\"eJqzsQufl21\" data-wc=\"53\">Francisco, siempre muy pendiente de su familia, no ha dejado de estar al lado de Lourdes y se ha volcado en los mayores para que la transici\u00f3n fuese natural: <strong>\u201cEst\u00e1 pendiente y les lleva a todas partes. El beb\u00e9 es m\u00e1s para m\u00ed\u201d<\/strong>, dec\u00eda ella entre risas, reflejando el gran equipo que forman.<\/p>\n<p> <img src=\"https:\/\/www.europesays.com\/es\/wp-content\/uploads\/2025\/08\/0013a3b3b282-lourdes1-z.jpg\"   width=\"1024\" height=\"1024\" loading=\"lazy\" decoding=\"async\" alt=\"lourdes1\" fetchpriority=\"auto\" class=\"image ho-image\"\/>\u00a9 lmontesoficial<\/p>\n<p> <img src=\"https:\/\/www.europesays.com\/es\/wp-content\/uploads\/2025\/08\/6cf1d75ff5a7-francisco-rivera-ig.jpg\"   width=\"819\" height=\"1024\" loading=\"lazy\" decoding=\"async\" alt=\"Francisco Rivera felicita a su esposa, Lourdes Montes, por su 41 cumplea\u00f1os\" fetchpriority=\"auto\" class=\"image ho-image\"\/>\u00a9 f.r.paquirri<\/p>\n<p id=\"eTLGUWU7Fd9_\" data-wc=\"57\">Con la llegada de Nicol\u00e1s, Francisco y Lourdes forman la familia que siempre so\u00f1aron. Junto a sus tres hijos en com\u00fan \u2014Carmen, Curro y el reci\u00e9n nacido\u2014 y con Tana como pieza fundamental, viven una etapa llena de amor, serenidad y uni\u00f3n. Lourdes lo resum\u00eda con emoci\u00f3n: \u201c<strong>Estoy en un momento precioso, lleno de amor y calma\u201d.<\/strong><\/p>\n<p> <img src=\"https:\/\/www.europesays.com\/es\/wp-content\/uploads\/2025\/08\/3da8a4de33e0-francisco-rivera-ig2-z.jpg\"   width=\"1024\" height=\"1024\" loading=\"lazy\" decoding=\"async\" alt=\"francisco rivera ig2\" fetchpriority=\"auto\" class=\"image ho-image\"\/>\u00a9 f.r.paquirri<\/p>\n<p> <img src=\"https:\/\/www.europesays.com\/es\/wp-content\/uploads\/2025\/08\/d93d9a00928f-foto-1-ig-52018994518514643581030933607613700632726303n.jpg\"   width=\"576\" height=\"1024\" loading=\"lazy\" decoding=\"async\" alt=\"Media Image\" fetchpriority=\"auto\" class=\"image ho-image\"\/>\u00a9 lmontesoficial<\/p>\n<p id=\"eIvClARhtrvi\" data-wc=\"73\">Han pasado quince a\u00f1os desde que sus vidas se cruzaron y once desde que se casaron.<a class=\"hm-link\" href=\"https:\/\/www.hola.com\/actualidad\/20250517832565\/fran-rivera-y-lourdes-montes-lescapada-de-devocion-y-amor-en-roma\/\" rel=\"noopener nofollow\" target=\"_blank\" data-mrf-recirculation=\"article-body-link\"> Hoy, Francisco y Lourdes disfrutan del verano m\u00e1s especial de todos, acompa\u00f1ados por una Tana que brilla con luz propia y que no duda en reconocer:<\/a> \u201c<strong>Ahora mismo siento que la vida me va de perlas. Estoy en un momento bonito, en el que me siento m\u00e1s segura de m\u00ed misma, m\u00e1s conectada con lo que quiero\u201d.<\/strong><\/p>\n","protected":false},"excerpt":{"rendered":"La fotograf\u00eda del verano la han protagonizado Francisco Rivera, Lourdes Montes y Tana Rivera. Los tres, muy sonrientes,&hellip;\n","protected":false},"author":2,"featured_media":50052,"comment_status":"","ping_status":"","sticky":false,"template":"","format":"standard","meta":{"footnotes":""},"categories":[91],"tags":[517,2193,22347,146,147,25,24,6487,6486,12553,23,2110],"class_list":{"0":"post-50051","1":"post","2":"type-post","3":"status-publish","4":"format-standard","5":"has-post-thumbnail","7":"category-entretenimiento","8":"tag-actualidad","9":"tag-cadiz","10":"tag-cayetana-rivera","11":"tag-entertainment","12":"tag-entretenimiento","13":"tag-es","14":"tag-espana","15":"tag-francisco-rivera","16":"tag-lourdes-montes","17":"tag-mas-noticias","18":"tag-spain","19":"tag-vacaciones"},"share_on_mastodon":{"url":"","error":""},"_links":{"self":[{"href":"https:\/\/www.europesays.com\/es\/wp-json\/wp\/v2\/posts\/50051","targetHints":{"allow":["GET"]}}],"collection":[{"href":"https:\/\/www.europesays.com\/es\/wp-json\/wp\/v2\/posts"}],"about":[{"href":"https:\/\/www.europesays.com\/es\/wp-json\/wp\/v2\/types\/post"}],"author":[{"embeddable":true,"href":"https:\/\/www.europesays.com\/es\/wp-json\/wp\/v2\/users\/2"}],"replies":[{"embeddable":true,"href":"https:\/\/www.europesays.com\/es\/wp-json\/wp\/v2\/comments?post=50051"}],"version-history":[{"count":0,"href":"https:\/\/www.europesays.com\/es\/wp-json\/wp\/v2\/posts\/50051\/revisions"}],"wp:featuredmedia":[{"embeddable":true,"href":"https:\/\/www.europesays.com\/es\/wp-json\/wp\/v2\/media\/50052"}],"wp:attachment":[{"href":"https:\/\/www.europesays.com\/es\/wp-json\/wp\/v2\/media?parent=50051"}],"wp:term":[{"taxonomy":"category","embeddable":true,"href":"https:\/\/www.europesays.com\/es\/wp-json\/wp\/v2\/categories?post=50051"},{"taxonomy":"post_tag","embeddable":true,"href":"https:\/\/www.europesays.com\/es\/wp-json\/wp\/v2\/tags?post=50051"}],"curies":[{"name":"wp","href":"https:\/\/api.w.org\/{rel}","templated":true}]}}