{"id":50056,"date":"2025-08-15T21:47:07","date_gmt":"2025-08-15T21:47:07","guid":{"rendered":"https:\/\/www.europesays.com\/es\/50056\/"},"modified":"2025-08-15T21:47:07","modified_gmt":"2025-08-15T21:47:07","slug":"muere-isabel-guerrero-la-nina-que-hizo-visible-la-realidad-del-cancer-infantil-sociedad","status":"publish","type":"post","link":"https:\/\/www.europesays.com\/es\/50056\/","title":{"rendered":"Muere Isabel Guerrero, la ni\u00f1a que hizo visible la realidad del c\u00e1ncer infantil | Sociedad"},"content":{"rendered":"<p class=\"\"><a href=\"https:\/\/elpais.com\/sociedad\/2025-02-01\/la-lucha-de-un-padre-y-su-hija-contra-el-cancer-que-padecieron-a-la-vez-a-veces-la-realidad-supera-la-ficcion.html\" target=\"_self\" rel=\"nofollow noopener\" title=\"https:\/\/elpais.com\/sociedad\/2025-02-01\/la-lucha-de-un-padre-y-su-hija-contra-el-cancer-que-padecieron-a-la-vez-a-veces-la-realidad-supera-la-ficcion.html\">Isabel Guerrero<\/a>, la ni\u00f1a que hizo visible la realidad del c\u00e1ncer infantil, ha fallecido a los 12 a\u00f1os como consecuencia de su enfermedad. As\u00ed lo ha comunicado la <a href=\"https:\/\/elpais.com\/sociedad\/2024-03-19\/fundacion-cris-cancer-la-lucha-de-una-superviviente-por-impulsar-la-investigacion-oncologica.html\" target=\"_self\" rel=\"nofollow noopener\" title=\"https:\/\/elpais.com\/sociedad\/2024-03-19\/fundacion-cris-cancer-la-lucha-de-una-superviviente-por-impulsar-la-investigacion-oncologica.html\">Fundaci\u00f3n CRIS contra el c\u00e1ncer<\/a>, cuyo equipo ha expresado su tristeza por la muerte de la peque\u00f1a. \u201cDurante su vida, Isabel, de la mano de su padre, Dani Guerrero, se convirti\u00f3 en una voz poderosa para reflejar la urgente necesidad de invertir en investigaci\u00f3n. Su compromiso, su fuerza y su sonrisa van a continuar inspirando nuestro trabajo diario para que ning\u00fan ni\u00f1o o ni\u00f1a se quede sin opciones. Hoy su p\u00e9rdida nos recuerda que a\u00fan queda mucho por hacer\u201d, ha expresado la entidad sin \u00e1nimo de lucro. <\/p>\n<p class=\"\">A los siete meses de vida la menor ingres\u00f3 con m\u00e1s del 70% de sus c\u00e9lulas en estado canceroso. El diagn\u00f3stico fue demoledor: leucemia del lactante, una de las m\u00e1s agresivas, con una tasa de supervivencia del 40%. Sali\u00f3 de la UCI en 24 horas, entr\u00f3 en remisi\u00f3n en cuatro semanas y recibi\u00f3 un trasplante de m\u00e9dula gracias a un procedimiento arriesgado liderado por el equipo del doctor Antonio P\u00e9rez, jefe de la Unidad CRIS de Terapias Avanzadas, que utiliz\u00f3 a sus propios padres como donantes. <\/p>\n<p class=\"\">El a\u00f1o pasado, a su padre le diagnosticaron un carcinoma de vejiga. El 3 de octubre, en una cirug\u00eda de ocho horas, le reemplazaron la vejiga y la pr\u00f3stata por una fabricada con su propio intestino delgado. Pasado el verano, y a un mes de la operaci\u00f3n de su padre, a Isabel le<a href=\"https:\/\/elpais.com\/salud-y-bienestar\/2024-03-19\/tras-la-huella-que-deja-el-cancer-para-entender-como-y-cuando-se-origino.html\" rel=\"nofollow noopener\" target=\"_blank\"> encontraron dos tumores <\/a>, uno en el pulm\u00f3n y otro en la cabeza. El primero era benigno. Tras una punci\u00f3n con aguja fina, descubrieron que lo que ten\u00eda en el cr\u00e1neo era un rabdomiosarcoma de partes blandas: un c\u00e1ncer del que solo hay registrados 25 casos en todo el mundo.<\/p>\n<p class=\"\">El rabdomiosarcoma de partes blandas se origina por la sobreexpresi\u00f3n de una prote\u00edna del gen ALK. En otras palabras: durante el proceso de expresi\u00f3n gen\u00e9tica \u2014mediante el cual la informaci\u00f3n contenida en los genes se pone en funcionamiento\u2014<b> <\/b>se genera, a causa de una mutaci\u00f3n, una sobreproducci\u00f3n de una prote\u00edna espec\u00edfica, que es la que forma el tumor. Identificar esa prote\u00edna es encontrar una aguja en un pajar. <\/p>\n<p class=\"\">La familia Guerrero tambi\u00e9n acudi\u00f3 a la Fundaci\u00f3n CRIS, dedicada a la financiaci\u00f3n de proyectos y unidades estrat\u00e9gicas dentro de hospitales p\u00fablicos. Fue con su apoyo que los m\u00e9dicos<a href=\"https:\/\/elpais.com\/politica\/2016\/02\/02\/actualidad\/1454413631_583267.html\" rel=\"nofollow noopener\" target=\"_blank\"> consiguieron desarrollar el trasplante haploid\u00e9ntico<\/a>, una intervenci\u00f3n en la que se utiliza un tejido con una compatibilidad del 50%, y no del 100%, como suele aconsejarse. El caso de Isabel sirvi\u00f3 para protocolizar este tratamiento, que ya ha salvado a muchos otros ni\u00f1os en estado de urgencia.<\/p>\n<p class=\"\">Su padre, patrono de CRIS Contra el C\u00e1ncer, ha recorrido kil\u00f3metros, instituciones y medios de comunicaci\u00f3n, alzando la voz para solicitar m\u00e1s recursos de investigaci\u00f3n. Cre\u00f3 el movimiento #isabelados con la intenci\u00f3n de recaudar fondos destinados a investigar el c\u00e1ncer pedi\u00e1trico y adolescente, la principal causa de muerte por enfermedad en menores de 14 a\u00f1os en Europa, con 6.000 fallecimientos al a\u00f1o. Deja una huella profunda tambi\u00e9n entre los supervivientes: m\u00e1s del 60% de los 400.000 que han superado la enfermedad sufren secuelas o complicaciones cr\u00f3nicas. <\/p>\n<p class=\"\">En Espa\u00f1a, cada a\u00f1o se diagnostican entre 1.500 y 1.600 casos y fallecen 200 ni\u00f1os y adolescentes por esta causa. Aunque la tasa de supervivencia supera el 80%, un 20% de los menores no responde a los tratamientos existentes o sufre reca\u00eddas, lo que pone en evidencia la necesidad urgente de desarrollar terapias m\u00e1s eficaces y menos agresivas. <\/p>\n<p class=\"\">\u201cPara lograrlo, es imprescindible que las instituciones y la sociedad en su conjunto asuman el reto del c\u00e1ncer infantil como una prioridad: impulsando la investigaci\u00f3n, creando centros de excelencia, fomentando la cooperaci\u00f3n internacional y garantizando recursos sostenidos para comprender mejor estas enfermedades y ofrecer a cada ni\u00f1o una oportunidad real de curaci\u00f3n y calidad de vida\u201d, expresa la Fundaci\u00f3n CRIS contra el c\u00e1ncer con sede en Espa\u00f1a, Reino Unido y Francia. Actualmente, financia proyectos en 87 centros de investigaci\u00f3n de todo el mundo.<\/p>\n","protected":false},"excerpt":{"rendered":"Isabel Guerrero, la ni\u00f1a que hizo visible la realidad del c\u00e1ncer infantil, ha fallecido a los 12 a\u00f1os&hellip;\n","protected":false},"author":2,"featured_media":50057,"comment_status":"","ping_status":"","sticky":false,"template":"","format":"standard","meta":{"footnotes":""},"categories":[8],"tags":[17,18,1066,22348,1293,25,24,13,14,11,6138,1812,19,20,3611,9,2932,10,15,16,724,22350,166,492,23,12,2214,22349,21,22],"class_list":{"0":"post-50056","1":"post","2":"type-post","3":"status-publish","4":"format-standard","5":"has-post-thumbnail","7":"category-espana","8":"tag-breaking-news","9":"tag-breakingnews","10":"tag-cancer","11":"tag-cancer-infantil","12":"tag-enfermedades","13":"tag-es","14":"tag-espana","15":"tag-featured-news","16":"tag-featurednews","17":"tag-headlines","18":"tag-hospitales","19":"tag-investigacion-medica","20":"tag-latest-news","21":"tag-latestnews","22":"tag-leucemia","23":"tag-news","24":"tag-ninos","25":"tag-noticias","26":"tag-noticias-destacadas","27":"tag-noticiasdestacadas","28":"tag-obituarios","29":"tag-quirofanos","30":"tag-salud","31":"tag-sociedad","32":"tag-spain","33":"tag-titulares","34":"tag-tratamiento-medico","35":"tag-tumor-cerebral","36":"tag-ultimas-noticias","37":"tag-ultimasnoticias"},"share_on_mastodon":{"url":"","error":""},"_links":{"self":[{"href":"https:\/\/www.europesays.com\/es\/wp-json\/wp\/v2\/posts\/50056","targetHints":{"allow":["GET"]}}],"collection":[{"href":"https:\/\/www.europesays.com\/es\/wp-json\/wp\/v2\/posts"}],"about":[{"href":"https:\/\/www.europesays.com\/es\/wp-json\/wp\/v2\/types\/post"}],"author":[{"embeddable":true,"href":"https:\/\/www.europesays.com\/es\/wp-json\/wp\/v2\/users\/2"}],"replies":[{"embeddable":true,"href":"https:\/\/www.europesays.com\/es\/wp-json\/wp\/v2\/comments?post=50056"}],"version-history":[{"count":0,"href":"https:\/\/www.europesays.com\/es\/wp-json\/wp\/v2\/posts\/50056\/revisions"}],"wp:featuredmedia":[{"embeddable":true,"href":"https:\/\/www.europesays.com\/es\/wp-json\/wp\/v2\/media\/50057"}],"wp:attachment":[{"href":"https:\/\/www.europesays.com\/es\/wp-json\/wp\/v2\/media?parent=50056"}],"wp:term":[{"taxonomy":"category","embeddable":true,"href":"https:\/\/www.europesays.com\/es\/wp-json\/wp\/v2\/categories?post=50056"},{"taxonomy":"post_tag","embeddable":true,"href":"https:\/\/www.europesays.com\/es\/wp-json\/wp\/v2\/tags?post=50056"}],"curies":[{"name":"wp","href":"https:\/\/api.w.org\/{rel}","templated":true}]}}