{"id":50078,"date":"2025-08-15T21:59:08","date_gmt":"2025-08-15T21:59:08","guid":{"rendered":"https:\/\/www.europesays.com\/es\/50078\/"},"modified":"2025-08-15T21:59:08","modified_gmt":"2025-08-15T21:59:08","slug":"una-casa-en-cantabria-con-techos-altisimos-toques-verdes-y-a-un-pasito-del-mar","status":"publish","type":"post","link":"https:\/\/www.europesays.com\/es\/50078\/","title":{"rendered":"una casa en Cantabria con techos alt\u00edsimos, toques verdes y a un pasito del mar"},"content":{"rendered":"<p>Los sue\u00f1os no tienen fronteras, pero, si las tuvieran, probablemente estar\u00edan en un lugar lleno de luz, en plena naturaleza y a un pasito del mar. Algo as\u00ed debieron so\u00f1ar los propietarios de <strong>esta casa en Cantabria <\/strong>cuando dieron con ella. Quiz\u00e1s, tambi\u00e9n hab\u00edan fantaseado con sus techos alt\u00edsimos, sus amplias estancias y con una base de tonos neutros a modo de lienzo en blanco donde comenzar una nueva ilusi\u00f3n.\u00a0<\/p>\n<p>&#13;<img decoding=\"async\" src=\"https:\/\/www.europesays.com\/es\/wp-content\/uploads\/2025\/08\/comedor-con-pared-oscura-y-arco-00451210_00000000_00451210_250808100427_600x600.webp.webp\" alt=\"comedor con pared oscura y arco 00451210\" class=\"image lazyload\"\/><\/p>\n<p class=\"epigraph\">Ideas top<\/p>\n<p><a href=\"https:\/\/www.elmueble.com\/decoracion\/raquel-gonzalez-interiorista-sobre-pintar-paredes-tu-casa-no-es-necesario-recurrir-siempre-blanco-gris-topo-verde-salvia-tonos-cremas-calidos-azules-profundos-aportan-elegancia_61017\" rel=\"nofollow noopener\" target=\"_blank\">Raquel Gonz\u00e1lez, interiorista, sobre pintar las paredes: \u00abNo es necesario recurrir siempre al blanco. El gris topo, el verde salvia, los tonos cremas c\u00e1lidos o los azules profundos aportan elegancia\u00bb<\/a><\/p>\n<p><a href=\"https:\/\/www.whatsapp.com\/channel\/0029Va7wm2O4SpkFFWDLHZ0L\" rel=\"nofollow noopener\" target=\"_blank\"><strong>\u00danete a nuestro canal de Whatsapp y descubre nuevas ideas muy El Mueble para tu casa.\u00a0<\/strong><\/a><\/p>\n<p>Una casa perfecta para una noche de verano<\/p>\n<p>\u201cEst\u00e1 en <strong>Caviedes<\/strong>, en un entorno privilegiado cerca de San Vicente de la Barquera, Comillas o las playas de Oyambre y Gerra\u201d, nos cuenta <strong>Mar\u00eda Nicol\u00e1s Moure, Directora General de Wishome<\/strong>, una colecci\u00f3n de villas y residencias para compra y alquiler vacacional.<\/p>\n<p>\u00bfQuieres descubrirla con nosotros? \u00a1Entramos!<\/p>\n<p>Si quieres estar al d\u00eda de todo lo que publicamos en\u00a0<a href=\"https:\/\/www.elmueble.com\/\" rel=\"nofollow noopener\" target=\"_blank\">www.elmueble.com<\/a>,\u00a0<a href=\"https:\/\/www.elmueble.com\/newsletters\" rel=\"nofollow noopener\" target=\"_blank\">suscr\u00edbete a nuestra newsletter.<\/a><\/p>\n","protected":false},"excerpt":{"rendered":"Los sue\u00f1os no tienen fronteras, pero, si las tuvieran, probablemente estar\u00edan en un lugar lleno de luz, en&hellip;\n","protected":false},"author":2,"featured_media":50079,"comment_status":"","ping_status":"","sticky":false,"template":"","format":"standard","meta":{"footnotes":""},"categories":[173],"tags":[229,233,231,230,232,234,146,147,25,24,23],"class_list":{"0":"post-50078","1":"post","2":"type-post","3":"status-publish","4":"format-standard","5":"has-post-thumbnail","7":"category-arte-y-diseno","8":"tag-arte","9":"tag-arte-y-diseno","10":"tag-arts","11":"tag-arts-and-design","12":"tag-design","13":"tag-diseno","14":"tag-entertainment","15":"tag-entretenimiento","16":"tag-es","17":"tag-espana","18":"tag-spain"},"share_on_mastodon":{"url":"","error":""},"_links":{"self":[{"href":"https:\/\/www.europesays.com\/es\/wp-json\/wp\/v2\/posts\/50078","targetHints":{"allow":["GET"]}}],"collection":[{"href":"https:\/\/www.europesays.com\/es\/wp-json\/wp\/v2\/posts"}],"about":[{"href":"https:\/\/www.europesays.com\/es\/wp-json\/wp\/v2\/types\/post"}],"author":[{"embeddable":true,"href":"https:\/\/www.europesays.com\/es\/wp-json\/wp\/v2\/users\/2"}],"replies":[{"embeddable":true,"href":"https:\/\/www.europesays.com\/es\/wp-json\/wp\/v2\/comments?post=50078"}],"version-history":[{"count":0,"href":"https:\/\/www.europesays.com\/es\/wp-json\/wp\/v2\/posts\/50078\/revisions"}],"wp:featuredmedia":[{"embeddable":true,"href":"https:\/\/www.europesays.com\/es\/wp-json\/wp\/v2\/media\/50079"}],"wp:attachment":[{"href":"https:\/\/www.europesays.com\/es\/wp-json\/wp\/v2\/media?parent=50078"}],"wp:term":[{"taxonomy":"category","embeddable":true,"href":"https:\/\/www.europesays.com\/es\/wp-json\/wp\/v2\/categories?post=50078"},{"taxonomy":"post_tag","embeddable":true,"href":"https:\/\/www.europesays.com\/es\/wp-json\/wp\/v2\/tags?post=50078"}],"curies":[{"name":"wp","href":"https:\/\/api.w.org\/{rel}","templated":true}]}}