{"id":50121,"date":"2025-08-15T22:24:10","date_gmt":"2025-08-15T22:24:10","guid":{"rendered":"https:\/\/www.europesays.com\/es\/50121\/"},"modified":"2025-08-15T22:24:10","modified_gmt":"2025-08-15T22:24:10","slug":"las-series-que-puedes-ver-este-finde-para-un-maraton-de-sofa-sin-manta","status":"publish","type":"post","link":"https:\/\/www.europesays.com\/es\/50121\/","title":{"rendered":"las series\u00a0que puedes ver este finde\u00a0para un marat\u00f3n de sof\u00e1 (sin manta)"},"content":{"rendered":"<p>\t\t\t \t\t \t\t\t\t\t\t\tLa actriz Sydney Chandler, protagonista de \u00abAlien: Planeta Tierra\u00bb <strong class=\"pd-l\"\/><\/p>\n<p>\t\t\t\t\t\tCiencia ficci\u00f3n, \u00abthrillers\u00bb, dramas carcelarios y regresos muy esperados llenan la agenda\u00a0de la segunda\u00a0quincena de agosto<br \/>\n\t\t\t\t\t\t\t\t\t\t\t\t<strong>15 ago 2025<\/strong> . Actualizado a las 18:32 h.\t\t\t\t\t\t<\/p>\n<p class=\"first-paragraph txt\">Si las fiestas y las orquestas no son lo tuyo, tal vez te apetezca un plan de sof\u00e1 (sin manta, por supuesto) para disfrutar de este caluroso finde con puente incluido. Y es que la segunda quincena de agosto arranca con fuerza en las principales plataformas de streaming en Espa\u00f1a. Hay propuestas para todos los gustos: ciencia ficci\u00f3n de alto presupuesto, thrillers intensos, dramas pol\u00edticos e historias carcelarias. Toma nota.<\/p>\n<p>\t\t\t\t           \t\t\t\t\t\t\t\t\t\t\t\t\t\t\t\t\t\t\t\t\t\u00abJ\u00f3venes y millonarios\u00bb<\/p>\n<p class=\"txt\"><strong>Netflix<\/strong>. La nueva serie francesa creada por Igor, Olivia y Tania Gotesman, narra con humor negro y toques de drama las desventuras de cuatro amigos de 17 a\u00f1os en Marsella que, tras ganar 17 millones de euros en la loter\u00eda, descubren que la ley les impide cobrar el premio. Obligados a confiar en Victoire, una compa\u00f1era que ya cumpli\u00f3 la mayor\u00eda de edad, se ven envueltos en una cadena de enredos burocr\u00e1ticos, tensiones familiares y dilemas personales que convierten la fortuna inesperada en una experiencia tan complicada como reveladora sobre la amistad y el paso a la vida adulta.<\/p>\n<p>\t\t\t\t\t\t \t\t\t\t\t\t\t\t\t\t\t\t\t\t\t\t\t\t\t\t\t\t\t\u00abAlien: Planeta Tierra\u00bb<\/p>\n<p class=\"txt\">\u00a0<\/p>\n<p class=\"txt\"><strong>Disney+<\/strong>. Esta precuela del cl\u00e1sico Alien, el octavo pasajero, traslada la acci\u00f3n a un futuro en el que las corporaciones se disputan el control de nuevos mundos habitables mientras una letal forma de vida extraterrestre amenaza con acabar con todo. Con un tono oscuro y una ambientaci\u00f3n que mezcla ciencia ficci\u00f3n, horror y conspiraciones, la serie escrita y dirigida por Noah Hawley, creador y guionista de Fargo, promete expandir el universo de Alien con personajes nuevos y tramas que conectan con las pel\u00edculas originales. Los dos primeros episodios ya est\u00e1n disponibles.<\/p>\n<p>\t\t\t\t           \t\t\t\t\t\t\t\t\t\t\t\t\t\t\t\t\t\t\t\t\t\u00abEn el barro\u00bb<\/p>\n<p class=\"txt\"><strong>Netflix.<\/strong> Spin-off del \u00e9xito argentino El Marginal, la historia se centra en una prisi\u00f3n de mujeres donde la lucha por la supervivencia es diaria. La llegada de una nueva reclusa desata alianzas y conflictos en una realidad marcada por la violencia, la corrupci\u00f3n y la esperanza de libertad. Con actuaciones potentes y una atm\u00f3sfera opresiva, es un drama intenso que no escatima en realismo.\u00a0<\/p>\n<p>\t\t\t\t\t\t \t\t\t\t\t\t\t\t\t\t\t\t\t\t\t\t\t\t\t\t\t\t\t\u00abBetty la fea: La historia contin\u00faa\u00bb<\/p>\n<p class=\"txt\"><strong>Amazon Prime<\/strong>. La segunda parte de la popular serie colombiana que triunf\u00f3 en todo el mundo a finales de los noventa, lleg\u00f3 a las plataformas el pasado mes de julio. La secuela retoma la historia dos a\u00f1os despu\u00e9s del final, con una Betty m\u00e1s madura que se enfrenta a nuevos retos profesionales y personales. Viejos amores, intrigas laborales y conflictos familiares se entrelazan en una trama que combina nostalgia con giros in\u00e9ditos para los fans. Un reencuentro muy esperado que mezcla romance y comedia con el sello inconfundible del personaje. Y, por supuesto, si nunca viste la serie tienes tambi\u00e9n disponible todos los cap\u00edtulos de la telenovela original.\u00a0<\/p>\n<p>\t\t\t\t           \t\t\t\t\t\t\t\t\t\t\t\t\t\t\t\t\t\t\t\t\t\u00abMiss Governor\u00bb<\/p>\n<p class=\"txt\">\u00a0<\/p>\n<p class=\"txt\"><strong>Netflix.<\/strong> Regresa la comedia pol\u00edtica con la segunda parte de la historia de la primera vicepresidenta negra de Misisipi, que intenta mantener su autoridad en un panorama pol\u00edtico hostil y una vida personal ca\u00f3tica. Con di\u00e1logos afilados, humor irreverente y situaciones tan absurdas como veros\u00edmiles, la serie satiriza las tensiones raciales y de g\u00e9nero en el poder, ofreciendo entretenimiento con trasfondo social.\u00a0<\/p>\n<p>\t\t\t\t\t\t \t\t\t\t\t\t\t\t\t\t\t\t\t\t\t\t\t\t\t\t\t\t\t\u00abQuebranto\u00bb<\/p>\n<p class=\"txt\"><strong>Disney+.<\/strong> Este thriller psicol\u00f3gico de producci\u00f3n mexicana est\u00e1 protagonizado por una mujer cuya vida da un giro cuando un suceso del pasado resurge y amenaza con destruir su presente. Quebranto propone una trama que atrapa desde el primer episodio, con un ritmo calculado y una est\u00e9tica cuidada. Una apuesta s\u00f3lida para quienes buscan suspenso con fondo emocional. Y, por si fuera poco, est\u00e1 protagonizada por Tini Stoessel y Mart\u00edn Barba.\u00a0<\/p>\n<p>\t\t\t\t           \t\t\t\t\t\t\t\t\t\t\t\t\t\t\t\t\t\t\t\t\t\u00abSeducci\u00f3n fatal\u00bb<\/p>\n<p class=\"txt\"><strong>Netflix.<\/strong> El thriller sudafricano retoma la obsesiva historia de amor e Nandi y Jacob, salpicada por un asesinato que\u00a0puso su vida patas arriba. La segunda temporada de la serie se estrena este viernes y sube la apuesta con nuevos sospechosos, mentiras m\u00e1s elaboradas y un juego de seducci\u00f3n y traici\u00f3n que mantiene al espectador en vilo hasta el final.\u00a0<\/p>\n<p>\t\t\t\t\t\t \t\t\t\t\t\t\t\t\t\t\t\t\t\t\t\t\t\t\t\t\t\t\t\u00abSin l\u00edmites, con Chris Hemsworth\u00bb<\/p>\n<p class=\"txt\">\u00a0<\/p>\n<p class=\"txt\"><strong>Disney+.<\/strong> Ya est\u00e1 disponible la segunda parte de la docuserie protagonizada por el actor australiano y que combina aventuras extremas, viajes y reflexiones sobre la salud y la longevidad. En esta temporada titulada Una vida mejor, Hemsworth, aka\u00a0\u00abel marido de la Pataki\u00bb, explora desde t\u00e9cnicas de supervivencia en entornos salvajes hasta rutinas de bienestar inspiradas en culturas ancestrales, siempre con un toque cercano y entretenido que lo ha convertido en uno de los programas de no ficci\u00f3n m\u00e1s populares de la plataforma.<\/p>\n<p>&#13;<br \/>\n\tArchivado en:&#13;<br \/>\n\t\t\t\t\t<a href=\"https:\/\/www.lavozdegalicia.es\/temas\/netflix\/\" target=\"_blank\" class=\"mg-l\" rel=\"nofollow noopener\">Netflix<\/a>&#13;<br \/>\n\t\t\t\t\t<a href=\"https:\/\/www.lavozdegalicia.es\/temas\/amazon-prime\/\" target=\"_blank\" class=\"mg-l\" rel=\"nofollow noopener\">Amazon Prime<\/a>&#13;<br \/>\n\t&#13;<\/p>\n","protected":false},"excerpt":{"rendered":"La actriz Sydney Chandler, protagonista de \u00abAlien: Planeta Tierra\u00bb Ciencia ficci\u00f3n, \u00abthrillers\u00bb, dramas carcelarios y regresos muy esperados&hellip;\n","protected":false},"author":2,"featured_media":50122,"comment_status":"","ping_status":"","sticky":false,"template":"","format":"standard","meta":{"footnotes":""},"categories":[171],"tags":[22375,146,147,25,24,152,23,214],"class_list":{"0":"post-50121","1":"post","2":"type-post","3":"status-publish","4":"format-standard","5":"has-post-thumbnail","7":"category-tv","8":"tag-amazon-prime","9":"tag-entertainment","10":"tag-entretenimiento","11":"tag-es","12":"tag-espana","13":"tag-netflix","14":"tag-spain","15":"tag-tv"},"share_on_mastodon":{"url":"","error":""},"_links":{"self":[{"href":"https:\/\/www.europesays.com\/es\/wp-json\/wp\/v2\/posts\/50121","targetHints":{"allow":["GET"]}}],"collection":[{"href":"https:\/\/www.europesays.com\/es\/wp-json\/wp\/v2\/posts"}],"about":[{"href":"https:\/\/www.europesays.com\/es\/wp-json\/wp\/v2\/types\/post"}],"author":[{"embeddable":true,"href":"https:\/\/www.europesays.com\/es\/wp-json\/wp\/v2\/users\/2"}],"replies":[{"embeddable":true,"href":"https:\/\/www.europesays.com\/es\/wp-json\/wp\/v2\/comments?post=50121"}],"version-history":[{"count":0,"href":"https:\/\/www.europesays.com\/es\/wp-json\/wp\/v2\/posts\/50121\/revisions"}],"wp:featuredmedia":[{"embeddable":true,"href":"https:\/\/www.europesays.com\/es\/wp-json\/wp\/v2\/media\/50122"}],"wp:attachment":[{"href":"https:\/\/www.europesays.com\/es\/wp-json\/wp\/v2\/media?parent=50121"}],"wp:term":[{"taxonomy":"category","embeddable":true,"href":"https:\/\/www.europesays.com\/es\/wp-json\/wp\/v2\/categories?post=50121"},{"taxonomy":"post_tag","embeddable":true,"href":"https:\/\/www.europesays.com\/es\/wp-json\/wp\/v2\/tags?post=50121"}],"curies":[{"name":"wp","href":"https:\/\/api.w.org\/{rel}","templated":true}]}}