{"id":501223,"date":"2026-04-16T16:26:17","date_gmt":"2026-04-16T16:26:17","guid":{"rendered":"https:\/\/www.europesays.com\/es\/501223\/"},"modified":"2026-04-16T16:26:17","modified_gmt":"2026-04-16T16:26:17","slug":"gabi-y-prieto-escoltan-hasta-san-telmo-la-copa-que-superara-450-millones-de-espectadores","status":"publish","type":"post","link":"https:\/\/www.europesays.com\/es\/501223\/","title":{"rendered":"Gabi y Prieto escoltan hasta San Telmo la Copa, que superar\u00e1 450 millones de espectadores"},"content":{"rendered":"<p class=\"mb-4 text-lg md:leading-8 break-words\">Sevilla, 14 abr (EFE).- Gabi Fern\u00e1ndez y Xabi Prieto, hist\u00f3ricos capitanes del Atl\u00e9tico de Madrid y de la Real Sociedad, escoltaron este jueves hasta el Palacio de San Telmo, sede de la Presidencia de la Junta de Andaluc\u00eda, el trofeo de la Copa del Rey, cuya final disputar\u00e1n ambos equipos el s\u00e1bado en Sevilla y que ver\u00e1n m\u00e1s de 450 millones de telespectadores.<\/p>\n<p class=\"mb-4 text-lg md:leading-8 break-words\">Los excentrocampistas, embajadores de sus respectivos clubes para esta s\u00e9ptima final consecutiva del torneo en La Cartuja, llegaron con la Copa a este emblem\u00e1tico palacio del centro de Sevilla en una calesa del siglo XIX tirada por cuatro caballos para su recepci\u00f3n oficial en un acto en el que participaron los presidentes de la Junta, Juanma Moreno, y de la Real Federaci\u00f3n Espa\u00f1ola de F\u00fatbol (RFEF), Rafael Louz\u00e1n, y el alcalde hispalense, Jos\u00e9 Luis Sanz.<\/p>\n<p class=\"mb-4 text-lg md:leading-8 break-words\">Moreno afirm\u00f3 que \u00abAndaluc\u00eda y Sevilla est\u00e1n muy orgullosas de ser, un a\u00f1o m\u00e1s, anfitrionas de este esperad\u00edsimo evento deportivo\u00bb como es la Copa del Rey Mapfre y destac\u00f3 que con \u00e9sta \u00abser\u00e1n ya nueve las finales\u00bb que acoge el Estadio La Cartuja y siete de ellas consecutivas, con una \u00abrepercusi\u00f3n directa\u00bb global de \u00ab260 millones de euros\u00bb en las seis \u00faltimas ediciones.<\/p>\n<p class=\"mb-4 text-lg md:leading-8 break-words\">\u00abEsta competici\u00f3n lleva a gala el nombre del Rey y, por ello, es un orgullo y un hito para Espa\u00f1a, que sigue viviendo una etapa dorada en el \u00e1mbito deportivo y el futbol\u00edstico. El Estadio de La Cartuja seguir\u00e1 siendo la sede de la final, por el acuerdo suscrito con la Federaci\u00f3n, hasta 2028\u00bb, subray\u00f3 el presidente de la Junta, que agradeci\u00f3 a la RFEF su \u00abapuesta decidida\u00bb por esta comunidad y por su capital.<\/p>\n<p class=\"mb-4 text-lg md:leading-8 break-words\">Resalt\u00f3 la \u00abindudable proyecci\u00f3n nacional e internacional de la marca Andaluc\u00eda y de Sevilla\u00bb que supone acoger una edici\u00f3n m\u00e1s la final de la Copa, as\u00ed como \u00abla colaboraci\u00f3n tan estrecha y la complicidad\u00bb que tienen con la Federaci\u00f3n Espa\u00f1ola, lo que tambi\u00e9n se ha traducido en la \u00abampliaci\u00f3n del aforo\u00bb del estadio hasta los 70.000 asientos.<\/p>\n<p class=\"mb-4 text-lg md:leading-8 break-words\">El mandatario andaluz asegur\u00f3 que en La Cartuja seguir\u00e1n acometiendo mejoras futuras antes Mundial 2030, dijo que estos eventos demuestran que \u00abel deporte se ha consolidado en Andaluc\u00eda como un motor econ\u00f3mico y tur\u00edstico\u00bb, y dese\u00f3 que \u00abtodos disfruten\u00bb de una \u00abnoche m\u00e1gica e hist\u00f3rica\u00bb en una final entre \u00abdos clubes hist\u00f3ricos, de gran tradici\u00f3n copera y con hambre de t\u00edtulos\u00bb.<\/p>\n<p class=\"mb-4 text-lg md:leading-8 break-words\">\u00abDeseamos que desde Andaluc\u00eda volvamos a ser, una vez m\u00e1s, ejemplo para Espa\u00f1a. Con respeto, sin insultos, con buen ambiente y sin peleas. Con juego limpio. Que la lucha sea entre adversarios que, al final, se dan la mano, y no entre enemigos. Que imperen la honestidad, el esfuerzo y el respeto, valores que tanto amamos en esta tierra\u00bb, recalc\u00f3.<\/p>\n<p class=\"mb-4 text-lg md:leading-8 break-words\">El presidente de la RFEF agradeci\u00f3 \u00abel esfuerzo y el trabajo\u00bb de la Junta y del Ayuntamiento para \u00abrecibir a la gran fiesta del f\u00fatbol espa\u00f1ol\u00bb, as\u00ed como de otras instituciones y de todos los trabajadores que han permitido que \u00abtodo est\u00e9 en perfecto estado de revista\u00bb para una cita que, seg\u00fan precis\u00f3, contar\u00e1 con \u00abm\u00e1s de 450 millones de espectadores en todo el mundo\u00bb.<\/p>\n<p class=\"mb-4 text-lg md:leading-8 break-words\">Louz\u00e1n record\u00f3 que este mes se cumplen 123 a\u00f1os de la creaci\u00f3n de este torneo y que este a\u00f1o ser\u00e1 la und\u00e9cima final en Sevilla desde la primera que acogi\u00f3 en 1925, en el antiguo Campo de la Reina Victoria, y volver\u00e1 a serlo hasta 2028 por el acuerdo suscrito con la Junta de Andaluc\u00eda. A\u00f1adi\u00f3 que tambi\u00e9n es el 50 aniversario desde la recuperaci\u00f3n de su original denominaci\u00f3n, Campeonato de Espa\u00f1a-Copa de SM el Rey, y que para la ocasi\u00f3n se estrenar\u00e1 el nuevo bal\u00f3n \u00abHorizonte\u00bb.<\/p>\n<p class=\"mb-4 text-lg md:leading-8 break-words\">Dese\u00f3 que este a\u00f1o se repita la \u00abfinal exitosa y espectacular\u00bb que protagonizaron en 2025 Real Madrid y Barcelona, y consider\u00f3 \u00abacertada\u00bb la decisi\u00f3n de adelantar una semana la fecha inicialmente prevista para no coincidir con la Feria de Abril y el GP de Espa\u00f1a en Jerez, ante lo que agradeci\u00f3 la \u00abcolaboraci\u00f3n\u00bb prestada por LaLiga y los clubes participantes.<\/p>\n<p class=\"mb-4 text-lg md:leading-8 break-words\">Tras el acto institucional, los responsables p\u00fablicos inauguraron en la Sala de usos M\u00faltiples de San Telmo la exposici\u00f3n &#8216;El f\u00fatbol como arte&#8217;, que, adem\u00e1s del trofeo de la Copa, mostrar\u00e1 hasta las 14.00 horas del d\u00eda de la final pinturas, fotograf\u00edas y distintos recuerdos de ediciones anteriores del torneo. EFE.<\/p>\n<p class=\"mb-4 text-lg md:leading-8 break-words\">(Foto) (V\u00eddeo)<\/p>\n<p class=\"mb-4 text-lg md:leading-8 break-words\">(c) Agencia EFE<\/p>\n","protected":false},"excerpt":{"rendered":"Sevilla, 14 abr (EFE).- Gabi Fern\u00e1ndez y Xabi Prieto, hist\u00f3ricos capitanes del Atl\u00e9tico de Madrid y de la&hellip;\n","protected":false},"author":2,"featured_media":501224,"comment_status":"","ping_status":"","sticky":false,"template":"","format":"standard","meta":{"footnotes":""},"categories":[93],"tags":[3409,168,25,24,4931,76095,100547,1171,23,167,63934],"class_list":["post-501223","post","type-post","status-publish","format-standard","has-post-thumbnail","category-deportes","tag-atletico-de-madrid","tag-deportes","tag-es","tag-espana","tag-junta-de-andalucia","tag-la-cartuja","tag-palacio-de-san-telmo","tag-sevilla","tag-spain","tag-sports","tag-xabi-prieto"],"share_on_mastodon":{"url":"https:\/\/pubeurope.com\/@es\/116415324973993211","error":""},"_links":{"self":[{"href":"https:\/\/www.europesays.com\/es\/wp-json\/wp\/v2\/posts\/501223","targetHints":{"allow":["GET"]}}],"collection":[{"href":"https:\/\/www.europesays.com\/es\/wp-json\/wp\/v2\/posts"}],"about":[{"href":"https:\/\/www.europesays.com\/es\/wp-json\/wp\/v2\/types\/post"}],"author":[{"embeddable":true,"href":"https:\/\/www.europesays.com\/es\/wp-json\/wp\/v2\/users\/2"}],"replies":[{"embeddable":true,"href":"https:\/\/www.europesays.com\/es\/wp-json\/wp\/v2\/comments?post=501223"}],"version-history":[{"count":0,"href":"https:\/\/www.europesays.com\/es\/wp-json\/wp\/v2\/posts\/501223\/revisions"}],"wp:featuredmedia":[{"embeddable":true,"href":"https:\/\/www.europesays.com\/es\/wp-json\/wp\/v2\/media\/501224"}],"wp:attachment":[{"href":"https:\/\/www.europesays.com\/es\/wp-json\/wp\/v2\/media?parent=501223"}],"wp:term":[{"taxonomy":"category","embeddable":true,"href":"https:\/\/www.europesays.com\/es\/wp-json\/wp\/v2\/categories?post=501223"},{"taxonomy":"post_tag","embeddable":true,"href":"https:\/\/www.europesays.com\/es\/wp-json\/wp\/v2\/tags?post=501223"}],"curies":[{"name":"wp","href":"https:\/\/api.w.org\/{rel}","templated":true}]}}