{"id":501325,"date":"2026-04-16T17:41:20","date_gmt":"2026-04-16T17:41:20","guid":{"rendered":"https:\/\/www.europesays.com\/es\/501325\/"},"modified":"2026-04-16T17:41:20","modified_gmt":"2026-04-16T17:41:20","slug":"zarrias-declara-que-contrato-a-leire-diez-porque-dijo-que-estaba-investigando-la-relacion-de-villarejo-con-el-caso-ere","status":"publish","type":"post","link":"https:\/\/www.europesays.com\/es\/501325\/","title":{"rendered":"Zarr\u00edas declara que contrat\u00f3 a Leire D\u00edez porque dijo que estaba investigando la relaci\u00f3n de Villarejo con el caso ERE"},"content":{"rendered":"<p style=\"\">El exvicepresidente de la Junta de Andaluc\u00eda Gaspar Zarr\u00edas ha reconocido al juez que investiga a la fontanera del PSOE que contrat\u00f3 a <a href=\"https:\/\/www.abc.es\/noticias\/leire-diez-castro\/\" title=\"www.abc.es\" data-voc-vtm-id=\"in-text-traffic\" data-mrf-link=\"www.abc.es\" rel=\"nofollow noopener\" target=\"_blank\">Leire D\u00edez<\/a> porque \u00e9sta le dijo que estaba realizando un trabajo period\u00edstico sobre el caso de los ERE -por el que  &#8230; Zarr\u00edas fue condenado y posteriormente absuelto- cuya intenci\u00f3n era demostrar la participaci\u00f3n del comisario Jos\u00e9 Manuel Villarejo en el origen del procedimiento.<\/p>\n<p class=\"v-d-p\" style=\"\">As\u00ed lo ha explicado el exdirigente socialista a su salida de los Juzgados madrile\u00f1os de Plaza de Castilla, a los que ha acudido a declarar como testigo ante el magistrado que investiga a D\u00edez como la presunta cabecilla de una trama que buscaba informaci\u00f3n para maniobrar contra la UCO de la Guardia Civil y contra la Fiscal\u00eda Anticorrupci\u00f3n.<\/p>\n<p class=\"v-d-p\" style=\"\">Zarr\u00edas, \u00absatisfecho\u00bb de haber podido relatar su relaci\u00f3n con la exmilitante socialista, ha asegurado que conoci\u00f3 a Leire D\u00edez en 2021, un encuentro al que acudi\u00f3 con el empresario Javier P\u00e9rez Dolset, tambi\u00e9n investigado por estos hechos. \u00abMe dijeron que estaban haciendo un trabajo de investigaci\u00f3n y necesitaban que yo les fuera suministrando informaci\u00f3n (sobre el caso ERE). Yo les di la sentencia y los recursos\u00bb, ha asegurado.<\/p>\n<ul class=\"v-cmp-rld__u\">\n<li class=\"v-cmp-rld__l\">\n<p><a class=\"v-a-lnk\" href=\"http:\/\/www.abc.es\/espana\/gaspar-zarrias-quiere-evitar-declaracion-testigo-leire-20260416202933-nt.html#vtm_modulosEngag=noticiasrelacionadas-cmp-uno:espana:noticia:1\" title=\"Gaspar Zarr\u00edas quiere evitar que su declaraci\u00f3n como testigo en Leire acabe en imputaci\u00f3n\" data-voc-vtm-id=\"in-text-traffic\" rel=\"nofollow noopener\" target=\"_blank\"><br \/>\n<img decoding=\"async\" loading=\"lazy\" src=\"https:\/\/www.europesays.com\/es\/wp-content\/uploads\/2026\/04\/1420426501-U56028236353VVC-366x256@diario_abc.jpg\" class=\"v-a-img\" width=\"258\" height=\"180\" alt=\"Gaspar Zarr\u00edas quiere evitar que su declaraci\u00f3n como testigo en Leire acabe en imputaci\u00f3n\"\/><br \/>\n<\/a><\/p>\n<\/li>\n<\/ul>\n<p class=\"v-d-p\" style=\"\">El que fuera hombre fuerte del PSOE en Andaluc\u00eda lleg\u00f3 a mantener \u00abun par\u00bb de reuniones en las cuales aport\u00f3 a D\u00edez mas documentaci\u00f3n sobre la causa. \u00abYo se lo iba explicando, porque ella no era una experta en derecho\u00bb, ha se\u00f1alado. Fue en septiembre de 2024 cuando la fontanera le entreg\u00f3 un trabajo en el que \u00abdesgraciadamente hab\u00eda mucha documentaci\u00f3n y nada que probara que Villarejo participara\u00bb en la g\u00e9nesis del caso ERE. <\/p>\n<p>\nEl PSOE no tiene \u00abnada que ver\u00bb\n<\/p>\n<p class=\"v-d-p\" style=\"\">Zarr\u00edas, cuya declaraci\u00f3n se ha extendido cerca de dos horas, ha sostenido que en esta causa \u00abno ha tenido nada que ver el PSOE\u00bb. Tambi\u00e9n ha negado que, en alguno de esos encuentros, D\u00edez le hablase del que fuera secretario de Organizaci\u00f3n socialista Santos Cerd\u00e1n. <\/p>\n<p class=\"v-d-p\" style=\"\">El exvicepresidente andaluz contrat\u00f3 a Leire D\u00edez a trav\u00e9s de Za\u00f1o Sociedad Consultora, la sociedad que \u00e9l mismo fund\u00f3 y que disolvi\u00f3 el pasado 1 de abril de forma voluntaria. Las acusaciones pidieron su declaraci\u00f3n asegurando que tuvo en plantilla a la exmilitante socialista entre junio y octubre de 2024.<\/p>\n","protected":false},"excerpt":{"rendered":"El exvicepresidente de la Junta de Andaluc\u00eda Gaspar Zarr\u00edas ha reconocido al juez que investiga a la fontanera&hellip;\n","protected":false},"author":2,"featured_media":501326,"comment_status":"","ping_status":"","sticky":false,"template":"","format":"standard","meta":{"footnotes":""},"categories":[8],"tags":[17,18,106,2797,1630,6143,17205,25,24,13,14,11,68563,19,20,25809,9,10,15,16,5977,23,12,21,22,26327,100556],"class_list":["post-501325","post","type-post","status-publish","format-standard","has-post-thumbnail","category-espana","tag-breaking-news","tag-breakingnews","tag-contrato","tag-declara","tag-diez","tag-dijo","tag-ere","tag-es","tag-espana","tag-featured-news","tag-featurednews","tag-headlines","tag-investigando","tag-latest-news","tag-latestnews","tag-leire","tag-news","tag-noticias","tag-noticias-destacadas","tag-noticiasdestacadas","tag-relacion","tag-spain","tag-titulares","tag-ultimas-noticias","tag-ultimasnoticias","tag-villarejo","tag-zarrias"],"share_on_mastodon":{"url":"https:\/\/pubeurope.com\/@es\/116415620343839506","error":""},"_links":{"self":[{"href":"https:\/\/www.europesays.com\/es\/wp-json\/wp\/v2\/posts\/501325","targetHints":{"allow":["GET"]}}],"collection":[{"href":"https:\/\/www.europesays.com\/es\/wp-json\/wp\/v2\/posts"}],"about":[{"href":"https:\/\/www.europesays.com\/es\/wp-json\/wp\/v2\/types\/post"}],"author":[{"embeddable":true,"href":"https:\/\/www.europesays.com\/es\/wp-json\/wp\/v2\/users\/2"}],"replies":[{"embeddable":true,"href":"https:\/\/www.europesays.com\/es\/wp-json\/wp\/v2\/comments?post=501325"}],"version-history":[{"count":0,"href":"https:\/\/www.europesays.com\/es\/wp-json\/wp\/v2\/posts\/501325\/revisions"}],"wp:featuredmedia":[{"embeddable":true,"href":"https:\/\/www.europesays.com\/es\/wp-json\/wp\/v2\/media\/501326"}],"wp:attachment":[{"href":"https:\/\/www.europesays.com\/es\/wp-json\/wp\/v2\/media?parent=501325"}],"wp:term":[{"taxonomy":"category","embeddable":true,"href":"https:\/\/www.europesays.com\/es\/wp-json\/wp\/v2\/categories?post=501325"},{"taxonomy":"post_tag","embeddable":true,"href":"https:\/\/www.europesays.com\/es\/wp-json\/wp\/v2\/tags?post=501325"}],"curies":[{"name":"wp","href":"https:\/\/api.w.org\/{rel}","templated":true}]}}