{"id":501519,"date":"2026-04-16T20:04:29","date_gmt":"2026-04-16T20:04:29","guid":{"rendered":"https:\/\/www.europesays.com\/es\/501519\/"},"modified":"2026-04-16T20:04:29","modified_gmt":"2026-04-16T20:04:29","slug":"ex-vicegobernador-de-virginia-justin-fairfax-mato-a-su-esposa-y-luego-se-suicido-segun-la-policia","status":"publish","type":"post","link":"https:\/\/www.europesays.com\/es\/501519\/","title":{"rendered":"Ex vicegobernador de Virginia Justin Fairfax mat\u00f3 a su esposa y luego se suicid\u00f3, seg\u00fan la polic\u00eda"},"content":{"rendered":"<p>      CNN\u00a0\u2014\u00a0\n    <\/p>\n<p class=\"paragraph inline-placeholder vossi-paragraph\" data-uri=\"es.cms.cnn.com\/_components\/paragraph\/instances\/cmo1jsv7j001s26qn44gi4r37@published\" data-editable=\"text\" data-component-name=\"paragraph\" data-article-gutter=\"true\">\n            El ex vicegobernador de Virginia Justin Fairfax, cuyo mandato estuvo marcado por denuncias de agresi\u00f3n sexual, mat\u00f3 a tiros a su esposa, Cerina Fairfax, dentro de su casa y luego se suicid\u00f3, inform\u00f3 la polic\u00eda.\n    <\/p>\n<p class=\"paragraph inline-placeholder vossi-paragraph\" data-uri=\"es.cms.cnn.com\/_components\/paragraph\/instances\/cmo1ju4ju0003356qyl8nn9m2@published\" data-editable=\"text\" data-component-name=\"paragraph\" data-article-gutter=\"true\">\n            Los dos hijos adolescentes de la pareja estaban dentro de la vivienda cuando ocurrieron los disparos, dijo Kevin Davis, jefe de la polic\u00eda del condado de Fairfax. Seg\u00fan explic\u00f3, uno de los hijos fue quien llam\u00f3 al 911.\n    <\/p>\n<p class=\"paragraph inline-placeholder vossi-paragraph\" data-uri=\"es.cms.cnn.com\/_components\/paragraph\/instances\/cmo1ju4ju0004356qvpzczuwp@published\" data-editable=\"text\" data-component-name=\"paragraph\" data-article-gutter=\"true\">\n            La polic\u00eda del condado de Fairfax acudi\u00f3 a la casa de la pareja en Annandale, Virginia, en la madrugada de este jueves. All\u00ed encontr\u00f3 muertos a un hombre y una mujer, informaron antes las autoridades. El mismo arma de fuego parece haber sido usada en ambos disparos, dijo Davis.\n    <\/p>\n<p class=\"paragraph inline-placeholder vossi-paragraph\" data-uri=\"es.cms.cnn.com\/_components\/paragraph\/instances\/cmo1qjkpl0002356qbkswrx6p@published\" data-editable=\"text\" data-component-name=\"paragraph\" data-article-gutter=\"true\">\n            El tiroteo se origin\u00f3 en medio de una disputa dom\u00e9stica en curso relacionada con \u201clo que parece ser un divorcio complicado o conflictivo\u201d, dijo Davis.\n    <\/p>\n<p class=\"paragraph inline-placeholder vossi-paragraph\" data-uri=\"es.cms.cnn.com\/_components\/paragraph\/instances\/cmo1qjmdm0004356qqgjwpfta@published\" data-editable=\"text\" data-component-name=\"paragraph\" data-article-gutter=\"true\">\n            Cerina Fairfax present\u00f3 la demanda de divorcio el 18 de julio de 2025 y el caso sigue pendiente, seg\u00fan registros del Tribunal de Circuito del condado de Fairfax. Una orden emitida el 10 de abril instru\u00eda a Justin Fairfax a comparecer ante el tribunal el 21 de abril, muestran los registros.\n    <\/p>\n<p class=\"paragraph inline-placeholder vossi-paragraph\" data-uri=\"es.cms.cnn.com\/_components\/paragraph\/instances\/cmo1qjmdm0005356qt0by9gcl@published\" data-editable=\"text\" data-component-name=\"paragraph\" data-article-gutter=\"true\">\n            Los detectives revisaron el caso con ayuda de \u201cmuchas c\u00e1maras\u201d instaladas dentro de la vivienda como parte del proceso de divorcio, dijo Davis. Tambi\u00e9n se\u00f1al\u00f3 que una llamada que hizo Justin Fairfax a la polic\u00eda en enero, en la que denunciaba una supuesta agresi\u00f3n por parte de su esposa, no pudo ser corroborada.\n    <\/p>\n<p class=\"paragraph inline-placeholder vossi-paragraph\" data-uri=\"es.cms.cnn.com\/_components\/paragraph\/instances\/cmo1ju4ju0005356q52vymvx4@published\" data-editable=\"text\" data-component-name=\"paragraph\" data-article-gutter=\"true\">\n            Al parecer, Fairfax le dispar\u00f3 varias veces a su esposa en el s\u00f3tano de la casa antes de subir corriendo al dormitorio principal, donde se dispar\u00f3 y muri\u00f3, dijo Davis. La pareja hab\u00eda estado viviendo junta en habitaciones separadas mientras atravesaba la separaci\u00f3n, agreg\u00f3.\n    <\/p>\n<p class=\"paragraph inline-placeholder vossi-paragraph\" data-uri=\"es.cms.cnn.com\/_components\/paragraph\/instances\/cmo1qkang000d356qsm6gfscb@published\" data-editable=\"text\" data-component-name=\"paragraph\" data-article-gutter=\"true\">\n            El mismo arma de fuego parece haber sido usada en ambos disparos, dijo Davis.\n    <\/p>\n<p class=\"paragraph inline-placeholder vossi-paragraph\" data-uri=\"es.cms.cnn.com\/_components\/paragraph\/instances\/cmo1qkang000e356qpkw8uu28@published\" data-editable=\"text\" data-component-name=\"paragraph\" data-article-gutter=\"true\">\n            Un audio de las comunicaciones de emergencia grabado por Broadcastify capta los momentos posteriores al incidente, cuando el hijo de la pareja llam\u00f3 al 911.\n    <\/p>\n<p>       <img decoding=\"async\" src=\"https:\/\/www.europesays.com\/es\/wp-content\/uploads\/2026\/04\/policia-casa-fairfax.jpg\" alt=\"Un agente coloca cinta policial en un hidrante frente a la casa del ex vicegobernador de Virginia Justin Fairfax en Annandale, Virginia, el 16 de abril de 2026.\" class=\"image__dam-img image__dam-img--loading\" onload=\"this.classList.remove('image__dam-img--loading')\" onerror=\"imageLoadError(this)\" height=\"707\" width=\"1051\" loading=\"lazy\"\/><\/p>\n<p class=\"paragraph inline-placeholder vossi-paragraph\" data-uri=\"es.cms.cnn.com\/_components\/paragraph\/instances\/cmo1qkjxy000k356qtvolvqmo@published\" data-editable=\"text\" data-component-name=\"paragraph\" data-article-gutter=\"true\">\n            \u201cQuien llama dice que su pap\u00e1 podr\u00eda haber apu\u00f1alado a su mam\u00e1\u201d, se escucha decir a una despachadora en el audio. La operadora agrega que el menor dijo que ella estaba \u201ctirada en el suelo, sangrando\u201d y con agujeros en la camisa.\n    <\/p>\n<p class=\"paragraph inline-placeholder vossi-paragraph\" data-uri=\"es.cms.cnn.com\/_components\/paragraph\/instances\/cmo1qkvm1000m356q9oc753f0@published\" data-editable=\"text\" data-component-name=\"paragraph\" data-article-gutter=\"true\">\n            Luego se escucha en el audio a los agentes buscando al sospechoso, hasta que finalmente encuentran a un hombre que coincid\u00eda con la descripci\u00f3n y ten\u00eda una herida de bala autoinfligida.\n    <\/p>\n<p class=\"paragraph inline-placeholder vossi-paragraph\" data-uri=\"es.cms.cnn.com\/_components\/paragraph\/instances\/cmo1qkvm1000n356q0mdgemwr@published\" data-editable=\"text\" data-component-name=\"paragraph\" data-article-gutter=\"true\">\n            \u201cCreo que este va a ser nuestro sospechoso. Tiene un arma de fuego y una herida de bala autoinfligida en la cabeza\u201d, se escucha decir a uno de los agentes.\n    <\/p>\n<p class=\"paragraph inline-placeholder vossi-paragraph\" data-uri=\"es.cms.cnn.com\/_components\/paragraph\/instances\/cmo1qkvm1000o356qkjrc1bc3@published\" data-editable=\"text\" data-component-name=\"paragraph\" data-article-gutter=\"true\">\n            Alrededor de las 10 a.m. de este jueves se pudo ver c\u00f3mo retiraban dos cuerpos de la vivienda en bolsas para cad\u00e1veres sobre camillas.\n    <\/p>\n<p class=\"paragraph inline-placeholder vossi-paragraph\" data-uri=\"es.cms.cnn.com\/_components\/paragraph\/instances\/cmo1qkvm1000p356qy79yzyjc@published\" data-editable=\"text\" data-component-name=\"paragraph\" data-article-gutter=\"true\">\n            \u201cEs muy tr\u00e1gico para los hijos perder a ambos padres, y a\u00fan m\u00e1s tr\u00e1gico que estuvieran dentro de la casa cuando ocurri\u00f3\u201d, dijo Davis este jueves por la ma\u00f1ana. \u201cSin duda es una ca\u00edda estrepitosa para una familia relativamente conocida que aparentemente ten\u00eda muchas cosas a su favor\u201d.\n    <\/p>\n<p class=\"paragraph inline-placeholder vossi-paragraph\" data-uri=\"es.cms.cnn.com\/_components\/paragraph\/instances\/cmo1qkvm1000q356qhao8ix5n@published\" data-editable=\"text\" data-component-name=\"paragraph\" data-article-gutter=\"true\">\n            Los hijos est\u00e1n bajo el cuidado de sus abuelos y otros familiares, con apoyo de la divisi\u00f3n de servicios a v\u00edctimas del Departamento de Polic\u00eda del condado de Fairfax, dijo Davis.\n    <\/p>\n<p class=\"paragraph inline-placeholder vossi-paragraph\" data-uri=\"es.cms.cnn.com\/_components\/paragraph\/instances\/cmo1qkvm1000r356qckklrizw@published\" data-editable=\"text\" data-component-name=\"paragraph\" data-article-gutter=\"true\">\n            \u201cLa mitad de Estados Unidos probablemente pasa por un proceso de divorcio en alg\u00fan momento, y muy rara vez, afortunadamente, termina as\u00ed\u201d, dijo Davis. \u201cEs muy triste para esta comunidad\u2026 mucha gente que conoce a la familia Fairfax est\u00e1 en shock. Nosotros tambi\u00e9n\u201d.\n    <\/p>\n<p>       <img decoding=\"async\" src=\"https:\/\/www.europesays.com\/es\/wp-content\/uploads\/2026\/04\/fairfax.jpg\" alt=\"Cerina y Justin Fairfax aparecen en un evento de 2018 en Washington.\" class=\"image__dam-img image__dam-img--loading\" onload=\"this.classList.remove('image__dam-img--loading')\" onerror=\"imageLoadError(this)\" height=\"796\" width=\"1052\" loading=\"lazy\"\/><\/p>\n<p class=\"paragraph inline-placeholder vossi-paragraph\" data-uri=\"es.cms.cnn.com\/_components\/paragraph\/instances\/cmo1ql0jn000v356qknenffm1@published\" data-editable=\"text\" data-component-name=\"paragraph\" data-article-gutter=\"true\">\n            Fairfax fue vicegobernador de Virginia durante la gesti\u00f3n del gobernador Ralph Northam entre 2018 y 2022. Tambi\u00e9n se postul\u00f3 a gobernador de Virginia en 2021. Despu\u00e9s de dejar el cargo, volvi\u00f3 a ejercer como abogado, mientras que su esposa trabajaba como dentista, seg\u00fan Davis.\n    <\/p>\n<p class=\"paragraph inline-placeholder vossi-paragraph\" data-uri=\"es.cms.cnn.com\/_components\/paragraph\/instances\/cmo1qlm8c0013356q7yxinddg@published\" data-editable=\"text\" data-component-name=\"paragraph\" data-article-gutter=\"true\">\n            Durante su etapa como vicegobernador, Fairfax impuls\u00f3 leyes para prevenir la violencia con armas de fuego y describi\u00f3 en varias ocasiones la violencia armada como una \u201ccrisis nacional de salud\u201d.\n    <\/p>\n<p class=\"paragraph inline-placeholder vossi-paragraph\" data-uri=\"es.cms.cnn.com\/_components\/paragraph\/instances\/cmo1qlm8d0014356qfz2zki8d@published\" data-editable=\"text\" data-component-name=\"paragraph\" data-article-gutter=\"true\">\n            \u201cNecesitamos un nuevo e innovador enfoque de #CabezaManoCoraz\u00f3n para ofrecer acceso universal y compasivo a la atenci\u00f3n y los servicios de salud mental, mantener armas de guerra fuera del alcance de quienes corren el riesgo de da\u00f1ar a otros o a s\u00ed mismos, y abordar el da\u00f1o interno y la fractura que llevan a las personas a la crueldad y a querer destruir a otras personas, familias y comunidades\u201d, escribi\u00f3 Fairfax en una publicaci\u00f3n de Facebook de 2023, tras dejar el cargo.\n    <\/p>\n<p class=\"paragraph inline-placeholder vossi-paragraph\" data-uri=\"es.cms.cnn.com\/_components\/paragraph\/instances\/cmo1qlm8d0015356qbwqgb5gb@published\" data-editable=\"text\" data-component-name=\"paragraph\" data-article-gutter=\"true\">\n            Las denuncias de agresi\u00f3n sexual contra Fairfax en 2019 surgieron durante un momento convulso para la pol\u00edtica de Virginia, poco despu\u00e9s de que Northam fuera acusado de aparecer con el rostro pintado de negro en una foto de d\u00e9cadas atr\u00e1s. Mientras avanzaba ese esc\u00e1ndalo, dos mujeres acusaron a Fairfax de agresi\u00f3n sexual: la primera lo hizo en un sitio conservador sobre pol\u00edtica de Virginia y la segunda en un reportaje de The Washington Post.\n    <\/p>\n<p class=\"paragraph inline-placeholder vossi-paragraph\" data-uri=\"es.cms.cnn.com\/_components\/paragraph\/instances\/cmo1qlm8d0016356quiajpioi@published\" data-editable=\"text\" data-component-name=\"paragraph\" data-article-gutter=\"true\">\n            Fairfax neg\u00f3 reiteradamente las acusaciones y pidi\u00f3 investigaciones sobre las denuncias. Asegur\u00f3 que estaba \u201cconfiado\u201d en que limpiar\u00edan su nombre.\n    <\/p>\n<p class=\"paragraph inline-placeholder vossi-paragraph\" data-uri=\"es.cms.cnn.com\/_components\/paragraph\/instances\/cmo1qlv9e001a356qwbo9gnhu@published\" data-editable=\"text\" data-component-name=\"paragraph\" data-article-gutter=\"true\">\n            En los \u00faltimos a\u00f1os, el ex vicegobernador fue demandado dos veces en casos civiles por miles de d\u00f3lares en deudas impagas, seg\u00fan registros judiciales de Virginia.\n    <\/p>\n<p class=\"paragraph inline-placeholder vossi-paragraph\" data-uri=\"es.cms.cnn.com\/_components\/paragraph\/instances\/cmo1qm5sf001f356qbhw2bt7r@published\" data-editable=\"text\" data-component-name=\"paragraph\" data-article-gutter=\"true\">\n            El banco Capital One present\u00f3 en octubre de 2024 una demanda civil por deudas contra Fairfax por un monto principal de US$ 5.922,58, seg\u00fan registros del Tribunal General de Distrito del condado de Fairfax. En mayo de 2025, Discover Bank present\u00f3 otra demanda por deudas contra Fairfax por US$ 23.871,31, seg\u00fan los registros.\n    <\/p>\n<p class=\"paragraph inline-placeholder vossi-paragraph\" data-uri=\"es.cms.cnn.com\/_components\/paragraph\/instances\/cmo1qm5sf001g356qiadg8psm@published\" data-editable=\"text\" data-component-name=\"paragraph\" data-article-gutter=\"true\">\n            Ambos casos terminaron en fallos en rebeld\u00eda a favor de los bancos, seg\u00fan los registros. Un fallo en rebeld\u00eda ocurre cuando el demandado no responde a la citaci\u00f3n judicial o no comparece ante el tribunal.\n    <\/p>\n<p class=\"paragraph inline-placeholder vossi-paragraph\" data-uri=\"es.cms.cnn.com\/_components\/paragraph\/instances\/cmo1qm5sf001h356qgtrru65g@published\" data-editable=\"text\" data-component-name=\"paragraph\" data-article-gutter=\"true\">\n            Glasser and Glasser, un bufete de abogados con sede en Norfolk que represent\u00f3 a los bancos en ambos casos, no respondi\u00f3 de inmediato a una solicitud de comentarios de CNN.\n    <\/p>\n","protected":false},"excerpt":{"rendered":"CNN\u00a0\u2014\u00a0 El ex vicegobernador de Virginia Justin Fairfax, cuyo mandato estuvo marcado por denuncias de agresi\u00f3n sexual, mat\u00f3&hellip;\n","protected":false},"author":2,"featured_media":501520,"comment_status":"","ping_status":"","sticky":false,"template":"","format":"standard","meta":{"footnotes":""},"categories":[42],"tags":[17,18,13,14,11,150,61,62,63,64,100581,19,20,9,10,15,16,12,21,22,4216,65,66,67],"class_list":["post-501519","post","type-post","status-publish","format-standard","has-post-thumbnail","category-internacional","tag-breaking-news","tag-breakingnews","tag-featured-news","tag-featurednews","tag-headlines","tag-instanoticias","tag-internacional","tag-international","tag-international-news","tag-internationalnews","tag-justin-fairfax","tag-latest-news","tag-latestnews","tag-news","tag-noticias","tag-noticias-destacadas","tag-noticiasdestacadas","tag-titulares","tag-ultimas-noticias","tag-ultimasnoticias","tag-virginia","tag-world","tag-world-news","tag-worldnews"],"share_on_mastodon":{"url":"https:\/\/pubeurope.com\/@es\/116416182679351892","error":""},"_links":{"self":[{"href":"https:\/\/www.europesays.com\/es\/wp-json\/wp\/v2\/posts\/501519","targetHints":{"allow":["GET"]}}],"collection":[{"href":"https:\/\/www.europesays.com\/es\/wp-json\/wp\/v2\/posts"}],"about":[{"href":"https:\/\/www.europesays.com\/es\/wp-json\/wp\/v2\/types\/post"}],"author":[{"embeddable":true,"href":"https:\/\/www.europesays.com\/es\/wp-json\/wp\/v2\/users\/2"}],"replies":[{"embeddable":true,"href":"https:\/\/www.europesays.com\/es\/wp-json\/wp\/v2\/comments?post=501519"}],"version-history":[{"count":0,"href":"https:\/\/www.europesays.com\/es\/wp-json\/wp\/v2\/posts\/501519\/revisions"}],"wp:featuredmedia":[{"embeddable":true,"href":"https:\/\/www.europesays.com\/es\/wp-json\/wp\/v2\/media\/501520"}],"wp:attachment":[{"href":"https:\/\/www.europesays.com\/es\/wp-json\/wp\/v2\/media?parent=501519"}],"wp:term":[{"taxonomy":"category","embeddable":true,"href":"https:\/\/www.europesays.com\/es\/wp-json\/wp\/v2\/categories?post=501519"},{"taxonomy":"post_tag","embeddable":true,"href":"https:\/\/www.europesays.com\/es\/wp-json\/wp\/v2\/tags?post=501519"}],"curies":[{"name":"wp","href":"https:\/\/api.w.org\/{rel}","templated":true}]}}