{"id":501626,"date":"2026-04-16T21:25:56","date_gmt":"2026-04-16T21:25:56","guid":{"rendered":"https:\/\/www.europesays.com\/es\/501626\/"},"modified":"2026-04-16T21:25:56","modified_gmt":"2026-04-16T21:25:56","slug":"previa-del-partido-de-euroliga-entre-el-partizan-y-el-baskonia","status":"publish","type":"post","link":"https:\/\/www.europesays.com\/es\/501626\/","title":{"rendered":"Previa del partido de Euroliga entre el Partizan y el Baskonia"},"content":{"rendered":"<p>\n        El <a href=\"https:\/\/www.noticiasdealava.eus\/baskonia\/\" title=\"Kosner Baskonia\" class=\"link copy\" rel=\"nofollow noopener\" target=\"_blank\">Kosner Baskonia<\/a><strong> pondr\u00e1 este jueves fin a su aventura en la Euroliga 2025-26 con la visita al Partizan de Belgrado a partir de las 20.30 horas<\/strong>. Un duelo en el que ninguno de los dos equipos tiene alicientes deportivos m\u00e1s all\u00e1 de que los de Belgrado puedan pasar del 16\u00ba al 15\u00ba lugar de la tabla y que los alaveses defiendan su 17\u00aa plaza.\n<\/p>\n<p class=\"article-body__text \">\n        Los dos han rendido lejos del nivel deseado en esta edici\u00f3n del m\u00e1ximo torneo continental y <strong>muchos recibir\u00e1n de buena gana el final del suplicio en el que se convirti\u00f3 una vez se quedaron sin opciones de <\/strong><strong>play in<\/strong> en el ecuador de la campa\u00f1a.\n<\/p>\n<p class=\"article-body__text \">\n        <strong>No estar\u00e1 entre ellos Paolo Galbiati. \u201cDesafortunadamente es el \u00faltimo partido, la Euroliga es una competici\u00f3n incre\u00edble\u201d<\/strong>, afirm\u00f3 el entrenador baskonista. El italiano adelant\u00f3 que <strong>su equipo no ha sufrido percances f\u00edsicos de cara a esta cita<\/strong>, por lo que, aparte de \u201calg\u00fan peque\u00f1o problema\u201d, estar\u00e1n todos disponibles a excepci\u00f3n de Jesse Edwards, que no puede jugar en Euroliga, y los lesionados de larga duraci\u00f3n Tadas Sedekerskis y Khalifa Diop.\n<\/p>\n<p>            <a href=\"https:\/\/www.noticiasdealava.eus\/baskonia\/2026\/04\/15\/baskonia-recibira-dinero-extra-euroliga-limite-10943900.html\" title=\"El Baskonia recibir\u00e1 un dinero extra de la Euroliga\" class=\"new__media\" rel=\"nofollow noopener\" target=\"_blank\"><\/p>\n<p>                <img alt=\"El Baskonia recibir\u00e1 un dinero extra de la Euroliga\" data-src=\"https:\/\/www.europesays.com\/es\/wp-content\/uploads\/2026\/04\/14a3ef4b-a2cd-48f4-8900-e9381e491ee3_16-9-aspect-ratio_default_0.jpg\" class=\"lozad\"\/><\/p>\n<p>        <\/a><\/p>\n<p>        <a href=\"https:\/\/www.noticiasdealava.eus\/baskonia\/2026\/04\/15\/baskonia-recibira-dinero-extra-euroliga-limite-10943900.html\" title=\"El Baskonia recibir\u00e1 un dinero extra de la Euroliga\" class=\"new__headline\" rel=\"nofollow noopener\" target=\"_blank\"><br \/>\n            El Baskonia recibir\u00e1 un dinero extra de la Euroliga<br \/>\n        <\/a><\/p>\n<p class=\"article-body__text \">\n        Ser\u00e1 una buena <strong>oportunidad de seguir creciendo y cogiendo sensaciones positivas de cara al momento decisivo<\/strong> de la temporada en la ACB y, por qu\u00e9 no, <strong>sumar la novena victoria consecutiva<\/strong> entre las dos competiciones.\n<\/p>\n<p class=\"article-body__text \">\n        Algo que no ser\u00e1 f\u00e1cil en <strong>una de las canchas m\u00e1s calientes del continente, aunque sus decibelios han ca\u00eddo por la falta de alicientes deportivos<\/strong> y un inicio de temporada lleno de desencantos con los jugadores.\n<\/p>\n<p class=\"article-body__text \">\n        El cuadro dirigido por Joan Pe\u00f1arroya, que ha mejorado los resultados de Zeljko Obradovic en el convulso tramo inicial de la campa\u00f1a, cuenta con<strong> \u201cmucho talento en el per\u00edmetro y una identidad muy fuerte\u201d, seg\u00fan Galbiati<\/strong>, que destac\u00f3 \u201cel f\u00edsico y enorme calidad\u201d de la plantilla local.\n<\/p>\n<p>            <a href=\"https:\/\/www.noticiasdealava.eus\/baskonia\/2026\/04\/15\/splitter-lleva-portland-play-off-10941718.html\" title=\"Splitter lleva a Portland al &#039;play off&#039; de la NBA\" class=\"new__media\" rel=\"nofollow noopener\" target=\"_blank\"><\/p>\n<p>                <img alt=\"Splitter lleva a Portland al 'play off' de la NBA\" data-src=\"https:\/\/www.europesays.com\/es\/wp-content\/uploads\/2026\/04\/b33273f2-1260-47a3-8da6-f37428c5ddb2_16-9-aspect-ratio_default_0_x865y465.jpg\" class=\"lozad\"\/><\/p>\n<p>        <\/a><\/p>\n<p>        <a href=\"https:\/\/www.noticiasdealava.eus\/baskonia\/2026\/04\/15\/splitter-lleva-portland-play-off-10941718.html\" title=\"Splitter lleva a Portland al &#039;play off&#039; de la NBA\" class=\"new__headline\" rel=\"nofollow noopener\" target=\"_blank\"><br \/>\n            Splitter lleva a Portland al &#8216;play off&#8217; de la NBA<br \/>\n        <\/a><\/p>\n<p class=\"article-body__text \">\n        <strong>El Partizan no contar\u00e1 con su capit\u00e1n y, en opini\u00f3n de Galbiati, \u201cel alma del equipo\u201d, que es nada menos que el exbaskonista Vanja Marinkovic<\/strong>, baja indefinida tras lesionarse el tend\u00f3n de Aquiles en enero. <strong>Lo mismo sucede con otro exterior \u201cimportante\u201d como Duane Washington<\/strong>, que estaba haciendo \u201cuna gran temporada\u201d hasta que sufri\u00f3 una lesi\u00f3n muscular en los gemelos.\n<\/p>\n<p class=\"article-body__text \">\n        Aunque no podr\u00e1 contar con los 14,9 puntos por encuentro que promediaba el norteamericano, el Partizan cuenta con argumentos de sobra con la presencia de <strong>su gran estrella el base Carlik Jones, autor de 18 puntos y 10 asistencias en el duelo de la primera vuelta en el Buesa Arena<\/strong>.\n<\/p>\n<p>            <a href=\"https:\/\/www.noticiasdealava.eus\/baskonia\/2026\/04\/15\/ultima-bala-nowell-10939431.html\" title=\"La \u00faltima bala de Nowell\" class=\"new__media\" rel=\"nofollow noopener\" target=\"_blank\"><\/p>\n<p>                <img alt=\"La \u00faltima bala de Nowell\" data-src=\"https:\/\/www.europesays.com\/es\/wp-content\/uploads\/2026\/04\/527573bf-0913-4ad3-91ff-3445d161fc21_16-9-aspect-ratio_default_0_x1097y560.jpg\" class=\"lozad\"\/><\/p>\n<p>        <\/a><\/p>\n<p>        <a href=\"https:\/\/www.noticiasdealava.eus\/baskonia\/2026\/04\/15\/ultima-bala-nowell-10939431.html\" title=\"La \u00faltima bala de Nowell\" class=\"new__headline\" rel=\"nofollow noopener\" target=\"_blank\"><br \/>\n            La \u00faltima bala de Nowell<br \/>\n        <\/a><\/p>\n<p class=\"article-body__text \">\n        Al director de juego, renovado recientemente, hay que sumarle l<strong>a experiencia de Nick Calathes, los puntos de Shake Milton, Sterling Brown e Isaac Bonga <\/strong>y un juego interior variado y solvente conocido de sobra en la ACB con<strong> el excajista Dylan Osetkowski, el exbaskonista Tonye Jekiri o el exmadridista Bruno Fernando<\/strong>.\n<\/p>\n<p class=\"article-body__text \">\n        <strong>Seg\u00fan Galbiati, el Baskonia deber\u00e1 \u201cser preciso, cuidar bien del bal\u00f3n e intentar imponer su ritmo\u201d<\/strong> ante un rival que \u201cjuega con un ritmo un poco m\u00e1s bajo en comparaci\u00f3n\u201d. \u201cNuestra cabeza est\u00e1 en el Partizan, luego ser\u00e1 el momento de pensar en el Joventut\u201d, concluy\u00f3 el t\u00e9cnico, dejando claro que <strong>cada partido importa<\/strong> y este no ser\u00e1 menos.<\/p>\n","protected":false},"excerpt":{"rendered":"El Kosner Baskonia pondr\u00e1 este jueves fin a su aventura en la Euroliga 2025-26 con la visita al&hellip;\n","protected":false},"author":2,"featured_media":501627,"comment_status":"","ping_status":"","sticky":false,"template":"","format":"standard","meta":{"footnotes":""},"categories":[269],"tags":[299,298,4714,168,25,56088,24,5824,23,167,3667],"class_list":["post-501626","post","type-post","status-publish","format-standard","has-post-thumbnail","category-baloncesto","tag-baloncesto","tag-basketball","tag-baskonia","tag-deportes","tag-es","tag-escollo","tag-espana","tag-europeo","tag-spain","tag-sports","tag-ultimo"],"share_on_mastodon":{"url":"https:\/\/pubeurope.com\/@es\/116416501502772937","error":""},"_links":{"self":[{"href":"https:\/\/www.europesays.com\/es\/wp-json\/wp\/v2\/posts\/501626","targetHints":{"allow":["GET"]}}],"collection":[{"href":"https:\/\/www.europesays.com\/es\/wp-json\/wp\/v2\/posts"}],"about":[{"href":"https:\/\/www.europesays.com\/es\/wp-json\/wp\/v2\/types\/post"}],"author":[{"embeddable":true,"href":"https:\/\/www.europesays.com\/es\/wp-json\/wp\/v2\/users\/2"}],"replies":[{"embeddable":true,"href":"https:\/\/www.europesays.com\/es\/wp-json\/wp\/v2\/comments?post=501626"}],"version-history":[{"count":0,"href":"https:\/\/www.europesays.com\/es\/wp-json\/wp\/v2\/posts\/501626\/revisions"}],"wp:featuredmedia":[{"embeddable":true,"href":"https:\/\/www.europesays.com\/es\/wp-json\/wp\/v2\/media\/501627"}],"wp:attachment":[{"href":"https:\/\/www.europesays.com\/es\/wp-json\/wp\/v2\/media?parent=501626"}],"wp:term":[{"taxonomy":"category","embeddable":true,"href":"https:\/\/www.europesays.com\/es\/wp-json\/wp\/v2\/categories?post=501626"},{"taxonomy":"post_tag","embeddable":true,"href":"https:\/\/www.europesays.com\/es\/wp-json\/wp\/v2\/tags?post=501626"}],"curies":[{"name":"wp","href":"https:\/\/api.w.org\/{rel}","templated":true}]}}