{"id":50206,"date":"2025-08-15T23:19:07","date_gmt":"2025-08-15T23:19:07","guid":{"rendered":"https:\/\/www.europesays.com\/es\/50206\/"},"modified":"2025-08-15T23:19:07","modified_gmt":"2025-08-15T23:19:07","slug":"activado-el-plan-de-proteccion-civil-municipal-en-fase-de-alerta-info-barcelona","status":"publish","type":"post","link":"https:\/\/www.europesays.com\/es\/50206\/","title":{"rendered":"Activado el Plan de Protecci\u00f3n Civil Municipal en fase de alerta | Info Barcelona"},"content":{"rendered":"<p>Ante la activaci\u00f3n simult\u00e1nea de varios planes de actuaci\u00f3n, el Ayuntamiento ha activado el Plan de Protecci\u00f3n Civil Municipal en fase de alerta.<\/p>\n<p><strong>Plan B\u00e1sico de Emergencia Municipal por Ola de Calor en fase de alerta<\/strong><\/p>\n<p>A ra\u00edz del aviso del Servicio Meteorol\u00f3gico de Catalu\u00f1a por una situaci\u00f3n meteorol\u00f3gica peligrosa en la que se prev\u00e9 que se superen los 34,2\u202f\u00b0C en la ciudad, el Ayuntamiento lleva a cabo una serie de actuaciones preventivas espec\u00edficas. El Centro de Urgencias y Emergencias Sociales (CUESB), en coordinaci\u00f3n con el servicio de Protecci\u00f3n Civil municipal y en colaboraci\u00f3n con la Cruz Roja, ha puesto en marcha un operativo espec\u00edfico en la v\u00eda p\u00fablica para informar a personas en situaci\u00f3n de vulnerabilidad sobre la ubicaci\u00f3n de los refugios clim\u00e1ticos y las fuentes p\u00fablicas de la ciudad, y para repartir material preventivo como gorras y cantimploras de agua.<\/p>\n<p>A trav\u00e9s de los servicios de teleasistencia, atenci\u00f3n domiciliaria y de los centros de servicios sociales, se realizan tareas de informaci\u00f3n espec\u00edfica acompa\u00f1adas de seguimiento y control sistem\u00e1tico de las personas en situaci\u00f3n de vulnerabilidad. Durante todo este per\u00edodo se ofrece a la ciudadan\u00eda un servicio telef\u00f3nico permanente (900 70 30 30) y se difunden los posibles efectos de una ola de calor y un conjunto de recomendaciones para prevenirlos.<\/p>\n<p><strong>Plan de Actuaci\u00f3n Municipal por Riesgo de Incendios Forestales en fase de alerta<\/strong><\/p>\n<p>El Ayuntamiento ha activado el Plan de Actuaci\u00f3n Municipal por Riesgo de Incendios Forestales en fase de alerta ante la activaci\u00f3n por parte de la Generalitat de Catalu\u00f1a del Nivel 3 del Plan Alfa en el Barcelon\u00e8s. Por este motivo, todos los parques de Bomberos de Barcelona se mantendr\u00e1n en alerta ante la alta posibilidad de que se produzca un incendio en zona forestal y se aumentan los recursos destinados a Collserola.<\/p>\n<p>Se pide m\u00e1xima precauci\u00f3n y colaboraci\u00f3n a la ciudadan\u00eda, y se recuerda que est\u00e1 prohibido realizar trabajos forestales o cualquier actuaci\u00f3n que pueda generar chispas a menos de 500 metros de masa forestal. Esto incluye la prohibici\u00f3n de quemar residuos y hacer barbacoas (solo se permite hacerlas en zonas autorizadas, siempre que cumplan con las condiciones que marca el Decreto de Franjas Forestales).<\/p>\n<p>Los equipos est\u00e1n desplegados por las casi 1.800 hect\u00e1reas de superficie del parque que pertenecen a la ciudad de Barcelona y que est\u00e1n repartidas entre los distritos de Les Corts, Sarri\u00e0-Sant Gervasi, Horta-Guinard\u00f3, Nou Barris y Gr\u00e0cia. La campa\u00f1a forestal de los Bomberos de Barcelona se inici\u00f3 a principios de junio y estar\u00e1 activa hasta mediados de septiembre. Durante este per\u00edodo, el Servicio de Protecci\u00f3n Civil, Prevenci\u00f3n y Extinci\u00f3n de Incendios y Salvamento (SPCPEIS) adapta y refuerza sus dispositivos para afrontar los meses de verano.<\/p>\n<p><strong>Aviso preventivo de contaminaci\u00f3n por PM10<\/strong><\/p>\n<p>El pasado mi\u00e9rcoles 13 de agosto, la Direcci\u00f3n General de Calidad Ambiental y Cambio Clim\u00e1tico de la Generalitat de Catalu\u00f1a activ\u00f3 el aviso preventivo de episodio de contaminaci\u00f3n atmosf\u00e9rica por PM10, y el Ayuntamiento ha activado las medidas preventivas pertinentes.<\/p>\n<p>Se aconseja a la ciudadan\u00eda evitar desplazarse en veh\u00edculo privado y utilizar el transporte p\u00fablico, realizar los trayectos a pie o en bicicleta por calles con baja frecuencia de tr\u00e1fico. Se recomienda regular la climatizaci\u00f3n en los hogares, y a las personas especialmente sensibles a los efectos de la contaminaci\u00f3n atmosf\u00e9rica que trasladen su rutina deportiva al momento del d\u00eda en que las concentraciones de contaminantes son m\u00e1s bajas, como al atardecer o por la noche.<\/p>\n<p>El consistorio tambi\u00e9n pone en marcha las actuaciones previstas, como regar de forma m\u00e1s intensiva las calles con m\u00e1s tr\u00e1fico, evitar el uso de sopladores y regar los parques no asfaltados, as\u00ed como avisar a los responsables de las obras en curso para que cumplan con el Plan de ambientalizaci\u00f3n.<\/p>\n","protected":false},"excerpt":{"rendered":"Ante la activaci\u00f3n simult\u00e1nea de varios planes de actuaci\u00f3n, el Ayuntamiento ha activado el Plan de Protecci\u00f3n Civil&hellip;\n","protected":false},"author":2,"featured_media":50207,"comment_status":"","ping_status":"","sticky":false,"template":"","format":"standard","meta":{"footnotes":""},"categories":[8],"tags":[17,18,25,24,13,14,11,8408,19,20,9,10,15,16,23,12,21,22],"class_list":{"0":"post-50206","1":"post","2":"type-post","3":"status-publish","4":"format-standard","5":"has-post-thumbnail","7":"category-espana","8":"tag-breaking-news","9":"tag-breakingnews","10":"tag-es","11":"tag-espana","12":"tag-featured-news","13":"tag-featurednews","14":"tag-headlines","15":"tag-info-barcelona","16":"tag-latest-news","17":"tag-latestnews","18":"tag-news","19":"tag-noticias","20":"tag-noticias-destacadas","21":"tag-noticiasdestacadas","22":"tag-spain","23":"tag-titulares","24":"tag-ultimas-noticias","25":"tag-ultimasnoticias"},"share_on_mastodon":{"url":"","error":""},"_links":{"self":[{"href":"https:\/\/www.europesays.com\/es\/wp-json\/wp\/v2\/posts\/50206","targetHints":{"allow":["GET"]}}],"collection":[{"href":"https:\/\/www.europesays.com\/es\/wp-json\/wp\/v2\/posts"}],"about":[{"href":"https:\/\/www.europesays.com\/es\/wp-json\/wp\/v2\/types\/post"}],"author":[{"embeddable":true,"href":"https:\/\/www.europesays.com\/es\/wp-json\/wp\/v2\/users\/2"}],"replies":[{"embeddable":true,"href":"https:\/\/www.europesays.com\/es\/wp-json\/wp\/v2\/comments?post=50206"}],"version-history":[{"count":0,"href":"https:\/\/www.europesays.com\/es\/wp-json\/wp\/v2\/posts\/50206\/revisions"}],"wp:featuredmedia":[{"embeddable":true,"href":"https:\/\/www.europesays.com\/es\/wp-json\/wp\/v2\/media\/50207"}],"wp:attachment":[{"href":"https:\/\/www.europesays.com\/es\/wp-json\/wp\/v2\/media?parent=50206"}],"wp:term":[{"taxonomy":"category","embeddable":true,"href":"https:\/\/www.europesays.com\/es\/wp-json\/wp\/v2\/categories?post=50206"},{"taxonomy":"post_tag","embeddable":true,"href":"https:\/\/www.europesays.com\/es\/wp-json\/wp\/v2\/tags?post=50206"}],"curies":[{"name":"wp","href":"https:\/\/api.w.org\/{rel}","templated":true}]}}