{"id":50212,"date":"2025-08-15T23:22:06","date_gmt":"2025-08-15T23:22:06","guid":{"rendered":"https:\/\/www.europesays.com\/es\/50212\/"},"modified":"2025-08-15T23:22:06","modified_gmt":"2025-08-15T23:22:06","slug":"morante-se-probara-en-el-campo-el-lunes-para-decidir-su-reaparicion","status":"publish","type":"post","link":"https:\/\/www.europesays.com\/es\/50212\/","title":{"rendered":"Morante se probar\u00e1 en el campo el lunes para decidir su reaparici\u00f3n"},"content":{"rendered":"<p style=\"\">El mundo del toro contin\u00faa pendiente del estado de salud de Morante en su temporada hist\u00f3rica. Los aficionados disfrutaban de un torero sin igual, mientras que los empresarios ve\u00edan el papel agotado casi en cada pase\u00edllo del Genio. Una cogida en <a href=\"https:\/\/www.abc.es\/cultura\/toros\/fernando-adrian-indulta-heraldico-hijo-cobradiezmos-20250815233207-nt.html\" target=\"_self\" data-voc-vtm-id=\"in-text-traffic\" title=\"Pontevedra\" data-mrf-link=\"www.abc.es\" rel=\"nofollow noopener\">Pontevedra<\/a> hizo parar  &#8230; el ritmo, sin saberse cu\u00e1ndo volver\u00eda el sevillano a torear. Encima en agosto, <a href=\"https:\/\/www.abc.es\/cultura\/toros\/molina-deja-destacado-confirmacion-lama-gongora-buena-20250815235438-nt.html\" target=\"_self\" data-voc-vtm-id=\"in-text-traffic\" title=\"mes\" data-mrf-link=\"www.abc.es\" rel=\"nofollow noopener\">mes<\/a> taurino por antonomasia, donde ten\u00eda una agenda muy apretada.<\/p>\n<p class=\"voc-p\" style=\"\">Ha perdido ya varias corridas, como Huesca o San Sebasti\u00e1n, y este fin de semana tampoco estar\u00e1 en Gij\u00f3n -donde ser\u00e1 sustituido por Fortes, seg\u00fan ha comunicado al empresa Circuitos Taurinos-, Ciudad Real, ni la primera tarde de M\u00e1laga, ya que ese d\u00eda, lunes 18, el cigarrero se probar\u00e1 en el campo, seg\u00fan informa &#8216;Cuadernos de Tauromaquia&#8217;. <\/p>\n<p class=\"voc-p\" style=\"\">En funci\u00f3n de c\u00f3mo se encuentre, decidir\u00e1 y anunciar\u00e1 la fecha de la ansiada reaparici\u00f3n, que podr\u00eda darse en su segunda corrida del coso del Paseo de Reding, el 20 de agosto, o dos d\u00edas despu\u00e9s en Bilbao. Est\u00e1 anunciado con toros de El Puerto de San Lorenzo y Garcigrande, respectivamente.<\/p>\n<p class=\"voc-p\" style=\"\">Tras esos carteles, est\u00e1 anunciado hasta en cuatro corridas seguidas por toda Espa\u00f1a, pendiente del estado de salud del torero, que tuvo que volver a ser operado en Portugal, tras la primera intervenci\u00f3n en la enfermer\u00eda de la Plaza de toros de San Roque. Adem\u00e1s, tanto en Gij\u00f3n como en Ciudad Real estaba anunciado junto a Roca Rey, con el que est\u00e1 en &#8216;guerra&#8217;, aumentada por un quite en El Puerto de Santa Mar\u00eda. <\/p>\n","protected":false},"excerpt":{"rendered":"El mundo del toro contin\u00faa pendiente del estado de salud de Morante en su temporada hist\u00f3rica. Los aficionados&hellip;\n","protected":false},"author":2,"featured_media":50213,"comment_status":"","ping_status":"","sticky":false,"template":"","format":"standard","meta":{"footnotes":""},"categories":[277],"tags":[373,5716,10927,168,25,24,1051,780,22393,22394,23,167,374],"class_list":{"0":"post-50212","1":"post","2":"type-post","3":"status-publish","4":"format-standard","5":"has-post-thumbnail","7":"category-toreo","8":"tag-bullfighting","9":"tag-campo","10":"tag-decidir","11":"tag-deportes","12":"tag-es","13":"tag-espana","14":"tag-lunes","15":"tag-morante","16":"tag-probara","17":"tag-reaparicion","18":"tag-spain","19":"tag-sports","20":"tag-toreo"},"share_on_mastodon":{"url":"","error":""},"_links":{"self":[{"href":"https:\/\/www.europesays.com\/es\/wp-json\/wp\/v2\/posts\/50212","targetHints":{"allow":["GET"]}}],"collection":[{"href":"https:\/\/www.europesays.com\/es\/wp-json\/wp\/v2\/posts"}],"about":[{"href":"https:\/\/www.europesays.com\/es\/wp-json\/wp\/v2\/types\/post"}],"author":[{"embeddable":true,"href":"https:\/\/www.europesays.com\/es\/wp-json\/wp\/v2\/users\/2"}],"replies":[{"embeddable":true,"href":"https:\/\/www.europesays.com\/es\/wp-json\/wp\/v2\/comments?post=50212"}],"version-history":[{"count":0,"href":"https:\/\/www.europesays.com\/es\/wp-json\/wp\/v2\/posts\/50212\/revisions"}],"wp:featuredmedia":[{"embeddable":true,"href":"https:\/\/www.europesays.com\/es\/wp-json\/wp\/v2\/media\/50213"}],"wp:attachment":[{"href":"https:\/\/www.europesays.com\/es\/wp-json\/wp\/v2\/media?parent=50212"}],"wp:term":[{"taxonomy":"category","embeddable":true,"href":"https:\/\/www.europesays.com\/es\/wp-json\/wp\/v2\/categories?post=50212"},{"taxonomy":"post_tag","embeddable":true,"href":"https:\/\/www.europesays.com\/es\/wp-json\/wp\/v2\/tags?post=50212"}],"curies":[{"name":"wp","href":"https:\/\/api.w.org\/{rel}","templated":true}]}}