{"id":50216,"date":"2025-08-15T23:28:12","date_gmt":"2025-08-15T23:28:12","guid":{"rendered":"https:\/\/www.europesays.com\/es\/50216\/"},"modified":"2025-08-15T23:28:12","modified_gmt":"2025-08-15T23:28:12","slug":"isaac-nogues-llega-al-valencia-basket-y-completa-su-rotacion","status":"publish","type":"post","link":"https:\/\/www.europesays.com\/es\/50216\/","title":{"rendered":"Isaac Nogu\u00e9s llega al Valencia Basket y completa su rotaci\u00f3n"},"content":{"rendered":"<p><strong>Isaac Nogu\u00e9s\u00a0<\/strong>es nuevo jugador del Valencia Basket. El conjunto taronja ha oficializado la incorporaci\u00f3n del joven jugador de 21 a\u00f1os que ha firmado un contrato para las dos pr\u00f3ximas temporadas.<\/p>\n<p>Este ha sido el anuncio oficial del Valencia Basket:<\/p>\n<p>\u00abValencia Basket ha llegado a un acuerdo con el escolta Isaac Nogu\u00e9s\u00a0<strong>(1,96m, Badalona, 10\/02\/2004, 21 a\u00f1os)\u00a0<\/strong>para que se incorpore a nuestra primera plantilla masculina para las dos pr\u00f3ximas temporadas, hasta el 30 de junio de 2027. El jugador catal\u00e1n, que desde el 12 de agosto est\u00e1 reforzando los entrenamientos de la selecci\u00f3n nacional absoluta tras tener un papel destacado con Espa\u00f1a \u201cB\u201d, llega libre tras competir la pasada temporada con el equipo afiliado de la G-League de los Portland Trail Blazers. Con los Rip City Remix fue elegido en el Mejor Quinteto Defensivo de la Liga de Desarrollo estadounidense (qued\u00f3 tercero en la votaci\u00f3n como Mejor Defensor) con una tarjeta de 2,5 puntos, 5,2 rebotes, 3,9 asistencias y 2,1 robos de promedio en 40 partidos.<\/p>\n<p>Integrado desde muy peque\u00f1o en las categor\u00edas inferiores del Joventut Badalona, form\u00f3 parte de la plantilla que gan\u00f3 el campeonato de Espa\u00f1a junior en 2022. En su primer a\u00f1o como jugador senior disput\u00f3 25 partidos con el equipo EBA del Joventut Badalona en los que se fue hasta los 6,5 puntos, 6,7 rebotes, 2,8 asistencias y 2,8 recuperaciones para 13,2 de valoraci\u00f3n. Tras proclamarse campe\u00f3n del Mundo U19 en el verano de 2023 con la selecci\u00f3n espa\u00f1ola junto a su nuevo compa\u00f1ero Sergio De Larrea, se estren\u00f3 en LEB Plata en el curso 2023-24 con el Lobe Huesca La Magia. Pese a subir una categor\u00eda, mejor\u00f3 sus prestaciones del curso anterior con 6,9 puntos, 6,8 rebotes, 2,4 asistencias y 3 recuperaciones para 15,2 cr\u00e9ditos de valoraci\u00f3n.<\/p>\n<p>Para la temporada 2024-25 fue la franquicia afiliada a los Portland Trail Blazers, los Rip City Remix, los que le dieron la oportunidad de probarse en la Liga de Desarrollo estadounidense, donde destac\u00f3 como especialista defensivo alternando en las posiciones exteriores, adem\u00e1s de demostrar una buena capacidad para asistir a sus compa\u00f1eros. En el verano de 2025 firm\u00f3 un contrato Exhibit 10 y jug\u00f3 un partido de la Liga de Verano de Las Vegas con el equipo californiano ante los Phoenix Suns\u00bb.<\/p>\n<p>As\u00ed queda la rotaci\u00f3n del Valencia Basket<\/p>\n<p>El Valencia Basket ha conformado una plantilla extens\u00edsima de cara a afrontar la temporada 25\/26 en su regreso a la Liga Endesa. 15 jugadores que estar\u00e1n a las \u00f3rdenes de Pedro Mart\u00ednez y que compondr\u00edan la siguiente rotaci\u00f3n:<\/p>\n<p><strong>Montero \u2013 Thompson \u2013 De Larrea<\/strong><br \/><strong>Badio \u2013 Moore \u2013 Arostegui<\/strong><br \/><strong>Taylor \u2013 Puerto \u2013 Nogu\u00e9s<\/strong><br \/><strong>Pradilla \u2013 Sestina \u2013 Reuvers<\/strong><br \/><strong>Sako \u2013 Costello \u2013 Sima \u2013 Happ*<\/strong><\/p>\n<p>*Pendiente de resolverse su situaci\u00f3n<\/p>\n<p style=\"text-align: right;\">Foto: Getty Images<\/p>\n<p><a href=\"https:\/\/www.gigantes.com\/tienda\/?srsltid=AfmBOoqlKLoMe2MxAL77XtHDbuXA5XSEJIxYJGLJlcaz0YRCBtT8lx_s\" rel=\"nofollow noopener\" target=\"_blank\"><img loading=\"lazy\" decoding=\"async\" class=\"aligncenter wp-image-749935 size-full\" src=\"https:\/\/www.europesays.com\/es\/wp-content\/uploads\/2025\/08\/1755270131_758_INSTAGRAMdoble-1.jpg\" alt=\"\" width=\"1969\" height=\"1969\"  \/><\/a><\/p>\n<p>\t\t\t\t\t<img loading=\"lazy\" decoding=\"async\" src=\"https:\/\/www.europesays.com\/es\/wp-content\/uploads\/2025\/08\/1754873888_461_mano.png\" width=\"60\" height=\"60\" alt=\"Deliza hacia abajo\"\/>Sigue deslizando hacia abajo para ver m\u00e1s contenidos<\/p>\n","protected":false},"excerpt":{"rendered":"Isaac Nogu\u00e9s\u00a0es nuevo jugador del Valencia Basket. El conjunto taronja ha oficializado la incorporaci\u00f3n del joven jugador de&hellip;\n","protected":false},"author":2,"featured_media":50217,"comment_status":"","ping_status":"","sticky":false,"template":"","format":"standard","meta":{"footnotes":""},"categories":[269],"tags":[299,298,168,25,24,22395,23,167,2916],"class_list":{"0":"post-50216","1":"post","2":"type-post","3":"status-publish","4":"format-standard","5":"has-post-thumbnail","7":"category-baloncesto","8":"tag-baloncesto","9":"tag-basketball","10":"tag-deportes","11":"tag-es","12":"tag-espana","13":"tag-isaac-nogues","14":"tag-spain","15":"tag-sports","16":"tag-valencia-basket"},"share_on_mastodon":{"url":"","error":""},"_links":{"self":[{"href":"https:\/\/www.europesays.com\/es\/wp-json\/wp\/v2\/posts\/50216","targetHints":{"allow":["GET"]}}],"collection":[{"href":"https:\/\/www.europesays.com\/es\/wp-json\/wp\/v2\/posts"}],"about":[{"href":"https:\/\/www.europesays.com\/es\/wp-json\/wp\/v2\/types\/post"}],"author":[{"embeddable":true,"href":"https:\/\/www.europesays.com\/es\/wp-json\/wp\/v2\/users\/2"}],"replies":[{"embeddable":true,"href":"https:\/\/www.europesays.com\/es\/wp-json\/wp\/v2\/comments?post=50216"}],"version-history":[{"count":0,"href":"https:\/\/www.europesays.com\/es\/wp-json\/wp\/v2\/posts\/50216\/revisions"}],"wp:featuredmedia":[{"embeddable":true,"href":"https:\/\/www.europesays.com\/es\/wp-json\/wp\/v2\/media\/50217"}],"wp:attachment":[{"href":"https:\/\/www.europesays.com\/es\/wp-json\/wp\/v2\/media?parent=50216"}],"wp:term":[{"taxonomy":"category","embeddable":true,"href":"https:\/\/www.europesays.com\/es\/wp-json\/wp\/v2\/categories?post=50216"},{"taxonomy":"post_tag","embeddable":true,"href":"https:\/\/www.europesays.com\/es\/wp-json\/wp\/v2\/tags?post=50216"}],"curies":[{"name":"wp","href":"https:\/\/api.w.org\/{rel}","templated":true}]}}