{"id":50222,"date":"2025-08-15T23:31:05","date_gmt":"2025-08-15T23:31:05","guid":{"rendered":"https:\/\/www.europesays.com\/es\/50222\/"},"modified":"2025-08-15T23:31:05","modified_gmt":"2025-08-15T23:31:05","slug":"la-casa-en-forma-de-cometa-que-es-un-icono-para-surfistas-idealista-news","status":"publish","type":"post","link":"https:\/\/www.europesays.com\/es\/50222\/","title":{"rendered":"La casa en forma de cometa que es un icono para surfistas \u2014 idealista\/news"},"content":{"rendered":"<p dir=\"ltr\">Las casas con\u00a0<a href=\"https:\/\/www.idealista.com\/news\/inmobiliario\/vivienda\/2025\/05\/21\/845617-una-sorprendente-cabana-de-madera-con-forma-de-barco-en-los-bosques-noruegos\" rel=\"nofollow noopener\" target=\"_blank\">formas inspiradas en objetos singulares<\/a> despiertan la curiosidad tanto de vecinos como de visitantes. Desde\u00a0<strong>viviendas que imitan instrumentos musicales hasta aquellas con siluetas de animales<\/strong>, la arquitectura ha demostrado que la creatividad no tiene l\u00edmites.<\/p>\n<p dir=\"ltr\">En la costa australiana, un caso particular ha captado la atenci\u00f3n durante d\u00e9cadas: una vivienda con\u00a0<strong>techo afilado en forma de cometa<\/strong>, visible desde el mar, que se ha convertido en un punto de referencia para surfistas y navegantes.<\/p>\n<p dir=\"ltr\">Esta peculiar construcci\u00f3n, conocida como\u00a0<strong>Cake House<\/strong> por su parecido con una gran porci\u00f3n de tarta, ha sido recientemente renovada por el estudio\u00a0<a href=\"https:\/\/www.alexandersymes.com.au\/\" rel=\"nofollow noopener\" target=\"_blank\">Alexander Symes Architect<\/a>, combinando respeto por la identidad original y compromiso con la sostenibilidad.<\/p>\n<p><strong>Un icono costero convertido en hogar familiar<\/strong><\/p>\n<p dir=\"ltr\">Ubicada en\u00a0<strong>Mollymook<\/strong>, a tres horas\u00a0<strong>al sur de S\u00eddney<\/strong>, la Cake House lleva a\u00f1os siendo un s\u00edmbolo local. Su perfil triangular, dise\u00f1ado originalmente con un techo inclinado en\u00a0<a href=\"https:\/\/www.idealista.com\/news\/inmobiliario\/vivienda\/2025\/06\/10\/847705-esta-casa-reinventa-el-tradicional-tejado-colonial-de-carolina-del-norte-con-un\" rel=\"nofollow noopener\" target=\"_blank\">forma de cu\u00f1a<\/a>, la ha hecho inconfundible para quienes la ven desde el agua.<\/p>\n<p dir=\"ltr\">Tanto es as\u00ed que los abuelos de los actuales propietarios, que viv\u00edan justo detr\u00e1s, decidieron adquirirla cuando tuvieron la oportunidad. Seg\u00fan coment\u00f3 el estudio, \u201cse sintieron impulsados a comprarla como icono local y crear un hogar c\u00f3modo, divertido y responsable para su familia y amigos\u201d.<\/p>\n<p dir=\"ltr\">La reforma ten\u00eda como premisa mantener la caracter\u00edstica geometr\u00eda en forma de cometa. \u201cRealmente\u00a0<strong>solo completamos la geometr\u00eda que el edificio siempre quiso tener y a\u00f1adimos comodidades adicionales que no son visibles desde la calle<\/strong> para respetar la comunidad existente\u201d, explic\u00f3 el estudio.<\/p>\n<p dir=\"ltr\">No obstante, el enclave planteaba un desaf\u00edo a\u00f1adido. La propiedad se encuentra en una\u00a0<strong>zona clasificada como de riesgo 2100<\/strong>, susceptible de sufrir erosi\u00f3n costera, marejadas cicl\u00f3nicas y el aumento del nivel del mar. Para afrontar estos riesgos, el equipo dise\u00f1\u00f3 un terrapl\u00e9n paisaj\u00edstico alrededor de la planta baja, actuando como barrera protectora\u00a0<a href=\"https:\/\/www.idealista.com\/news\/inmobiliario\/vivienda\/2022\/09\/01\/798780-una-casa-prefabricada-a-orillas-del-tamesis-capaz-de-resistir-inundaciones\" rel=\"nofollow noopener\" target=\"_blank\">frente a posibles inundaciones<\/a>.<\/p>\n<p dir=\"ltr\"><strong>La intervenci\u00f3n respet\u00f3 la huella original del edificio, pero reorganiz\u00f3 los espacios\u00a0<\/strong>para adaptarlos a una familia de cinco miembros, con capacidad de alojamiento para hasta 17 personas. El resultado ha dado lugar a una planta baja con tres dormitorios principales, y la primera donde se alberga la cocina y las zonas de estar orientadas hacia el oc\u00e9ano.<\/p>\n<p><strong>Nuevo dise\u00f1o sostenible<\/strong><\/p>\n<p dir=\"ltr\">La conexi\u00f3n con el entorno no se limita a las vistas. Los interiores, dise\u00f1ados por la firma local Inn Studio, buscan transmitir la esencia de una\u00a0<strong>\u201crobusta caba\u00f1a de playa\u201d<\/strong>. Para lograrlo, se reutilizaron materiales ya presentes en la vivienda; las antiguas tablas de suelo y revestimiento se transformaron en encofrados, y aproximadamente el 95 % de la madera dura empleada procede de fuentes recicladas.<\/p>\n<p dir=\"ltr\">El\u00a0<strong>techo<\/strong>, protagonista visual de la casa,\u00a0<strong>fue remodelado con madera dura reciclada y hormig\u00f3n, manteniendo su singular silueta afilada<\/strong>. En el exterior, una amplia terraza con vistas al mar est\u00e1 cubierta por una p\u00e9rgola de madera, mientras unas s\u00f3lidas gradas descienden hacia un jard\u00edn con zona de hoguera, fomentando la vida al aire libre.<\/p>\n<p>La reforma busc\u00f3 la est\u00e9tica y la funcionalidad, pero\u00a0 tambi\u00e9n un alto rendimiento energ\u00e9tico. La vivienda sigue los\u00a0<strong>principios Enerphit\u00a0<\/strong>(la adaptaci\u00f3n del est\u00e1ndar Passivhaus para rehabilitaciones), incorporando un sistema fotovoltaico capaz de cubrir sus necesidades y generar un excedente de 7.000 kilovatios-hora al a\u00f1o.\u00a0<\/p>\n","protected":false},"excerpt":{"rendered":"Las casas con\u00a0formas inspiradas en objetos singulares despiertan la curiosidad tanto de vecinos como de visitantes. Desde\u00a0viviendas que&hellip;\n","protected":false},"author":2,"featured_media":50223,"comment_status":"","ping_status":"","sticky":false,"template":"","format":"standard","meta":{"footnotes":""},"categories":[173],"tags":[229,233,231,230,232,234,146,147,25,24,23],"class_list":{"0":"post-50222","1":"post","2":"type-post","3":"status-publish","4":"format-standard","5":"has-post-thumbnail","7":"category-arte-y-diseno","8":"tag-arte","9":"tag-arte-y-diseno","10":"tag-arts","11":"tag-arts-and-design","12":"tag-design","13":"tag-diseno","14":"tag-entertainment","15":"tag-entretenimiento","16":"tag-es","17":"tag-espana","18":"tag-spain"},"share_on_mastodon":{"url":"","error":""},"_links":{"self":[{"href":"https:\/\/www.europesays.com\/es\/wp-json\/wp\/v2\/posts\/50222","targetHints":{"allow":["GET"]}}],"collection":[{"href":"https:\/\/www.europesays.com\/es\/wp-json\/wp\/v2\/posts"}],"about":[{"href":"https:\/\/www.europesays.com\/es\/wp-json\/wp\/v2\/types\/post"}],"author":[{"embeddable":true,"href":"https:\/\/www.europesays.com\/es\/wp-json\/wp\/v2\/users\/2"}],"replies":[{"embeddable":true,"href":"https:\/\/www.europesays.com\/es\/wp-json\/wp\/v2\/comments?post=50222"}],"version-history":[{"count":0,"href":"https:\/\/www.europesays.com\/es\/wp-json\/wp\/v2\/posts\/50222\/revisions"}],"wp:featuredmedia":[{"embeddable":true,"href":"https:\/\/www.europesays.com\/es\/wp-json\/wp\/v2\/media\/50223"}],"wp:attachment":[{"href":"https:\/\/www.europesays.com\/es\/wp-json\/wp\/v2\/media?parent=50222"}],"wp:term":[{"taxonomy":"category","embeddable":true,"href":"https:\/\/www.europesays.com\/es\/wp-json\/wp\/v2\/categories?post=50222"},{"taxonomy":"post_tag","embeddable":true,"href":"https:\/\/www.europesays.com\/es\/wp-json\/wp\/v2\/tags?post=50222"}],"curies":[{"name":"wp","href":"https:\/\/api.w.org\/{rel}","templated":true}]}}