{"id":5023,"date":"2025-07-26T16:25:27","date_gmt":"2025-07-26T16:25:27","guid":{"rendered":"https:\/\/www.europesays.com\/es\/5023\/"},"modified":"2025-07-26T16:25:27","modified_gmt":"2025-07-26T16:25:27","slug":"anabel-pantoja-conoce-a-cairo-el-hijo-de-isa-y-deja-un-mensaje-lleno-de-amor","status":"publish","type":"post","link":"https:\/\/www.europesays.com\/es\/5023\/","title":{"rendered":"Anabel Pantoja conoce a Cairo, el hijo de Isa, y deja un mensaje lleno de amor"},"content":{"rendered":"<p id=\"eriKKog3Ds\" data-wc=\"116\"><strong>Este fin de semana ha sido especialmente emotivo para Anabel Pantoja, que ha vivido uno de los momentos m\u00e1s esperados del a\u00f1o: conocer por fin a Cairo, el hijo de su prima Isa Pantoja y Asraf Beno.<\/strong> La influencer, a pesar de encontrarse en plena recuperaci\u00f3n tras una ca\u00edda que la mantiene con el brazo inmovilizado, no ha querido perderse esta cita tan significativa, que ha tenido lugar en El Puerto de Santa Mar\u00eda, en C\u00e1diz. <strong>Con motivo del santo de Anabel \u2014un detalle que la propia colaboradora ha celebrado con cari\u00f1o en redes sociales\u2014, la sevillana ha recibido el que probablemente haya sido el mejor regalo posible: un reencuentro familiar lleno de emoci\u00f3n y ternura.<\/strong>\u00a0<\/p>\n<p> <img src=\"https:\/\/www.europesays.com\/es\/wp-content\/uploads\/2025\/07\/0083f3b5f6cb-skfdns-2.png\"   width=\"665\" height=\"1024\" loading=\"lazy\" decoding=\"async\" alt=\"Media Image\" fetchpriority=\"auto\" class=\"image ho-image\"\/>\u00a9 anabelpantoja00<\/p>\n<p> <img src=\"https:\/\/www.europesays.com\/es\/wp-content\/uploads\/2025\/07\/caf32c6b85dc-skfdns-1.jpg\"   width=\"1022\" height=\"1024\" loading=\"lazy\" decoding=\"async\" alt=\"Media Image\" fetchpriority=\"auto\" class=\"image ho-image\"\/>\u00a9 anabelpantoja00<\/p>\n<p id=\"esgvxMngpLO\" data-wc=\"124\"><strong>\u201cHoy me volv\u00ed a enamorar\u201d,<\/strong> escrib\u00eda Anabel junto a una fotograf\u00eda en la que se ve a Isa Pantoja sosteniendo a su peque\u00f1o entre los brazos, mientras lo observa con la mirada llena de dulzura. La imagen, compartida por ambas en sus redes sociales, refleja la complicidad que ha unido a las primas desde siempre, y que ahora se fortalece con una coincidencia muy especial: la maternidad casi simult\u00e1nea. <strong>Once a\u00f1os despu\u00e9s del nacimiento de Alberto, su primer hijo, han coincidido por fin en la maternidad: mientras que Isa daba la bienvenida a su segundo hijo, Cairo, el pasado 22 de junio, Anabel se convirti\u00f3 en madre por primera vez el 23 de noviembre del a\u00f1o anterior, con la llegada de la peque\u00f1a Alma.<\/strong><\/p>\n<p> <img src=\"https:\/\/www.europesays.com\/es\/wp-content\/uploads\/2025\/07\/9f8b4a4a20bd-skfdns-3.jpg\"   width=\"686\" height=\"1024\" loading=\"lazy\" decoding=\"async\" alt=\"Media Image\" fetchpriority=\"auto\" class=\"image ho-image\"\/>\u00a9 anabelpantoja00<\/p>\n<p> <img src=\"https:\/\/www.europesays.com\/es\/wp-content\/uploads\/2025\/07\/14336bda16a3-skfdns-2.jpg\"   width=\"768\" height=\"1024\" loading=\"lazy\" decoding=\"async\" alt=\"Media Image\" fetchpriority=\"auto\" class=\"image ho-image\"\/>\u00a9 isapantojam<\/p>\n<p id=\"eEg6F4C-PkU\" data-wc=\"119\"><strong>La cita en tierras gaditanas no ha sido solo un reencuentro de primas, sino tambi\u00e9n de generaciones. Isa acudi\u00f3 acompa\u00f1ada por su hijo mayor, Alberto, fruto de su anterior relaci\u00f3n con Alberto Isla.<\/strong> Por su parte, Anabel lleg\u00f3 con su peque\u00f1a Alma, en una comida que reuni\u00f3 a ambas familias en torno a la celebraci\u00f3n de la vida y los nuevos lazos que se est\u00e1n tejiendo entre los m\u00e1s peque\u00f1os del clan. En una segunda imagen, la influencer no ha querido olvidarse del hijo mayor de Isa, a quien tambi\u00e9n dedic\u00f3 unas palabras llenas de cari\u00f1o:<strong>\u00a0\u201cHace 11 a\u00f1os me enamor\u00e9 de \u00e9l\u201d,<\/strong> escrib\u00eda junto a una instant\u00e1nea en la que le da un tierno beso en la mejilla.<\/p>\n<p> <img src=\"https:\/\/www.europesays.com\/es\/wp-content\/uploads\/2025\/07\/68a4bd5e99bf-skfdns-3.png\"   width=\"703\" height=\"1024\" loading=\"lazy\" decoding=\"async\" alt=\"Media Image\" fetchpriority=\"auto\" class=\"image ho-image\"\/>\u00a9 anabelpantoja00<\/p>\n<p> <img src=\"https:\/\/www.europesays.com\/es\/wp-content\/uploads\/2025\/07\/6a86047e09f5-d815774bcb1c-isapantoja.jpg\"   width=\"865\" height=\"1024\" loading=\"lazy\" decoding=\"async\" alt=\"Media Image\" fetchpriority=\"auto\" class=\"image ho-image\"\/>\u00a9 isapantojam<\/p>\n<p id=\"eDkZNk4P9hj\" data-wc=\"125\">Este esperado reencuentro se hab\u00eda hecho esperar m\u00e1s de lo previsto, no por falta de ganas por parte de Anabel, sino por respeto a los tiempos que Isa necesitaba tras dar a luz. La hija de Isabel Pantoja, muy sincera con sus seguidores, ha compartido en los \u00faltimos d\u00edas c\u00f3mo ha vivido el posparto. \u201c<strong>Estoy disfrutando mucho todos sus momentos. Siento que se me va el mundo cuando me separo del beb\u00e9. Me daba verg\u00fcenza contar c\u00f3mo me siento\u201d<\/strong>, explicaba recientemente en una entrevista.<strong>\u00a0\u201cHe sido madre y pienso: \u2018\u00a1Qu\u00e9 tonta soy, mira lo que me pasa con mi segundo hijo!\u2019<\/strong>\u201d, confesaba con franqueza, asegurando que tras un embarazo id\u00edlico, la realidad de los primeros d\u00edas de maternidad ha sido m\u00e1s dura de lo esperado.<\/p>\n<p> <img src=\"https:\/\/www.europesays.com\/es\/wp-content\/uploads\/2025\/07\/c59dec15a65e-skfdns-4.png\"   width=\"576\" height=\"1024\" loading=\"lazy\" decoding=\"async\" alt=\"Media Image\" fetchpriority=\"auto\" class=\"image ho-image\"\/>\u00a9 anabelpantoja00<\/p>\n<p> <img src=\"https:\/\/www.europesays.com\/es\/wp-content\/uploads\/2025\/07\/2d42929b4856-skfdns-1.png\"   width=\"768\" height=\"1024\" loading=\"lazy\" decoding=\"async\" alt=\"Media Image\" fetchpriority=\"auto\" class=\"image ho-image\"\/>\u00a9 isapantojam<\/p>\n<p id=\"egYK5xPsxvf\" data-wc=\"100\">El delicado estado de salud de Cairo, con c\u00f3licos y la conocida crisis del lactante, tambi\u00e9n influy\u00f3 en la decisi\u00f3n de Isa de pedir un tiempo de calma antes de recibir visitas. \u201c<strong>Isa nos ha pedido un poquito de tiempo, todav\u00eda no podemos ir\u201d,\u00a0<\/strong>explicaba Anabel hace unas semanas. \u201c<strong>A la gente, que tanto le gusta hablar y decir que no he ido a ver a mi sobrino, es porque me lo ha pedido Isa. Yo cuando di a luz ped\u00ed calma&#8230; As\u00ed que, que se relajen un poquito\u201d,<\/strong> sentenciaba entonces, dejando claro que la relaci\u00f3n entre primas estaba intacta.<\/p>\n<p> <img src=\"https:\/\/www.europesays.com\/es\/wp-content\/uploads\/2025\/07\/6d3ef02681ca-509659259185082290200639153543713154613197470n.jpg\"   width=\"576\" height=\"1024\" loading=\"lazy\" decoding=\"async\" alt=\"Isa Pantoja con su reci\u00e9n nacido en brazos\" fetchpriority=\"auto\" class=\"image ho-image\"\/>\u00a9 isapantojam<\/p>\n<p> <img src=\"https:\/\/www.europesays.com\/es\/wp-content\/uploads\/2025\/07\/ea22bf662046-495387412185075230750218137107664655096745239n.jpg\"   width=\"576\" height=\"1024\" loading=\"lazy\" decoding=\"async\" alt=\"Media Image\" fetchpriority=\"auto\" class=\"image ho-image\"\/>\u00a9 anabelpantoja00<\/p>\n<p id=\"ekPCvqpGzWr\" data-wc=\"92\">Anabel ha sido, de hecho, uno de los pocos miembros del entorno familiar que felicit\u00f3 p\u00fablicamente a Isa por el nacimiento de Cairo. \u201c<strong>Por fin, lleg\u00f3 mi sobrino. Eres una campeona. \u00a1Felicidades!\u201d,<\/strong> escribi\u00f3 la influencer en un mensaje que acompa\u00f1aba una publicaci\u00f3n de la joven madre. En contraste, Isa ha confirmado que ni su madre, Isabel Pantoja, ni su hermano, Kiko Rivera, se han puesto en contacto con ella tras la llegada del peque\u00f1o. <strong>\u201cMar\u00eda del Monte es la \u00fanica de mi familia que me escribi\u00f3 al nacer mi hijo<\/strong>\u201d, afirmaba recientemente.<\/p>\n<p> <img src=\"https:\/\/www.europesays.com\/es\/wp-content\/uploads\/2025\/07\/0ce67230ffe0-bienvenido-a-nuestras-vidas-cairo-acabas-de-llegar-y-ya-te-queremos-con-locura.jpg\"   width=\"768\" height=\"1024\" loading=\"lazy\" decoding=\"async\" alt=\"Las im\u00e1genes que Isa Pantoja y Asraf Beno compartieron en Instagram tras el nacimiento de su hijo Cairo\" fetchpriority=\"auto\" class=\"image ho-image\"\/>\u00a9 isapantojam<\/p>\n<p> <img src=\"https:\/\/www.europesays.com\/es\/wp-content\/uploads\/2025\/07\/30a54ca72efe-bienvenido-a-nuestras-vidas-cairo-acabas-de-llegar-y-ya-te-queremos-con-locura.jpg\"   width=\"768\" height=\"1024\" loading=\"lazy\" decoding=\"async\" alt=\"Media Image\" fetchpriority=\"auto\" class=\"image ho-image\"\/>\u00a9 isapantojam<\/p>\n<p id=\"e02Bicfnvp\" data-wc=\"120\"><strong>Fiel al criterio de ambas de proteger la intimidad de los menores, Anabel opt\u00f3 por cubrir los rostros tanto de Cairo como de Alberto y Alma en todas las im\u00e1genes compartidas.<\/strong> Una decisi\u00f3n que ya ha adoptado con su propia hija y que ahora extiende con el mismo respeto hacia los hijos de su prima. La jornada en C\u00e1diz ha sido, por tanto, algo m\u00e1s que un encuentro familiar. Ha sido una confirmaci\u00f3n del apoyo mutuo entre Anabel e Isa, que han sabido mantenerse unidas m\u00e1s all\u00e1 de las distancias y los silencios del resto del clan. Dos primas que ahora comparten maternidad, ilusiones y tambi\u00e9n heridas, pero que encuentran en el v\u00ednculo familiar una fuente de alegr\u00eda y esperanza.<\/p>\n","protected":false},"excerpt":{"rendered":"Este fin de semana ha sido especialmente emotivo para Anabel Pantoja, que ha vivido uno de los momentos&hellip;\n","protected":false},"author":2,"featured_media":5024,"comment_status":"","ping_status":"","sticky":false,"template":"","format":"standard","meta":{"footnotes":""},"categories":[91],"tags":[517,4476,146,147,25,24,4477,23],"class_list":{"0":"post-5023","1":"post","2":"type-post","3":"status-publish","4":"format-standard","5":"has-post-thumbnail","7":"category-entretenimiento","8":"tag-actualidad","9":"tag-anabel-pantoja","10":"tag-entertainment","11":"tag-entretenimiento","12":"tag-es","13":"tag-espana","14":"tag-isa-pantoja","15":"tag-spain"},"share_on_mastodon":{"url":"","error":""},"_links":{"self":[{"href":"https:\/\/www.europesays.com\/es\/wp-json\/wp\/v2\/posts\/5023","targetHints":{"allow":["GET"]}}],"collection":[{"href":"https:\/\/www.europesays.com\/es\/wp-json\/wp\/v2\/posts"}],"about":[{"href":"https:\/\/www.europesays.com\/es\/wp-json\/wp\/v2\/types\/post"}],"author":[{"embeddable":true,"href":"https:\/\/www.europesays.com\/es\/wp-json\/wp\/v2\/users\/2"}],"replies":[{"embeddable":true,"href":"https:\/\/www.europesays.com\/es\/wp-json\/wp\/v2\/comments?post=5023"}],"version-history":[{"count":0,"href":"https:\/\/www.europesays.com\/es\/wp-json\/wp\/v2\/posts\/5023\/revisions"}],"wp:featuredmedia":[{"embeddable":true,"href":"https:\/\/www.europesays.com\/es\/wp-json\/wp\/v2\/media\/5024"}],"wp:attachment":[{"href":"https:\/\/www.europesays.com\/es\/wp-json\/wp\/v2\/media?parent=5023"}],"wp:term":[{"taxonomy":"category","embeddable":true,"href":"https:\/\/www.europesays.com\/es\/wp-json\/wp\/v2\/categories?post=5023"},{"taxonomy":"post_tag","embeddable":true,"href":"https:\/\/www.europesays.com\/es\/wp-json\/wp\/v2\/tags?post=5023"}],"curies":[{"name":"wp","href":"https:\/\/api.w.org\/{rel}","templated":true}]}}