{"id":50234,"date":"2025-08-15T23:40:10","date_gmt":"2025-08-15T23:40:10","guid":{"rendered":"https:\/\/www.europesays.com\/es\/50234\/"},"modified":"2025-08-15T23:40:10","modified_gmt":"2025-08-15T23:40:10","slug":"la-colonia-fresca-de-hombre-que-dura-tanto-como-un-perfume-caro-esta-entre-las-mas-vendidas-de-espana-en-verano-y-cuesta-hoy-solo-6-euros","status":"publish","type":"post","link":"https:\/\/www.europesays.com\/es\/50234\/","title":{"rendered":"La colonia fresca de hombre que dura tanto como un perfume caro, est\u00e1 entre las m\u00e1s vendidas de Espa\u00f1a en verano y cuesta hoy solo 6 euros"},"content":{"rendered":"<p data-journey-content=\"true\" data-node-id=\"2\" class=\"css-i9p093 emevuu60\">Los hombres sabemos que las fragancias frescas son sin\u00f3nimo de verano, frescura y libertad; un aliento gr\u00e1cil que se siente como un empuj\u00f3n hacia la sensaci\u00f3n m\u00e1s deseada cuando las altas temperaturas aprietan: no sentir calor. Son muchos los consejos que todos sabemos para que esto no suceda, pero <strong data-node-id=\"2.1\">el de usar un aroma fresco es quiz\u00e1 uno de los menos interiorizados y, sin embargo, de los m\u00e1s f\u00e1ciles de seguir y efectivos.<\/strong> Puede parecer ut\u00f3pico pensar que por usar una fragancia fresca la sensaci\u00f3n de calor va a reducirse, pero es tan cierto como que el agua moja. <\/p>\n<p data-journey-content=\"true\" data-node-id=\"3\" class=\"css-i9p093 emevuu60\">Las fragancias frescas destierran a las intensas y m\u00e1s secas para hacerse con el control olfativo del verano (bueno, hay hombres que reservan el d\u00eda para los aromas m\u00e1s ligeros y mantienen las intensas en la noche), consiguiendo as\u00ed un hueco privilegiado en el neceser de muchos que comprueban lo que dec\u00edamos: las fragancias frescas sientan muy bien al cuerpo cuando hace calor. Por eso <strong data-node-id=\"3.1\">hemos pensado que hablarte de esta podr\u00eda hacerte las cosas m\u00e1s f\u00e1ciles si est\u00e1s buscando una o quieres probar. <\/strong><\/p>\n<p><img draggable=\"true\" alt=\"impacto\" title=\"impacto\" loading=\"lazy\" width=\"679\" height=\"566\" decoding=\"async\" data-nimg=\"1\" style=\"color:transparent;width:100%;height:auto;\"   src=\"https:\/\/www.europesays.com\/es\/wp-content\/uploads\/2025\/08\/impacto-689b2a05a7c9a.jpg\" class=\"css-0 e1g79fud0\"\/><\/p>\n<p>Amazon<\/p>\n<p data-journey-content=\"true\" data-node-id=\"5\" class=\"css-i9p093 emevuu60\"><strong data-node-id=\"5.0\">Hablamos de un cl\u00e1sico de la perfumer\u00eda de hombres, Impacto Classic, una fragancia fresca y atrayente con una tendencia amaderada foug\u00e8re que resulta fresca y juvenil, restando a\u00f1os a quien la lleve y conquistando a quien la huele.<\/strong> Como notas de salida se encoentra bergamota, mandarina, lavanda, salvia, albahaca y menta; en notas de coraz\u00f3n el geranio, muguet y clavel; y, como notas de fondo, hay cedro, pachul\u00ed, \u00e1mbar y musgo de encina.<\/p>\n<p>La m\u00e1s vendida<\/p>\n<p>IMPACTO Colonia Impacto Classic<a target=\"_blank\" rel=\"nofollow noopener\" data-theme-key=\"product-image-wrapper\" href=\"https:\/\/www.amazon.es\/dp\/B07HRX2P78?tag=mensspain-21\" aria-label=\"6\u00a0\u20ac en Amazon for Colonia Impacto Classic\" data-href=\"https:\/\/www.amazon.es\/dp\/B07HRX2P78\" data-product-url=\"https:\/\/www.amazon.es\/dp\/B07HRX2P78\" data-affiliate=\"true\" data-affiliate-url=\"https:\/\/www.amazon.es\/dp\/B07HRX2P78?tag=mensspain-21\" data-affiliate-network=\"{&quot;afflink_redirect&quot;:&quot;\/_p\/afflink\/xBcK\/amazon-impacto-classic-para-hombre-edt&quot;,&quot;site_id&quot;:&quot;bdfeff23-8a70-4505-b844-235044521a56&quot;,&quot;network&quot;:{&quot;name&quot;:&quot;Amazon&quot;},&quot;metadata&quot;:{&quot;links&quot;:{&quot;default&quot;:&quot;https:\/\/www.amazon.es\/dp\/B07HRX2P78?tag=mensspain-21&quot;}}}\" data-vars-ga-call-to-action=\"6\u00a0\u20ac en Amazon\" data-vars-ga-media-role=\"\" data-vars-ga-media-type=\"Single Product Embed\" data-vars-ga-outbound-link=\"https:\/\/www.amazon.es\/dp\/B07HRX2P78\" data-vars-ga-product-brand=\"IMPACTO\" data-vars-ga-product-id=\"029653d4-1405-4ebe-9960-71ba5816b566\" data-vars-ga-product-price=\"5,95\u00a0\u20ac\" data-vars-ga-product-retailer-id=\"f0158427-cdc7-47d7-8e23-4f00b79d4d8a\" data-vars-ga-product-sem3-brand=\"IMPACTO\" data-vars-ga-product-sem3-category=\"Eau de Toilette\" data-vars-ga-link-treatment=\"sale | (not set)\" data-vars-ga-sku=\"B07HRX2P78\" data-vars-ga-magento-tracking=\"1\" class=\"product-image-link ebgq4gw2 e1b8bpvs0 css-g6od0w e1c1bym14\"><img  alt=\"Colonia Impacto Classic\" title=\"Colonia Impacto Classic\" src=\"https:\/\/www.europesays.com\/es\/wp-content\/uploads\/2025\/08\/1637497802-313biQAtfS._SL500_.jpg\" width=\"500\" height=\"409\" decoding=\"async\" loading=\"lazy\"\/><\/a><\/p>\n<p>Ahora 34% de descuento<\/p>\n<p>Cr\u00e9dito: AmazonPros<\/p>\n<ul data-theme-key=\"embedded-product-pros-cons-list\" class=\"css-4muw7x el16ixo4\">\n<li data-theme-key=\"embedded-product-pros-item\" class=\"css-4kwcq1 el16ixo3\"><img decoding=\"async\" data-dynamic-svg=\"true\" src=\"https:\/\/www.menshealth.com\/_assets\/design-tokens\/menshealth\/static\/icons\/check-circle-bold.54a36f3.svg?primary=%2523D2232E\" loading=\"lazy\" data-testid=\"dynamic-svg-base\" height=\"auto\" width=\"auto\" alt=\"Pro\" role=\"img\" title=\"Pro\" class=\"css-23kqqm el16ixo1\"\/>Fragancia fresca<\/li>\n<li data-theme-key=\"embedded-product-pros-item\" class=\"css-4kwcq1 el16ixo3\"><img decoding=\"async\" data-dynamic-svg=\"true\" src=\"https:\/\/www.menshealth.com\/_assets\/design-tokens\/menshealth\/static\/icons\/check-circle-bold.54a36f3.svg?primary=%2523D2232E\" loading=\"lazy\" data-testid=\"dynamic-svg-base\" height=\"auto\" width=\"auto\" alt=\"Pro\" role=\"img\" title=\"Pro\" class=\"css-23kqqm el16ixo1\"\/>Buena duraci\u00f3n<\/li>\n<\/ul>\n<p>Contras<\/p>\n<ul data-theme-key=\"embedded-product-pros-cons-list\" class=\"css-4muw7x el16ixo4\">\n<li data-theme-key=\"embedded-product-cons-item\" class=\"css-4kwcq1 el16ixo2\"><img decoding=\"async\" data-dynamic-svg=\"true\" src=\"https:\/\/www.menshealth.com\/_assets\/design-tokens\/menshealth\/static\/icons\/x-cross-circle-bold.03b207b.svg?primary=%2523D2232E\" loading=\"lazy\" data-testid=\"dynamic-svg-base\" height=\"auto\" width=\"auto\" alt=\"Con\" role=\"img\" title=\"Con\" class=\"css-23kqqm el16ixo0\"\/>No para todas las edades<\/li>\n<\/ul>\n<tr data-theme-key=\"embedded-product-key-specs-line\" class=\"css-0 elexcwx2\">Marca<\/p>\n<td data-theme-key=\"embedded-product-key-specs-value-item\" class=\"css-14bw0g1 elexcwx1\">IMPACTO<\/td>\n<\/tr>\n<tr data-theme-key=\"embedded-product-key-specs-line\" class=\"css-0 elexcwx2\">Tama\u00f1o<\/p>\n<td data-theme-key=\"embedded-product-key-specs-value-item\" class=\"css-14bw0g1 elexcwx1\">100 ml<\/td>\n<\/tr>\n<tr data-theme-key=\"embedded-product-key-specs-line\" class=\"css-0 elexcwx2\">Fragancia<\/p>\n<td data-theme-key=\"embedded-product-key-specs-value-item\" class=\"css-14bw0g1 elexcwx1\">Amaderada fresca<\/td>\n<\/tr>\n<p>Fragancia fresca de larga duraci\u00f3n\u00a0<\/p>\n<p data-journey-content=\"true\" data-node-id=\"8\" class=\"css-i9p093 emevuu60\">Impacto Classic es una fragancia que<strong data-node-id=\"8.1\"> tan solo cuesta 6 euros<\/strong> y que se caracteriza por su larga duraci\u00f3n y buena persistencia en la piel, logrando que sea un aroma que te acompa\u00f1a en tu d\u00eda a d\u00eda. Sentir\u00e1s que te acompa\u00f1a todo el d\u00eda.<\/p>\n<p>Contenidos relacionados<img src=\"https:\/\/www.europesays.com\/es\/wp-content\/uploads\/2025\/08\/fd1f8513-6d8f-4da9-a11b-516feac82abc_1664447566.file\" alt=\"Headshot of Fran G\u00f3mez\" title=\"Headshot of Fran G\u00f3mez\" width=\"100%\" height=\"100%\" decoding=\"async\" loading=\"lazy\" class=\"css-o0wq4v ev8dhu53\"\/><\/p>\n<p>Fran G\u00f3mez es un periodista especializado en moda y belleza masculina, con una amplia experiencia en el mundo editorial. Nacido en Madrid, Fran se gradu\u00f3 en periodismo en la Universidad Carlos III de Madrid y r\u00e1pidamente comenz\u00f3 a enfocar su carrera en el mundo de la moda y la belleza masculina trabajando en la revista Forbes.\u00a0<\/p>\n<p>Durante su trayectoria profesional, Fran ha escrito en algunas de las publicaciones m\u00e1s importantes del sector, entre ellas Men\u2019s Health, donde actualmente trabaja como redactor digital en la secci\u00f3n de moda y belleza masculina, donde comparte sus conocimientos y consejos sobre c\u00f3mo vestir y cuidar el cuerpo de los hombres. Tambi\u00e9n puedes encontrar el nombre de este periodista en otras cabeceras como Esquire, Fotogramas o ELLE.\u00a0<\/p>\n<p>A lo largo de su carrera, Fran ha desarrollado las capacidades para poder identificar las \u00faltimas tendencias y adaptarlas a diferentes perfiles de hombres, estar a la \u00faltima de lo que se lleva, informar sobre cualquier novedad de estilo y descubrir y recomendar a los lectores los mejores productos de cosm\u00e9tica masculina. Tambi\u00e9n tiene una amplia experiencia en el Ecommerce.\u00a0<\/p>\n<p>Fran es tambi\u00e9n un usuario muy activo en sus redes sociales y por eso conoce cada novedad que envuelve a cantantes, actores, influencers&#8230; Esto le ha permitido entrevistar a celebridades nacionales e internacionales.\u00a0<\/p>\n<p>Ha sido invitado a programas de radio para hablar sobre tendencias, estilo y actualidad. Adem\u00e1s, fue jurado de la primera edici\u00f3n de los Premios \u00cddolo, unos premios dedicados a reconocer el trabajo de los mejores creadores de contenido de nuestro pa\u00eds. \u00a0<\/p>\n","protected":false},"excerpt":{"rendered":"Los hombres sabemos que las fragancias frescas son sin\u00f3nimo de verano, frescura y libertad; un aliento gr\u00e1cil que&hellip;\n","protected":false},"author":2,"featured_media":50235,"comment_status":"","ping_status":"","sticky":false,"template":"","format":"standard","meta":{"footnotes":""},"categories":[80],"tags":[1655,82,253,95,94,25,24,23],"class_list":{"0":"post-50234","1":"post","2":"type-post","3":"status-publish","4":"format-standard","5":"has-post-thumbnail","7":"category-economia","8":"tag-afiliacion","9":"tag-business","10":"tag-discover","11":"tag-economia","12":"tag-economy","13":"tag-es","14":"tag-espana","15":"tag-spain"},"share_on_mastodon":{"url":"","error":""},"_links":{"self":[{"href":"https:\/\/www.europesays.com\/es\/wp-json\/wp\/v2\/posts\/50234","targetHints":{"allow":["GET"]}}],"collection":[{"href":"https:\/\/www.europesays.com\/es\/wp-json\/wp\/v2\/posts"}],"about":[{"href":"https:\/\/www.europesays.com\/es\/wp-json\/wp\/v2\/types\/post"}],"author":[{"embeddable":true,"href":"https:\/\/www.europesays.com\/es\/wp-json\/wp\/v2\/users\/2"}],"replies":[{"embeddable":true,"href":"https:\/\/www.europesays.com\/es\/wp-json\/wp\/v2\/comments?post=50234"}],"version-history":[{"count":0,"href":"https:\/\/www.europesays.com\/es\/wp-json\/wp\/v2\/posts\/50234\/revisions"}],"wp:featuredmedia":[{"embeddable":true,"href":"https:\/\/www.europesays.com\/es\/wp-json\/wp\/v2\/media\/50235"}],"wp:attachment":[{"href":"https:\/\/www.europesays.com\/es\/wp-json\/wp\/v2\/media?parent=50234"}],"wp:term":[{"taxonomy":"category","embeddable":true,"href":"https:\/\/www.europesays.com\/es\/wp-json\/wp\/v2\/categories?post=50234"},{"taxonomy":"post_tag","embeddable":true,"href":"https:\/\/www.europesays.com\/es\/wp-json\/wp\/v2\/tags?post=50234"}],"curies":[{"name":"wp","href":"https:\/\/api.w.org\/{rel}","templated":true}]}}