{"id":50236,"date":"2025-08-15T23:41:07","date_gmt":"2025-08-15T23:41:07","guid":{"rendered":"https:\/\/www.europesays.com\/es\/50236\/"},"modified":"2025-08-15T23:41:07","modified_gmt":"2025-08-15T23:41:07","slug":"protestas-esperanza-escepticismo-y-una-gigantesca-bandera-de-ucrania-aguardan-en-anchorage-a-putin-y-trump-internacional","status":"publish","type":"post","link":"https:\/\/www.europesays.com\/es\/50236\/","title":{"rendered":"Protestas, esperanza, escepticismo (y una gigantesca bandera de Ucrania) aguardan en Anchorage a Putin y Trump | Internacional"},"content":{"rendered":"<p class=\"\">\u201cClaro que tiene que haber conversaciones de paz sobre Ucrania, pero no as\u00ed. Es extra\u00f1o que no participe Ucrania. Ucrania tiene que estar presente en las negociaciones en las que se trate de su futuro, no que Trump sea quien los represente\u201d, opinaba Bill, un asistente social retirado, mientras desayunaba la ma\u00f1ana del viernes en una de las cafeter\u00edas que salpican el centro de Anchorage. \u201cPero ojal\u00e1, ojal\u00e1, salga algo positivo\u201d, agregaba un segundo despu\u00e9s. <a href=\"https:\/\/elpais.com\/internacional\/2025-08-15\/claves-sobre-la-cumbre-en-alaska-por-que-trump-recibe-a-putin-pueden-lograr-la-paz-en-ucrania.html\" target=\"_self\" rel=\"nofollow noopener\" title=\"https:\/\/elpais.com\/internacional\/2025-08-15\/claves-sobre-la-cumbre-en-alaska-por-que-trump-recibe-a-putin-pueden-lograr-la-paz-en-ucrania.html\">La cumbre de este viernes entre el presidente de Estados Unidos, Donald Trump, y el l\u00edder ruso, Vlad\u00edmir Putin<\/a>, ha sido recibida con una mezcla de esperanza, escepticismo, oposici\u00f3n y protestas en esta ciudad que un d\u00eda fue territorio ruso \u2014y donde las simpat\u00edas recaen firmemente del lado ucranio\u2014.<\/p>\n<p class=\"\">A lo largo de este viernes se han convocado m\u00e1s de una docena de protestas en varios puntos de esta ciudad de 290.000 habitantes y el resto de Alaska, el Estado de mayor extensi\u00f3n y menos densamente poblado de Estados Unidos, contra la presencia de los dos l\u00edderes y para reclamar que no se llegue a <a href=\"https:\/\/elpais.com\/internacional\/2025-08-15\/putin-logra-en-su-visita-a-trump-en-alaska-romper-el-aislamiento-internacional.html\" target=\"_self\" rel=\"nofollow noopener\" title=\"https:\/\/elpais.com\/internacional\/2025-08-15\/putin-logra-en-su-visita-a-trump-en-alaska-romper-el-aislamiento-internacional.html\">ning\u00fan acuerdo que pueda perjudicar a Ucrania<\/a>. Cerca de un millar de refugiados ucranios se han asentado en Alaska huyendo de la guerra. <\/p>\n<p class=\"\">Al tiempo que el presidente estadounidense aterriz\u00f3 en la base a\u00e9rea de Elmendorf-Richardson, <a href=\"https:\/\/elpais.com\/internacional\/2025-08-15\/putin-y-trump-se-reunen-en-alaska-mientras-ucrania-y-europa-contienen-el-aliento.html#?rel=mas\" target=\"_self\" rel=\"nofollow noopener\" title=\"https:\/\/elpais.com\/internacional\/2025-08-15\/putin-y-trump-se-reunen-en-alaska-mientras-ucrania-y-europa-contienen-el-aliento.html#?rel=mas\">donde recibi\u00f3 el l\u00edder ruso<\/a>, varias docenas de personas se manifestaron en la entrada de esas instalaciones militares, con c\u00e1nticos, girasoles \u2014emblema de Ucrania\u2014, carteles con mensajes como \u201cAlaska, junto a Ucrania\u201d o \u201cPutin, criminal de guerra\u201d, y las banderas azules y amarillas del pa\u00eds invadido. <\/p>\n<p class=\"\">\u201cNuestra meta es transmitir solidaridad con nuestros hermanos y hermanas en Ucrania, para que sepan que todos hemos visto con horror c\u00f3mo result\u00f3 invadida hace ya m\u00e1s de tres a\u00f1os\u201d, apunta Nicole Collins, del grupo Ketchikan Mayday for Democracy, uno de los organizadores de las protestas. <\/p>\n<p class=\"\">Alrededor de las dos de la tarde, hora local, varias decenas de asistentes desplegaron \u201cla mayor bandera de Ucrania fuera de Ucrania\u201d, seg\u00fan los organizadores del acto. El lugar escogido fue el parque Delaney, un espacio verde que recorre el centro de esta ciudad, la mayor del Estado, entre las aguas de la ensenada de Cook y las monta\u00f1as de Chugach. Poco despu\u00e9s, ambas delegaciones dieron por concluida la reuni\u00f3n. <\/p>\n<p class=\"\">Otros residentes expresaron su oposici\u00f3n, no tanto a la cumbre en s\u00ed, sino a la presencia de Trump: aunque Alaska vot\u00f3 republicano de modo muy mayoritario en las elecciones de 2024, en Anchorage se impuso la candidata dem\u00f3crata, Kamala Harris. <\/p>\n<p class=\"\">\u201cEsta ciudad ya tiene suficientes problemas. \u00bfVa a ocuparse de ellos?\u201d, opinaba Deanna, otra clienta de la cafeter\u00eda, mientras se\u00f1alaba con un gesto a uno de los grupos de personas sin techo que pululaban a primeras horas de la ma\u00f1ana por las calles del distrito de oficinas de Anchorage. Las cifras oficiales sit\u00faan en cerca de 800 el n\u00famero de personas sin hogar, pero las organizaciones locales calculan que el n\u00famero real ronda los 4.000. <\/p>\n<p class=\"\">Deanna admite haber votado a Trump en las elecciones de noviembre, pero se declara esc\u00e9ptica sobre el ahora presidente y sus recortes de servicios sociales. \u201cNo es que el a\u00f1o pasado tuvi\u00e9ramos muchas opciones. Vot\u00e9 por Trump porque es un empresario y promet\u00eda eficiencia. Pero al final, todos acaban haciendo lo que quieren y somos la gente de a pie los que pagamos el pato\u201d, apuntaba esta administrativa en una compa\u00f1\u00eda log\u00edstica.<\/p>\n<p class=\"\">Anchorage se ha visto sorprendida por la cumbre en plena ebullici\u00f3n de una temporada tur\u00edstica que ya hab\u00eda desbordado sus escasos hoteles. Las autoridades han tenido que buscar soluciones creativas para acoger a las masas de periodistas y delegados llegados para el evento. Parte de las respectivas delegaciones de los dos presidentes descansan en las instalaciones de la Universidad de Alaska, a pocos kil\u00f3metros de la base militar donde tiene lugar la cita de los l\u00edderes y una zona donde los bloques de apartamentos advierten en carteles a sus residentes de que dejen las puertas bien cerradas al salir o al entrar: \u201cSe ha detectado actividad reciente de osos\u201d.<\/p>\n<p class=\"\">Sin habitaciones disponibles, el m\u00e1s de un centenar de reporteros rusos que acompa\u00f1an a la comitiva llegada de Mosc\u00fa han quedado alojados en un pabell\u00f3n polideportivo con capacidad para 5.000 personas, el mismo donde se estableci\u00f3 un albergue temporal durante los tiempos m\u00e1s duros de la pandemia de la covid. Sus comunicaciones tambi\u00e9n se encuentran limitadas: debido a las sanciones internacionales, los servicios de roaming telef\u00f3nico no funcionan. Y Rusia bloquea las llamadas desde aplicaciones de mensajer\u00eda como WhatsApp. <\/p>\n","protected":false},"excerpt":{"rendered":"\u201cClaro que tiene que haber conversaciones de paz sobre Ucrania, pero no as\u00ed. Es extra\u00f1o que no participe&hellip;\n","protected":false},"author":2,"featured_media":49335,"comment_status":"","ping_status":"","sticky":false,"template":"","format":"standard","meta":{"footnotes":""},"categories":[42],"tags":[9017,22183,8738,17,18,70,71,72,352,700,13,14,69,7082,11,61,62,63,64,19,20,9,10,15,16,1613,1614,12,7081,21,22,1617,7083,14181,65,66,67],"class_list":{"0":"post-50236","1":"post","2":"type-post","3":"status-publish","4":"format-standard","5":"has-post-thumbnail","7":"category-internacional","8":"tag-alaska","9":"tag-anchorage","10":"tag-ataques-militares","11":"tag-breaking-news","12":"tag-breakingnews","13":"tag-conflictos","14":"tag-conflictos-armados","15":"tag-conflictos-internacionales","16":"tag-donald-trump","17":"tag-europa","18":"tag-featured-news","19":"tag-featurednews","20":"tag-guerra","21":"tag-guerra-de-rusia-en-ucrania","22":"tag-headlines","23":"tag-internacional","24":"tag-international","25":"tag-international-news","26":"tag-internationalnews","27":"tag-latest-news","28":"tag-latestnews","29":"tag-news","30":"tag-noticias","31":"tag-noticias-destacadas","32":"tag-noticiasdestacadas","33":"tag-otan","34":"tag-rusia","35":"tag-titulares","36":"tag-ucrania","37":"tag-ultimas-noticias","38":"tag-ultimasnoticias","39":"tag-union-europea","40":"tag-vladimir-putin","41":"tag-volodimir-zelenski","42":"tag-world","43":"tag-world-news","44":"tag-worldnews"},"share_on_mastodon":{"url":"","error":""},"_links":{"self":[{"href":"https:\/\/www.europesays.com\/es\/wp-json\/wp\/v2\/posts\/50236","targetHints":{"allow":["GET"]}}],"collection":[{"href":"https:\/\/www.europesays.com\/es\/wp-json\/wp\/v2\/posts"}],"about":[{"href":"https:\/\/www.europesays.com\/es\/wp-json\/wp\/v2\/types\/post"}],"author":[{"embeddable":true,"href":"https:\/\/www.europesays.com\/es\/wp-json\/wp\/v2\/users\/2"}],"replies":[{"embeddable":true,"href":"https:\/\/www.europesays.com\/es\/wp-json\/wp\/v2\/comments?post=50236"}],"version-history":[{"count":0,"href":"https:\/\/www.europesays.com\/es\/wp-json\/wp\/v2\/posts\/50236\/revisions"}],"wp:featuredmedia":[{"embeddable":true,"href":"https:\/\/www.europesays.com\/es\/wp-json\/wp\/v2\/media\/49335"}],"wp:attachment":[{"href":"https:\/\/www.europesays.com\/es\/wp-json\/wp\/v2\/media?parent=50236"}],"wp:term":[{"taxonomy":"category","embeddable":true,"href":"https:\/\/www.europesays.com\/es\/wp-json\/wp\/v2\/categories?post=50236"},{"taxonomy":"post_tag","embeddable":true,"href":"https:\/\/www.europesays.com\/es\/wp-json\/wp\/v2\/tags?post=50236"}],"curies":[{"name":"wp","href":"https:\/\/api.w.org\/{rel}","templated":true}]}}