{"id":502369,"date":"2026-04-17T07:39:11","date_gmt":"2026-04-17T07:39:11","guid":{"rendered":"https:\/\/www.europesays.com\/es\/502369\/"},"modified":"2026-04-17T07:39:11","modified_gmt":"2026-04-17T07:39:11","slug":"mi-querida-senorita-o-como-actualizar-un-clasico-moderno","status":"publish","type":"post","link":"https:\/\/www.europesays.com\/es\/502369\/","title":{"rendered":"&#8216;Mi querida se\u00f1orita&#8217; o c\u00f3mo actualizar un cl\u00e1sico moderno"},"content":{"rendered":"<p style=\"\">La Adela de Jos\u00e9 Luis L\u00f3pez V\u00e1zquez se cre\u00eda un monstruo porque le empezaba a crecer la barba. Iba al m\u00e9dico y le ped\u00eda al doctor que le dijera la verdad. Este, con su diagn\u00f3stico, le restaba importancia: \u00abUsted no es una mujer\u2026 usted es  &#8230; un hombre. Un hombre perfectamente normal\u00bb. L\u00f3pez V\u00e1zquez se vest\u00eda de mujer, sab\u00eda bordar, tocar el piano o llevar una casa, pero no sab\u00eda qu\u00e9 hacer con sus manos \u00aben ese mundo\u00bb. Tambi\u00e9n se enamoraba, como mujer y como hombre, con total naturalidad de Isabelita, y ella le correspond\u00eda con la misma llaneza de los sentimientos cuando no se les reviste de disfraces. Muchas cosas de &#8216;Mi querida se\u00f1orita&#8217; suenan a 2026, pero se estren\u00f3 en 1972, con el franquismo sobrevolando.<strong> Jaime de Armi\u00f1\u00e1n y Jos\u00e9 Luis Borau<\/strong> escribieron un gui\u00f3n vanguardista que fue una bofetada a la censura tan sutil que parece propia del mism\u00edsimo Billy Wilder. Un cl\u00e1sico moderno que atisbaba la complejidad de la sexualidad, que siempre hab\u00eda existido pero nunca se le hab\u00eda puesto nombre. <\/p>\n<p class=\"v-d-p\" style=\"\">Lo ten\u00edan dif\u00edcil <strong>Fernando Gonz\u00e1lez Molina y Alana S. Portero <\/strong>para actualizar este viaje de identidad adelantado, que tocaba, sin mencionar, el ampl\u00edsimo lenguaje de los tiempos actuales y su sensible sensibilidad y sobre todo ya met\u00eda el dedo en la llaga en temas como la intersexualidad, a la que ahora la pel\u00edcula, que se estrena este viernes en cines, pone por fin nombre. \u00abSiendo incre\u00edblemente rompedora para la \u00e9poca,<a href=\"https:\/\/www.abc.es\/play\/cine\/querida-senorita-retrato-intersexualidad-20260416111835-nt.html\" data-voc-vtm-id=\"in-text-traffic\" title=\" la realidad intersexual\" rel=\"nofollow noopener\" target=\"_blank\"> la realidad intersexual<\/a> de la protagonista y su problem\u00e1tica respecto a ello, era algo que no quedaba en absoluto claro y que necesitaba una reinvenci\u00f3n fundamental que le diera sentido al proyecto\u00bb, explica el director. A partir de esa historia, de esa base, de ese entramado que terminaba con final feliz y una historia de amor, reescribir un comienzo, empezar algo nuevo, que es m\u00e1s una historia de amor propio. <\/p>\n<p><img decoding=\"async\" loading=\"lazy\" src=\"https:\/\/www.europesays.com\/es\/wp-content\/uploads\/2026\/04\/mi_querida_senorita-kRqB--680x476@diario_abc.jpg\" class=\"v-a-img\" width=\"680\" height=\"478\" alt=\"L\u00f3pez V\u00e1zquez en la pel\u00edcula de 1972.\" data-voc-vtm-id=\"in-text-traffic\"\/><\/p>\n<p>L\u00f3pez V\u00e1zquez en la pel\u00edcula de 1972.<\/p>\n<p class=\"v-d-p\" style=\"\">\u00ab<a href=\"https:\/\/www.abc.es\/play\/cine\/querida-senorita-intersexuales-seguimos-invisibilizadas-anos-20260415150040-nt.html\" data-voc-vtm-id=\"in-text-traffic\" title=\"La pel\u00edcula se llama &#039;Mi querida se\u00f1orita&#039; \" rel=\"nofollow noopener\" target=\"_blank\">La pel\u00edcula se llama &#8216;Mi querida se\u00f1orita&#8217; <\/a>y se tiene que ver por qu\u00e9\u00bb, cuenta Portero, que debuta como guionista en esta cinta. \u00abHay algo de nostalgia con la pel\u00edcula original, en su justa medida, pero sobre todo hay mucha nostalgia nuestra. Mucha nostalgia de nuestra propia vida, que es lo que ha rellenado ese armaz\u00f3n perfecto\u00bb, asegura.<\/p>\n<p class=\"v-d-p\" style=\"\">La nueva <a href=\"https:\/\/www.abc.es\/espana\/andalucia\/malaga\/regreso-querida-senorita-voz-persona-intersexual-esconderse-20260308210646-nts.html\" data-voc-vtm-id=\"in-text-traffic\" title=\"&#039;Mi querida se\u00f1orita&#039; \" rel=\"nofollow noopener\" target=\"_blank\">&#8216;Mi querida se\u00f1orita&#8217; <\/a>es como un im\u00e1n, por un lado se pega a la original de forma inevitable pero por otro se aparta. Reconocen el director y la guionista que la de Jaime de Armi\u00f1\u00e1n es una pel\u00edcula construida sobre una sutileza necesaria por los tiempos que le toc\u00f3 vivir y hace de todo eso su principal virtud, pero \u00abdeja muchos claroscuros, mucho gris, que narrativamente antes funcionaban muy bien pero ahora no funcionar\u00edan, sobre todo porque tienes que hablar de qu\u00e9 es lo que le sucede a ese personaje, le tienes que poner nombre. Casi no ser\u00eda ni \u00e9tico ni tendr\u00eda sentido volverlo a hacer, porque ya est\u00e1 perfectamente hecho en el lenguaje que le correspond\u00eda\u00bb. El reto era llenar los silencios de la original y colorear su b\u00e1sica paleta con otros tonos mucho m\u00e1s oportunos ahora, de ah\u00ed que decidieran volver sobre el cl\u00e1sico repitiendo hasta el t\u00edtulo pero cambiando teclas para que el camino de Adela, por ejemplo, no fuera uno de soledad como en la original. <\/p>\n<ul class=\"v-cmp-rld__u\">\n<li class=\"v-cmp-rld__l\">\n<p><a class=\"v-a-lnk\" href=\"http:\/\/www.abc.es\/play\/cine\/noticias\/alfredo-landa-actor-historia-refresco-cartelera-estrenos-20260415041952-nt.html#vtm_modulosEngag=noticiasrelacionadas-cmp-uno:play:noticia:1\" title=\"Alfredo Landa, un actor para la historia y un refresco para la cartelera\" data-voc-vtm-id=\"in-text-traffic\" rel=\"nofollow noopener\" target=\"_blank\"><br \/>\n<img decoding=\"async\" loading=\"lazy\" src=\"https:\/\/www.europesays.com\/es\/wp-content\/uploads\/2026\/04\/49911533-k7JE-U201737575700HWC-366x256@diario_abc.jpg\" class=\"v-a-img\" width=\"258\" height=\"180\" alt=\"Alfredo Landa, un actor para la historia y un refresco para la cartelera\"\/><br \/>\n<\/a><\/p>\n<\/li>\n<\/ul>\n<p class=\"v-d-p\" style=\"\">En ese sentido, el desaf\u00edo que le propusieron<strong> Javier Ambrossi y Javier Calvo<\/strong>, productores de esta nueva &#8216;Mi querida se\u00f1orita&#8217; y muy presentes en todo el proceso de &#8216;renovaci\u00f3n&#8217; del filme de Jaime de Armi\u00f1\u00e1n, pasaba por rellenar las grietas, poner luz sobre las sombras, construir, expandir ese universo y \u00abde alguna manera vengar al personaje y darle el entorno de aliados y de familia elegida que el original no ten\u00eda\u00bb, estableciendo as\u00ed un di\u00e1logo entre ambas pel\u00edculas. Ah\u00ed entra el reparto, con nombres como Anna Castillo, Paco Le\u00f3n, Nagore Aranburu, Manu R\u00edos, Eneko Sagardoy, Lola Rodr\u00edguez, Mar\u00eda Galiana y Delphina Bianco.<\/p>\n<p>\nEl viaje de una actriz intersexual\n<\/p>\n<p class=\"v-d-p\" style=\"\">Tambi\u00e9n contar con una actriz intersexual, \u00abque no abundan\u00bb (la debutante Elisabeth Mart\u00ednez), que supliera las carencias narrativas del personaje de L\u00f3pez V\u00e1zquez, que ofrece una interpretaci\u00f3n ic\u00f3nica e irrepetible pero que resuelve su \u00abproblem\u00e1tica\u00bb poni\u00e9ndose o quit\u00e1ndose la peluca, algo en lo que \u00abno se reconocer\u00eda ninguna persona intersex ahora\u00bb. \u00abEl proceso con Elisabeth ha sido complejo y duro, porque nunca hab\u00eda actuado, y encima est\u00e1 interpretando a un personaje que tiene links emocionales y conflicto con ella misma, empezando por la relaci\u00f3n con su cuerpo cuando ella misma tiene una relaci\u00f3n complicada con el espejo. Esto convert\u00eda el viaje en un aut\u00e9ntico desaf\u00edo, pero creo que tambi\u00e9n retrataba muy bien el conflicto del personaje y le daba verdad a la pel\u00edcula\u00bb, explica Gonz\u00e1lez Molina. <\/p>\n<p class=\"v-d-p\" style=\"\">Coincide la guionista: \u00abTe da todos los elementos para que recorras una vida desde un principio hasta una especie de final. Nosotros lo que pensamos es desde un principio hasta otro principio, abrir las posibilidades. \u00bfC\u00f3mo es esta vida despu\u00e9s de todo lo pasado? Esa vida empieza ahora. El viaje que hace desde la ciudad peque\u00f1a a la ciudad grande, la exploraci\u00f3n de g\u00e9nero que hace, intentar quedarnos con eso, pero expandirlo a que no sea algo binario, porque igual lo binario es hijo de su tiempo\u00bb.<\/p>\n<p class=\"v-d-p\" style=\"\">Volver a 1972 para traer &#8216;Mi querida se\u00f1orita&#8217; es un proceso no exento de nostalgia, pero tambi\u00e9n un recordatorio oportuno de que nunca es tarde para seguir contando y ampliando las historias. \u00abHay un aire de retroceso que conviene combatir desde el trabajo que hacemos, confrontar y decir, bueno, no nos volvamos a los laureles y no nos creamos esta cosa como lo woke que domina la narrativa, porque no es verdad, esto no es cierto y porque nuestros derechos han costado mucho conseguirlos pero son fr\u00e1giles\u00bb. <\/p>\n","protected":false},"excerpt":{"rendered":"La Adela de Jos\u00e9 Luis L\u00f3pez V\u00e1zquez se cre\u00eda un monstruo porque le empezaba a crecer la barba.&hellip;\n","protected":false},"author":2,"featured_media":502370,"comment_status":"","ping_status":"","sticky":false,"template":"","format":"standard","meta":{"footnotes":""},"categories":[169],"tags":[38902,177,5145,146,147,25,24,176,34493,175,12372,17641,23],"class_list":["post-502369","post","type-post","status-publish","format-standard","has-post-thumbnail","category-cine","tag-actualizar","tag-cine","tag-clasico","tag-entertainment","tag-entretenimiento","tag-es","tag-espana","tag-film","tag-moderno","tag-movies","tag-querida","tag-senorita","tag-spain"],"share_on_mastodon":{"url":"https:\/\/pubeurope.com\/@es\/116418915243275585","error":""},"_links":{"self":[{"href":"https:\/\/www.europesays.com\/es\/wp-json\/wp\/v2\/posts\/502369","targetHints":{"allow":["GET"]}}],"collection":[{"href":"https:\/\/www.europesays.com\/es\/wp-json\/wp\/v2\/posts"}],"about":[{"href":"https:\/\/www.europesays.com\/es\/wp-json\/wp\/v2\/types\/post"}],"author":[{"embeddable":true,"href":"https:\/\/www.europesays.com\/es\/wp-json\/wp\/v2\/users\/2"}],"replies":[{"embeddable":true,"href":"https:\/\/www.europesays.com\/es\/wp-json\/wp\/v2\/comments?post=502369"}],"version-history":[{"count":0,"href":"https:\/\/www.europesays.com\/es\/wp-json\/wp\/v2\/posts\/502369\/revisions"}],"wp:featuredmedia":[{"embeddable":true,"href":"https:\/\/www.europesays.com\/es\/wp-json\/wp\/v2\/media\/502370"}],"wp:attachment":[{"href":"https:\/\/www.europesays.com\/es\/wp-json\/wp\/v2\/media?parent=502369"}],"wp:term":[{"taxonomy":"category","embeddable":true,"href":"https:\/\/www.europesays.com\/es\/wp-json\/wp\/v2\/categories?post=502369"},{"taxonomy":"post_tag","embeddable":true,"href":"https:\/\/www.europesays.com\/es\/wp-json\/wp\/v2\/tags?post=502369"}],"curies":[{"name":"wp","href":"https:\/\/api.w.org\/{rel}","templated":true}]}}