{"id":50237,"date":"2025-08-15T23:42:08","date_gmt":"2025-08-15T23:42:08","guid":{"rendered":"https:\/\/www.europesays.com\/es\/50237\/"},"modified":"2025-08-15T23:42:08","modified_gmt":"2025-08-15T23:42:08","slug":"la-reapertura-de-la-taberna-garibaldi-de-pablo-iglesias-hemos-abierto-a-las-seis-pero-ya-desde-el-mediodia-habia-gente-deambulando-frente-al-local-el-mundo","status":"publish","type":"post","link":"https:\/\/www.europesays.com\/es\/50237\/","title":{"rendered":"La reapertura de la taberna Garibaldi de Pablo Iglesias: &quot;Hemos abierto a las seis, pero ya desde el mediod\u00eda hab\u00eda gente deambulando frente al local&quot; &#8211; El Mundo"},"content":{"rendered":"<ol>\n<li><a href=\"https:\/\/news.google.com\/rss\/articles\/CBMiekFVX3lxTFA4SjZlWDRDcm9xZ08tS2czUkVZb29YdE1aZ1NSWVpuT25kdldoT0pDZVZfaXlITEVOUUhZZU1oQU1rMkhQMVdJTVlRWjV5eG5kY3J5TmpSQVJXQnVDVExhdWtnRFlxX1hQNHAxOTlSSzVVb2h3UWJNWU5B0gF6QVVfeXFMTXBGRlFldmVQQ1A5ZmFRN3BqaXdLOGc1R0ZTZ19zVWU0NlQ1WGJQaW1aZHJqMTBDM0d0blZUczZQbHVGZnRIbzlUeXhhbmZlN1VzaTUtWHRrMFYxb2poUzhmUndVMGJLR3JkTzZSbkJRUnpES1FQcVpqTUE?oc=5\" target=\"_blank\" rel=\"nofollow noopener\">La reapertura de la taberna Garibaldi de Pablo Iglesias: \u00abHemos abierto a las seis, pero ya desde el mediod\u00eda hab\u00eda gente deambulando frente al local\u00bb<\/a>&nbsp;&nbsp;El Mundo<\/li>\n<li><a href=\"https:\/\/news.google.com\/rss\/articles\/CBMi-AFBVV95cUxNeFlTcTJQd2diTi1yMlpkOFptbkd1S3JTSUZvQ0V0SmpkVkdFZXBtZFhYbERCSkZlLUNlSEFjeENtZndrcmZhVERRckxmRHQzekVISEhnRlZ0Q3o0NHlJTk1vSC1MQkVQVlBqcnVrNzlWQ2V4TTZxaTg4Y0YtY21hU0JMajJWbWRJVVZHTjZLWmV2MFBqNnVIMGw5Mi1jTUVkRVN6SVBTRk9vOHAzeUUwZ1l1QS01TFA4V3RuRnN1NS1oeGRGN0d3clhZeFpzdm81eEUteXdUbFFraXRkblYxTUk0TEVXbHVVTTFzMDNiNkNWb0VRVWFqdw?oc=5\" target=\"_blank\" rel=\"nofollow noopener\">Pablo Iglesias reabre su Taberna Garibaldi: \u201cUn espacio cultural nuestro, antifascista\u2026 y con cerveza, terraza y futbol\u00edn\u201d<\/a>&nbsp;&nbsp;La Vanguardia<\/li>\n<li><a href=\"https:\/\/news.google.com\/rss\/articles\/CBMihwJBVV95cUxPZWM3cTU0NkJrd3BaV09menItVmNieE9UaWQzczRCQzJ3Y2ZlbE9vRjloSm9MZTJHejJFT0lCWmp0dUV0SVd6b1lqOFN1LVJzMkR5ZE4zM1RFSFFxRVg1V1l1SWV1MzE0QjM3dG1GZS1SN1QySzAzOG9BbXlBcW9BZjlwVzkzOWgzVUp1VUQ5cERLdVY3TjNFTU90X2R6czFDYkR1LWw0MEp3YUFlOVhYTUg0NnNEWGtVd0FoaFZMTkozdXZkdkpBNm9UOHVvNXhpM0Z5WnYxR2Fsd085RWRjakFNREI0amtfNjRTSU45ZnZnSS1XV2dpUGFKUC1xdkpvcU8xNGR0ONIBkgJBVV95cUxNeWdyTURJTHdzazYtMFd1VlNfQUMyRktUWDN2QmhuWWJ2bkVwZG5lcEM1dnh1cDJpOExCRTdqTnBJMDUwdWZvTHF0UFYtcmtIUUtnUFd2UmcxbEx4NkNocXRldzVuMnNkZG9ZSThFOG8tUEFHc3VqaGxObUdPTHZ3VGhCVUhia2d6LVUzTTNfSHBVQ3drNjNDRkRxeEtOOUg0WHEwVW9JVEdMbHRkbmVjV0lBOGZqSW1jU2p1dnF1dkJSUzhtUWZKVWtKS1R1ZzlvLXpLNjhmbDFiOWdVUGUwUFVHT2phYS1IdXZUY2FpOUdBaUxIeFRacTRpVWlONlBtWnZaVVNjUmJlc3k2ZmQxbllR?oc=5\" target=\"_blank\" rel=\"nofollow noopener\">Iglesias abre su nueva Garibaldi \u00abm\u00e1s grande, m\u00e1s bolivariana, m\u00e1s bolchevique, m\u00e1s narcocomunista, m\u00e1s sovi\u00e9tica\u00bb<\/a>&nbsp;&nbsp;Libertad Digital<\/li>\n<li><a href=\"https:\/\/news.google.com\/rss\/articles\/CBMixgFBVV95cUxPLW9zMWFoOTQ3ZFdrVnJWUVhZQ3RROWkyTHBrZmk1eERDS3lVZ09OQ1c0ZGI5eUZDYV85RWVwa1Faa3k1aE1raGhUTWRHeHJnLVVXVXFsNmNFWktJek5jODR6SlRSWWR4SVIxbDYxb01MOWo0enJxMXBCcEU5dXpXWVpJWWxfWFAwZEM5SHdHX3dvTEp4QmdDODkyaktUcGR6RDJMakJQcWxDWndTU0JST0ZCMjFHLXVYYVBmTVN1ZEJfbVdvUkHSAcsBQVVfeXFMTzJHS294dVI5SjlHcXkzZ1F2Unh2WllucFdaSTlXU2cyUENVM0EtN1Q4SmJocnJiZExkN1Nub1VpNTFZR09sbHNveHpKQnFsa1ZwRTl2cWVKeU5CcXhQc0d1QkdoRUZFZ3RSQ1p1TGhwdlM3M2hYdmx3X2JYSUdvM19VVGRTcDhMY1RzbkRoUC1HOEFUOUk1OUpoM2JGWms0OHZFdWt4ZXlFZDFfTTQ1LWFUcFFncDVnYXcyVWhqY3NpWGc4N3RNQktiWlU?oc=5\" target=\"_blank\" rel=\"nofollow noopener\">Pablo Iglesias reabre la taberna Garibaldi en Madrid tras recaudar m\u00e1s de 140.000\u20ac<\/a>&nbsp;&nbsp;heraldo.es<\/li>\n<li><a href=\"https:\/\/news.google.com\/rss\/articles\/CBMiggJBVV95cUxQMVd3SmNXckI3VmdMaXg3RGx2T1pjYjU1bHNtVXZrOV9TSHYxUl9NVzFlUEhwdmdzUkI5bGlPU0pIUEFLc2lNQkdXUGoteW9TNHc0dmhtUkEyX0lGOVBaZjFteUtXanFZNGRtamJrRUdFVzZ0VFZhUGwxMHRxcmtoY19Qd2VVTUFPS0Y0NHJQMlh1aWdkNS1kTk05VnFqbTRob045bHdRN0RXWHpkcWRXUHNNRXV6MzhlU1loRDFQRkJXS1hjWWM4YXVsb2pMY2p3M3B6UjBpamEtTG50bEpmQ1l6R21pQ0VYRmVVOXB1ZmlIdGo5c1ZPZGJ1ZWQwTWVNQkHSAYICQVVfeXFMTWo2Y0hXYzNNWW12Q3MwUUhpY3VEN0s2VG96T2ttWFRyMy10aUlodWF1VnF0Y0V2VVplN2V5Qk82eURqZ0xYVlk2R1JFTjJUYzNXU0EtWlhVMzgzRHd0anh2R2Roc0NjMHhpUmszWUsyUFVWanVvMl84S0JnN2JuSUt5TWw2SEoxUEtBV1hyT2puZmRMelZld0haMndwSWFRZDJkaEpkOXRzVm1NNUVhSmxZSFExRVlNR3c1VHJTTGM2MWd1b3FmdWFtRm5SdnlvMWZSbUpWRFkwNlR2TmFKdWNQN21WbWwwWGZDR0Rud3hPMzBpTWxaZFNhcDBaQnUzRHp3?oc=5\" target=\"_blank\" rel=\"nofollow noopener\">Pablo Iglesias anuncia la reapertura de la taberna Garibaldi en Lavapi\u00e9s gracias a un crowdfunding de 140.000<\/a>&nbsp;&nbsp;Onda Cero<\/li>\n<\/ol>\n","protected":false},"excerpt":{"rendered":"La reapertura de la taberna Garibaldi de Pablo Iglesias: \u00abHemos abierto a las seis, pero ya desde el&hellip;\n","protected":false},"author":2,"featured_media":50238,"comment_status":"","ping_status":"","sticky":false,"template":"","format":"standard","meta":{"footnotes":""},"categories":[8],"tags":[17,18,1467,25,24,13,14,11,19,20,205,9,10,15,16,3799,22399,22397,6067,952,23,12,21,22,22398],"class_list":{"0":"post-50237","1":"post","2":"type-post","3":"status-publish","4":"format-standard","5":"has-post-thumbnail","7":"category-espana","8":"tag-breaking-news","9":"tag-breakingnews","10":"tag-comunidad-de-madrid","11":"tag-es","12":"tag-espana","13":"tag-featured-news","14":"tag-featurednews","15":"tag-headlines","16":"tag-latest-news","17":"tag-latestnews","18":"tag-madrid","19":"tag-news","20":"tag-noticias","21":"tag-noticias-destacadas","22":"tag-noticiasdestacadas","23":"tag-ocio","24":"tag-pablo-echenique","25":"tag-pablo-iglesias","26":"tag-podemos","27":"tag-politica","28":"tag-spain","29":"tag-titulares","30":"tag-ultimas-noticias","31":"tag-ultimasnoticias","32":"tag-unidos-podemos"},"share_on_mastodon":{"url":"","error":""},"_links":{"self":[{"href":"https:\/\/www.europesays.com\/es\/wp-json\/wp\/v2\/posts\/50237","targetHints":{"allow":["GET"]}}],"collection":[{"href":"https:\/\/www.europesays.com\/es\/wp-json\/wp\/v2\/posts"}],"about":[{"href":"https:\/\/www.europesays.com\/es\/wp-json\/wp\/v2\/types\/post"}],"author":[{"embeddable":true,"href":"https:\/\/www.europesays.com\/es\/wp-json\/wp\/v2\/users\/2"}],"replies":[{"embeddable":true,"href":"https:\/\/www.europesays.com\/es\/wp-json\/wp\/v2\/comments?post=50237"}],"version-history":[{"count":0,"href":"https:\/\/www.europesays.com\/es\/wp-json\/wp\/v2\/posts\/50237\/revisions"}],"wp:featuredmedia":[{"embeddable":true,"href":"https:\/\/www.europesays.com\/es\/wp-json\/wp\/v2\/media\/50238"}],"wp:attachment":[{"href":"https:\/\/www.europesays.com\/es\/wp-json\/wp\/v2\/media?parent=50237"}],"wp:term":[{"taxonomy":"category","embeddable":true,"href":"https:\/\/www.europesays.com\/es\/wp-json\/wp\/v2\/categories?post=50237"},{"taxonomy":"post_tag","embeddable":true,"href":"https:\/\/www.europesays.com\/es\/wp-json\/wp\/v2\/tags?post=50237"}],"curies":[{"name":"wp","href":"https:\/\/api.w.org\/{rel}","templated":true}]}}