{"id":50249,"date":"2025-08-15T23:51:10","date_gmt":"2025-08-15T23:51:10","guid":{"rendered":"https:\/\/www.europesays.com\/es\/50249\/"},"modified":"2025-08-15T23:51:10","modified_gmt":"2025-08-15T23:51:10","slug":"la-joya-de-la-masia-que-rechaza-al-barca-de-basket-y-pone-rumbo-a-estados-unidos","status":"publish","type":"post","link":"https:\/\/www.europesays.com\/es\/50249\/","title":{"rendered":"la joya de la Mas\u00eda que rechaza al Bar\u00e7a de basket y pone rumbo a Estados Unidos"},"content":{"rendered":"<p>                <a href=\"https:\/\/cronicaglobal.elespanol.com\/culemania\/secciones\/\" class=\"kicker--section\" rel=\"nofollow noopener\" target=\"_blank\">Secciones<\/a><\/p>\n<p>\n    El canterano azulgrana dej\u00f3 muy clara su intenci\u00f3n de no continuar en el FC Barcelona y ahora ha oficializado su llegada a un nuevo equipo\n<\/p>\n<p>    Noticias relacionadas<\/p>\n<p class=\"paragraph\" id=\"paragraph_1\"><a href=\"https:\/\/cronicaglobal.elespanol.com\/culemania\/secciones\/20250814\/masia-llamadas-rescatar-barca-femenino-pere-romeu\/1003742681708_0.html?utm_cmp_rs=linksinline\" target=\"_blank\" rel=\"nofollow noopener\">La Mas\u00eda<\/a> est\u00e1 en peligro. Al menos en lo que ata\u00f1e al <a href=\"https:\/\/cronicaglobal.elespanol.com\/culemania\/secciones\/20250813\/nuevo-fichaje-navarro-barca-basket-lamine-yamal\/1003742681471_0.html?utm_cmp_rs=linksinline\" target=\"_blank\" rel=\"nofollow noopener\">Bar\u00e7a de basket<\/a>. <strong>Las altas prestaciones econ\u00f3micas que ofrece la NCAA<\/strong> &#8211;la liga universitaria estadounidense&#8211; son inigualables con lo que los conjuntos nacionales pueden poner sobre la mesa. Dicha amenaza ya se ha transformado en varias salidas prematuras del club cul\u00e9, como son los casos de <strong>Dame Sarr y Kasparas Jakucionis<\/strong>. Ahora, la liga norteamericana se<strong> ha cobrado una v\u00edctima m\u00e1s<\/strong>. <a href=\"https:\/\/cronicaglobal.elespanol.com\/culemania\/secciones\/20250813\/nuevo-fichaje-navarro-barca-basket-lamine-yamal\/1003742681471_0.html?utm_cmp_rs=linksinline\" target=\"_blank\" rel=\"nofollow noopener\">Navarro<\/a> no puede retenerle.<\/p>\n<p>Toda una vida en la Mas\u00eda<\/p>\n<p class=\"paragraph\" id=\"paragraph_2\">Se trata de <strong>Ra\u00fal Villar<\/strong>. El base catal\u00e1n nacido en 2007 aterriz\u00f3 en <a href=\"https:\/\/cronicaglobal.elespanol.com\/culemania\/secciones\/20250814\/masia-llamadas-rescatar-barca-femenino-pere-romeu\/1003742681708_0.html?utm_cmp_rs=linksinline\" target=\"_blank\" rel=\"nofollow noopener\">Can Bar\u00e7a<\/a> en verano de <strong>2018<\/strong>. Su desparpajo ofensivo y capacidad de pase le pusieron r\u00e1pidamente en el escalaf\u00f3n m\u00e1s alto de talento dentro de la Mas\u00eda. <strong>Atraves\u00f3 todas las categor\u00edas inferiores del club cul\u00e9 y lleg\u00f3 a debutar con el primer equipo<\/strong>.<\/p>\n<p><img decoding=\"async\" alt=\"Ra\u00fal Villar, la joven perla del Bar\u00e7a de basket nacida en 2007\" data-imgm=\"true\" height=\"180\" loading=\"lazy\"  src=\"https:\/\/www.europesays.com\/es\/wp-content\/uploads\/2025\/08\/933416700_14308786_1024x576.jpg\"  width=\"320\"\/><\/p>\n<p>                                                            Ra\u00fal Villar, la joven perla del Bar\u00e7a de basket nacida en 2007<\/p>\n<p>                    FCB<\/p>\n<p><img decoding=\"async\" alt=\"Ra\u00fal Villar en su debut con el Bar\u00e7a de basket\" data-imgm=\"true\" height=\"180\" loading=\"lazy\"  src=\"https:\/\/www.europesays.com\/es\/wp-content\/uploads\/2025\/08\/1003742681846_15019084_1024x576.jpg\"  width=\"320\"\/><\/p>\n<p>                                                            Ra\u00fal Villar en su debut con el Bar\u00e7a de basket<\/p>\n<p>                    REDES<\/p>\n<p class=\"paragraph\" id=\"paragraph_3\">Lo hizo, adem\u00e1s, en el mayor escenario posible: <strong>en Euroliga contra el <a href=\"https:\/\/cronicaglobal.elespanol.com\/culemania\/real-madrid\/20250813\/fichaje-scariolo-real-madrid-basket-sale-empezar\/1003742681352_0.html?utm_cmp_rs=linksinline\" target=\"_blank\" rel=\"nofollow noopener\">Real Madrid de basket<\/a><\/strong>. Dicho hito marc\u00f3 historia como el primer jugador en toda la trayectoria de la entidad azulgrana en estrenarse con el primer equipo habiendo llegado al club en categor\u00eda mini. Sin embargo, aunque contaba con la confianza del cuerpo t\u00e9cnico, <strong>Villar tom\u00f3 una decisi\u00f3n dura<\/strong>.<\/p>\n<p>Rumbo a Estados Unidos<\/p>\n<p class=\"paragraph\" id=\"paragraph_4\">Ya en junio,\u00a0<a href=\"https:\/\/cronicaglobal.elespanol.com\/culemania\/secciones\/20250531\/la-joven-de-contra-cuerdas-barca-basket\/1003742661992_0.html?utm_cmp_rs=linksinline\" target=\"_blank\" rel=\"nofollow noopener\">el base barcelon\u00e9s de 17 a\u00f1os<\/a> <strong>anunci\u00f3 su salida del FC Barcelona<\/strong> para asumir nuevos retos. Su nuevo destino ser\u00eda la NCAA y ahora su nuevo club ha confirmado su incorporaci\u00f3n. Se trata de la <strong>Universidad de Charlotte<\/strong>, donde competir\u00e1 aspirando a llamar la atenci\u00f3n de la <strong>NBA<\/strong> para dar el salto a la mejor liga del mundo.<\/p>\n<p><img decoding=\"async\" alt=\"La Universidad de Charlotte anuncia la incorporaci\u00f3n de Ra\u00fal Villar\" data-imgm=\"true\" height=\"854\" loading=\"lazy\"  src=\"https:\/\/www.europesays.com\/es\/wp-content\/uploads\/2025\/08\/1003742681845_15019069_855x1140.jpg\"  width=\"640\"\/><\/p>\n<p>                                                            La Universidad de Charlotte anuncia la incorporaci\u00f3n de Ra\u00fal Villar<\/p>\n<p>                    REDES<\/p>\n<p class=\"paragraph\" id=\"paragraph_5\">Durante la temporada 2024\u201125, Villar <strong>disput\u00f3 21 partidos oficiales con el primer equipo: 15 en Liga Endesa y 6 en Euroliga<\/strong>. Su mejor actuaci\u00f3n lleg\u00f3 ante Surne Bilbao, con 8 puntos, 2 asistencias y 2 rebotes.<\/p>\n<p>Tendencia al alza<\/p>\n<p class=\"paragraph\" id=\"paragraph_6\">Su salida no es ning\u00fan caso excepcional. Este mismo a\u00f1o el Bar\u00e7a de basket ya ha visto c\u00f3mo <strong>Dame Sarr y Mathieu Grujisic<\/strong> tomaban el mismo camino. Adem\u00e1s, <a href=\"https:\/\/cronicaglobal.elespanol.com\/culemania\/secciones\/20250627\/canterano-barca-basket-nba-drafteado-ricky-rubio\/1003742669367_0.html?utm_cmp_rs=linksinline\" target=\"_blank\" rel=\"nofollow noopener\">Kasparas Jakucionis<\/a> hizo lo propio el verano anterior y ahora ha sido seleccionado para jugar en la NBA.<\/p>\n<p><img loading=\"lazy\" decoding=\"async\" alt=\"Dame Sarr jugar\u00e1 para la universidad de Duke tras dejar el Bar\u00e7a de basket\" height=\"1385\" src=\"https:\/\/www.europesays.com\/es\/wp-content\/uploads\/2025\/08\/1003742659918_14621215_1706x1385.jpg\" width=\"1706\" data-lazy-status=\"processed\" data-lazy-info=\"remove loading item 1\"\/><\/p>\n<p>                                                            Dame Sarr jugar\u00e1 para la universidad de Duke tras dejar el Bar\u00e7a de basket<\/p>\n<p>                    REDES<\/p>\n<p><img decoding=\"async\" alt=\"Kasparas Jakucionis con el comisionario jefe de la NBA, Adam Silver, en el draft 2025\" data-imgm=\"true\" height=\"180\" loading=\"lazy\"  src=\"https:\/\/www.europesays.com\/es\/wp-content\/uploads\/2025\/08\/1003742669380_14792225_1024x576.jpg\"  width=\"320\"\/><\/p>\n<p>                                                            Kasparas Jakucionis con el comisionario jefe de la NBA, Adam Silver, en el draft 2025<\/p>\n<p>                    REDES<\/p>\n<p><img decoding=\"async\" alt=\"Mathieu Grajicic\" data-imgm=\"true\" height=\"180\" loading=\"lazy\"  src=\"https:\/\/www.europesays.com\/es\/wp-content\/uploads\/2025\/08\/1003742647036_14385016_1024x576.png\"  width=\"320\"\/><\/p>\n","protected":false},"excerpt":{"rendered":"Secciones El canterano azulgrana dej\u00f3 muy clara su intenci\u00f3n de no continuar en el FC Barcelona y ahora&hellip;\n","protected":false},"author":2,"featured_media":50250,"comment_status":"","ping_status":"","sticky":false,"template":"","format":"standard","meta":{"footnotes":""},"categories":[269],"tags":[299,298,168,25,24,4469,11166,8869,4468,1725,4470,23,167],"class_list":{"0":"post-50249","1":"post","2":"type-post","3":"status-publish","4":"format-standard","5":"has-post-thumbnail","7":"category-baloncesto","8":"tag-baloncesto","9":"tag-basketball","10":"tag-deportes","11":"tag-es","12":"tag-espana","13":"tag-fcb-basket","14":"tag-fichajes-barca","15":"tag-joan-penarroya","16":"tag-juan-carlos-navarro","17":"tag-nba","18":"tag-secciones","19":"tag-spain","20":"tag-sports"},"share_on_mastodon":{"url":"","error":""},"_links":{"self":[{"href":"https:\/\/www.europesays.com\/es\/wp-json\/wp\/v2\/posts\/50249","targetHints":{"allow":["GET"]}}],"collection":[{"href":"https:\/\/www.europesays.com\/es\/wp-json\/wp\/v2\/posts"}],"about":[{"href":"https:\/\/www.europesays.com\/es\/wp-json\/wp\/v2\/types\/post"}],"author":[{"embeddable":true,"href":"https:\/\/www.europesays.com\/es\/wp-json\/wp\/v2\/users\/2"}],"replies":[{"embeddable":true,"href":"https:\/\/www.europesays.com\/es\/wp-json\/wp\/v2\/comments?post=50249"}],"version-history":[{"count":0,"href":"https:\/\/www.europesays.com\/es\/wp-json\/wp\/v2\/posts\/50249\/revisions"}],"wp:featuredmedia":[{"embeddable":true,"href":"https:\/\/www.europesays.com\/es\/wp-json\/wp\/v2\/media\/50250"}],"wp:attachment":[{"href":"https:\/\/www.europesays.com\/es\/wp-json\/wp\/v2\/media?parent=50249"}],"wp:term":[{"taxonomy":"category","embeddable":true,"href":"https:\/\/www.europesays.com\/es\/wp-json\/wp\/v2\/categories?post=50249"},{"taxonomy":"post_tag","embeddable":true,"href":"https:\/\/www.europesays.com\/es\/wp-json\/wp\/v2\/tags?post=50249"}],"curies":[{"name":"wp","href":"https:\/\/api.w.org\/{rel}","templated":true}]}}