{"id":5027,"date":"2025-07-26T16:27:17","date_gmt":"2025-07-26T16:27:17","guid":{"rendered":"https:\/\/www.europesays.com\/es\/5027\/"},"modified":"2025-07-26T16:27:17","modified_gmt":"2025-07-26T16:27:17","slug":"ryanair-equipaje-trabajadores-de-ryanair-cobran-un-bonus-si-localizan-equipaje-demasiado-grande-para-cabina","status":"publish","type":"post","link":"https:\/\/www.europesays.com\/es\/5027\/","title":{"rendered":"RYANAIR EQUIPAJE | Trabajadores de Ryanair cobran un bonus si localizan equipaje demasiado grande para cabina"},"content":{"rendered":"<p class=\"ft-text\"><a class=\"ft-link ft-link--decoration\" href=\"https:\/\/www.elperiodico.com\/es\/temas\/ryanair-24437\" rel=\"nofollow noopener\" target=\"_blank\">Ryanair <\/a>ha confirmado que sus <strong>trabajadores <\/strong>son <strong>premiados econ\u00f3micamente <\/strong>si encuentran <strong>equipajes <\/strong>de cabina cuyas dimensiones superen las <strong>medidas <\/strong>permitidas.<\/p>\n<p class=\"ft-text\">As\u00ed lo han anunciado desde la propia aerol\u00ednea, despu\u00e9s de que el diario brit\u00e1nico <strong>&#8216;<\/strong><a class=\"ft-link ft-link--decoration\" href=\"https:\/\/www.thetimes.com\/uk\/transport\/article\/ryanair-staff-pays-bonuses-oversized-cabin-bags-hvxnzdl5r\" rel=\"nofollow noopener\" target=\"_blank\">The Times&#8217; haya publicado una investigaci\u00f3n mediante la cual ha podido acceder a una de las n\u00f3minas de un empleado<\/a> de la compa\u00f1\u00eda, el cual hab\u00eda registrado una <strong>bonificaci\u00f3n<\/strong> en concepto de \u00abbonus por maleta en puerta\u00bb.<\/p>\n<p>Pol\u00edtica exclusiva del Reino Unido (de momento)<\/p>\n<p class=\"ft-text\">Tras publicar la exclusiva, los <strong>periodistas <\/strong>contactaron con <strong>Ryanair <\/strong>para que verificara la <strong>noticia<\/strong>. La confirmaci\u00f3n no se hizo esperar: la<strong> empresa irlandesa<\/strong> detall\u00f3 que paga una <strong>prima <\/strong>a aquellos <strong>trabajadores <\/strong>que hallan <strong>maletas <\/strong>de una <strong>dimensi\u00f3n superior<\/strong> a la permitida y que se tienen que <strong>facturar <\/strong>por <strong>75 euros.<\/strong><\/p>\n<p class=\"ft-text\">Por otro lado, el medio brit\u00e1nico no explica si esta <strong>normativa <\/strong>se aplica solo dentro del <a class=\"ft-link ft-link--decoration\" href=\"https:\/\/www.elperiodico.com\/es\/lugares\/reino-unido-6574\" rel=\"nofollow noopener\" target=\"_blank\">Reino Unido<\/a> o tambi\u00e9n en el resto de<strong> <\/strong>pa\u00edses en los que opera Ryanair.<\/p>\n<p>Bonus de 1,5 euros por cada maleta<\/p>\n<p class=\"ft-text\">El <strong>testimonio <\/strong>del diario &#8216;The Times&#8217; explica que el <strong>pago extra<\/strong> es de \u00ab<strong>1,50 euros<\/strong>\u00bb por <strong>cada equipaje<\/strong> de cabina que no cumple los requisitos de la compa\u00f1\u00eda, con un <strong>m\u00e1ximo <\/strong>de \u00ab<strong>80 euros<\/strong>\u00bb por <strong>empleado<\/strong>.<\/p>\n<p class=\"ft-text\">Adem\u00e1s, la aerol\u00ednea irlandesa asegura que los <strong>usuarios <\/strong>que liquidan la <strong>vulneraci\u00f3n <\/strong>de las <strong>pol\u00edticas <\/strong>de maletas son <strong>escasos<\/strong>. \u00abNuestro <strong>mensaje <\/strong>para ese <strong>0,1%<\/strong> de <strong>pasajeros <\/strong>es simple: por favor, cumplan nuestras generosas normas de equipaje o se les cobrar\u00e1 en el &#8216;check-in&#8217; o en la puerta de embarque\u00bb, afirma Ryanair.<\/p>\n<p>Nueva norma de la Uni\u00f3n Europea<\/p>\n<p class=\"ft-text\">La <strong>nueva legislaci\u00f3n<\/strong> de la <a class=\"ft-link ft-link--decoration\" href=\"https:\/\/www.elperiodico.com\/es\/organismos\/union-europea-5390\" rel=\"nofollow noopener\" target=\"_blank\">Uni\u00f3n Europea <\/a>establecer\u00e1 un <strong>tama\u00f1o m\u00ednimo 40\u00d730\u00d715 cent\u00edmetros<\/strong> para el equipaje de mano <strong>gratuito <\/strong>permitido en cabina para todas las compa\u00f1\u00edas que funcionen en la UE. As\u00ed, <a class=\"ft-link ft-link--decoration\" href=\"https:\/\/www.elperiodico.com\/es\/economia\/20250711\/ryanair-equipaje-mano-dv-119472042\" rel=\"nofollow noopener\" target=\"_blank\">Ryanair tendr\u00e1 que adaptar su normativa<\/a>, ya que hasta <strong>ahora <\/strong>las medidas de las maletas de cabina <strong>sin coste adicional<\/strong> eran de <strong>40\u00d720\u00d725 cent\u00edmetros. <\/strong>Estas dimensiones son inferiores a las que ofrecen otras aerol\u00edneas como <a class=\"ft-link ft-link--decoration\" href=\"https:\/\/www.elperiodico.com\/es\/temas\/vueling-16633\" rel=\"nofollow noopener\" target=\"_blank\">Vueling<\/a>, que permite hasta 40\u00d730\u00d720 cent\u00edmetros, o <a class=\"ft-link ft-link--decoration\" href=\"https:\/\/www.elperiodico.com\/es\/temas\/easyjet-39489\" rel=\"nofollow noopener\" target=\"_blank\">EasyJet<\/a>, con <strong>45\u00d736\u00d720 cent\u00edmetros<\/strong> para el equipaje gratuito.<\/p>\n<p class=\"ft-text\">Por ello, la <strong>empresa irlandesa<\/strong> ha decidido <strong>aumentar <\/strong>el <strong>tama\u00f1o m\u00e1ximo <\/strong>permitido para maleta de mano gratuita hasta los<strong> 40\u00d730\u00d720 cent\u00edmetros.<\/strong>\u00a0Es decir, el bolso peque\u00f1o ser\u00e1 incluso mayor que el nuevo est\u00e1ndar m\u00ednimo establecido por la UE, ofreciendo un <strong>margen adicional<\/strong> a los <strong>pasajeros<\/strong>.<\/p>\n<p class=\"ft-text\">Adem\u00e1s, Ryanair ha explicado que esta <strong>mejora <\/strong>se implementar\u00e1 \u00abdurante las <strong>pr\u00f3ximas semanas<\/strong>\u00ab, un proceso que implicar\u00e1 el ajuste de los medidores de equipaje f\u00edsicos instalados en los <a class=\"ft-link ft-link--decoration\" href=\"https:\/\/www.elperiodico.com\/es\/temas\/aeropuertos-29632\" rel=\"nofollow noopener\" target=\"_blank\">aeropuertos<\/a> para reflejar las nuevas dimensiones permitidas.<\/p>\n","protected":false},"excerpt":{"rendered":"Ryanair ha confirmado que sus trabajadores son premiados econ\u00f3micamente si encuentran equipajes de cabina cuyas dimensiones superen las&hellip;\n","protected":false},"author":2,"featured_media":5028,"comment_status":"","ping_status":"","sticky":false,"template":"","format":"standard","meta":{"footnotes":""},"categories":[80],"tags":[1161,4483,4480,82,4482,4484,95,94,4481,25,24,2444,4478,23,4479,1617,1159],"class_list":{"0":"post-5027","1":"post","2":"type-post","3":"status-publish","4":"format-standard","5":"has-post-thumbnail","7":"category-economia","8":"tag-aeropuertos","9":"tag-aviones","10":"tag-bonus","11":"tag-business","12":"tag-dv","13":"tag-easyjet","14":"tag-economia","15":"tag-economy","16":"tag-equipaje-grande-cabina","17":"tag-es","18":"tag-espana","19":"tag-reino-unido","20":"tag-ryanair","21":"tag-spain","22":"tag-trabajadores","23":"tag-union-europea","24":"tag-vueling"},"share_on_mastodon":{"url":"","error":""},"_links":{"self":[{"href":"https:\/\/www.europesays.com\/es\/wp-json\/wp\/v2\/posts\/5027","targetHints":{"allow":["GET"]}}],"collection":[{"href":"https:\/\/www.europesays.com\/es\/wp-json\/wp\/v2\/posts"}],"about":[{"href":"https:\/\/www.europesays.com\/es\/wp-json\/wp\/v2\/types\/post"}],"author":[{"embeddable":true,"href":"https:\/\/www.europesays.com\/es\/wp-json\/wp\/v2\/users\/2"}],"replies":[{"embeddable":true,"href":"https:\/\/www.europesays.com\/es\/wp-json\/wp\/v2\/comments?post=5027"}],"version-history":[{"count":0,"href":"https:\/\/www.europesays.com\/es\/wp-json\/wp\/v2\/posts\/5027\/revisions"}],"wp:featuredmedia":[{"embeddable":true,"href":"https:\/\/www.europesays.com\/es\/wp-json\/wp\/v2\/media\/5028"}],"wp:attachment":[{"href":"https:\/\/www.europesays.com\/es\/wp-json\/wp\/v2\/media?parent=5027"}],"wp:term":[{"taxonomy":"category","embeddable":true,"href":"https:\/\/www.europesays.com\/es\/wp-json\/wp\/v2\/categories?post=5027"},{"taxonomy":"post_tag","embeddable":true,"href":"https:\/\/www.europesays.com\/es\/wp-json\/wp\/v2\/tags?post=5027"}],"curies":[{"name":"wp","href":"https:\/\/api.w.org\/{rel}","templated":true}]}}