{"id":50273,"date":"2025-08-16T00:06:14","date_gmt":"2025-08-16T00:06:14","guid":{"rendered":"https:\/\/www.europesays.com\/es\/50273\/"},"modified":"2025-08-16T00:06:14","modified_gmt":"2025-08-16T00:06:14","slug":"doce-carreteras-siguen-cortadas-por-los-incendios","status":"publish","type":"post","link":"https:\/\/www.europesays.com\/es\/50273\/","title":{"rendered":"Doce carreteras siguen cortadas por los incendios"},"content":{"rendered":"<p>Madrid (EFE).- Un total de doce carreteras, casi todas de la red secundaria, siguen cortadas al tr\u00e1fico por los incendios que se est\u00e1n produciendo en diversas partes del pa\u00eds, la mayor\u00eda de ellas en las provincias de C\u00e1ceres, Ourense, Le\u00f3n y Zamora.<\/p>\n<p>Seg\u00fan los \u00faltimos datos de la Direcci\u00f3n General de Tr\u00e1fico (DGT), los incendios forestales provocan en la provincia de C\u00e1ceres el corte de la N-630 en Aldeanueva del Camino, de la CC-206 en Almendral, de la CC-213, en Villar de Plasencia, de la CC-214, en Jarilla, de la CC-218 en Casas del Monte y de la CC-318 en Aliseda.<\/p>\n<p>En Ourense, est\u00e1 cortada la M-120 en Robledo y la OU-533 en Agudi\u00f1a, mientras que en Le\u00f3n las afectadas por los incendios y cortadas eran N-621 en Portilla de la Reina; en Zamora, la ZA-102 en Barjacoba; en \u00c1vila la CL-505 en La Ca\u00f1ada; y en Huelva, la HU-8100 en Aroche.<\/p>\n<p>Tr\u00e1fico pide eviten circular por las zonas afectadas y sus entornos.<\/p>\n<p>Al margen de <a href=\"https:\/\/efe.com\/espana\/2025-08-15\/incendios-forestales-espana-ultima-hora\/\" rel=\"nofollow noopener\" target=\"_blank\">los incendios<\/a>, la tranquilidad en la red estatal de carreteras era la t\u00f3nica general, salvo algunas complicaciones en Cuenca, en la A-3 en Montalbo en sentido Madrid.<\/p>\n","protected":false},"excerpt":{"rendered":"Madrid (EFE).- Un total de doce carreteras, casi todas de la red secundaria, siguen cortadas al tr\u00e1fico por&hellip;\n","protected":false},"author":2,"featured_media":50274,"comment_status":"","ping_status":"","sticky":false,"template":"","format":"standard","meta":{"footnotes":""},"categories":[5],"tags":[17,18,25,24,13,14,11,4342,19,20,9,10,15,16,23,12,21,22],"class_list":{"0":"post-50273","1":"post","2":"type-post","3":"status-publish","4":"format-standard","5":"has-post-thumbnail","7":"category-titulares","8":"tag-breaking-news","9":"tag-breakingnews","10":"tag-es","11":"tag-espana","12":"tag-featured-news","13":"tag-featurednews","14":"tag-headlines","15":"tag-incendios","16":"tag-latest-news","17":"tag-latestnews","18":"tag-news","19":"tag-noticias","20":"tag-noticias-destacadas","21":"tag-noticiasdestacadas","22":"tag-spain","23":"tag-titulares","24":"tag-ultimas-noticias","25":"tag-ultimasnoticias"},"share_on_mastodon":{"url":"","error":""},"_links":{"self":[{"href":"https:\/\/www.europesays.com\/es\/wp-json\/wp\/v2\/posts\/50273","targetHints":{"allow":["GET"]}}],"collection":[{"href":"https:\/\/www.europesays.com\/es\/wp-json\/wp\/v2\/posts"}],"about":[{"href":"https:\/\/www.europesays.com\/es\/wp-json\/wp\/v2\/types\/post"}],"author":[{"embeddable":true,"href":"https:\/\/www.europesays.com\/es\/wp-json\/wp\/v2\/users\/2"}],"replies":[{"embeddable":true,"href":"https:\/\/www.europesays.com\/es\/wp-json\/wp\/v2\/comments?post=50273"}],"version-history":[{"count":0,"href":"https:\/\/www.europesays.com\/es\/wp-json\/wp\/v2\/posts\/50273\/revisions"}],"wp:featuredmedia":[{"embeddable":true,"href":"https:\/\/www.europesays.com\/es\/wp-json\/wp\/v2\/media\/50274"}],"wp:attachment":[{"href":"https:\/\/www.europesays.com\/es\/wp-json\/wp\/v2\/media?parent=50273"}],"wp:term":[{"taxonomy":"category","embeddable":true,"href":"https:\/\/www.europesays.com\/es\/wp-json\/wp\/v2\/categories?post=50273"},{"taxonomy":"post_tag","embeddable":true,"href":"https:\/\/www.europesays.com\/es\/wp-json\/wp\/v2\/tags?post=50273"}],"curies":[{"name":"wp","href":"https:\/\/api.w.org\/{rel}","templated":true}]}}