{"id":50275,"date":"2025-08-16T00:07:15","date_gmt":"2025-08-16T00:07:15","guid":{"rendered":"https:\/\/www.europesays.com\/es\/50275\/"},"modified":"2025-08-16T00:07:15","modified_gmt":"2025-08-16T00:07:15","slug":"ascenso-burlades","status":"publish","type":"post","link":"https:\/\/www.europesays.com\/es\/50275\/","title":{"rendered":"Ascenso burlad\u00e9s"},"content":{"rendered":"<p>El blanco y el rojo se fund\u00edan poco a poco con las calles de <strong>Burlada<\/strong>. Las carpas se ubicaban en parques y plazas dispuestas a ser el hogar de muchos vecinos durante los d\u00edas y las noches de esta semana. Este jueves, comenzaron las fiestas de este municipio navarro cuando, a las 12.00 horas, las representantes del <strong>Club Malkaitz Eskubaloia<\/strong> lanzaron el chupinazo.<\/p>\n<p>La m\u00fasica se convert\u00eda en reclamo minutos antes de que se lanzara el cohete. La <strong>plaza de las Eras<\/strong> recib\u00eda a los habitantes de Burlada que, minuto a minuto, llenaban el lugar. Mientras, en el escenario situado frente al ayuntamiento, todo se pon\u00eda a punto. <strong>\u201cVen que te ense\u00f1o c\u00f3mo coger el micro de mano\u201d<\/strong>, le dec\u00edan a <strong>Mar\u00eda Victoria<\/strong>, n\u00famero 7 del Malkaitz, capitana del equipo y una de las responsables de dar comienzo a las fiestas.<\/p>\n<p>El club fue el elegido para lanzar el chupinazo, pero, antes, tuvo que pasar por todo un proceso de selecci\u00f3n. <strong>\u201cLa ciudadan\u00eda de Burlada puede proponer una entidad o una persona. Desde la secci\u00f3n de cultura se eligen tres y pasan a una votaci\u00f3n en la que pueden participar empadronados en Burlada mayores de 16 a\u00f1os\u201d<\/strong>, indic\u00f3 <strong>Berta Arizkun<\/strong>, alcaldesa de Burlada. Malkaitz gan\u00f3.<\/p>\n<p>De esa forma, este club deportivo de balonmano ha sido reconocido, despu\u00e9s de haber  conseguido tener un equipo en<strong> Divisi\u00f3n de Honor Plata femenina<\/strong>. Para prender la mecha del cohete, desde el club eligieron a dos representantes: Mar\u00eda Victoria y <strong>Maddi Aguilar<\/strong>, nueva integrante del prealev\u00edn. Tambi\u00e9n estuvo presente Saioa Osacar, compa\u00f1era del primer equipo.<strong> \u201cEs para hacer visible que todas empezamos desde peque\u00f1itas con esa edad y que pasan los a\u00f1os hasta que llegas\u201d<\/strong>, se\u00f1al\u00f3 Mar\u00eda Victoria.<\/p>\n<p>A las 12.00 horas, la plaza de las Eras estaba repleta. Las representantes de Malkaitz subieron al escenario y Mar\u00eda Victoria cogi\u00f3 el micr\u00f3fono. Apel\u00f3 a todos los burladeses y burladesas presentes y, tanto en euskera como en castellano, grit\u00f3 el ya tradicional <strong>\u201cviva Burlada\u201d<\/strong>. Adem\u00e1s, a\u00f1adi\u00f3 emocionada:<strong> \u201cesto va por nosotras, por las que estamos, las que estuvieron y las que estar\u00e1n\u201d<\/strong>.<\/p>\n<p>Una vez la joven burladesa termin\u00f3 el discurso, con Maddi Aguilar en sus brazos, prendi\u00f3 el cohete, lanzando as\u00ed el chupinazo que dio inicio a las fiestas. <strong>\u201cSiento mucho honor y orgullo. Est\u00e1 todo el pueblo, toda la familia, las amigas, el equipo. Siento alegr\u00eda pura. Era una responsabilidad porque he nacido aqu\u00ed, es mi pueblo, conozco a pr\u00e1cticamente todo el mundo y me emociona\u201d, <\/strong>asegur\u00f3 Mar\u00eda Victoria tras el comienzo de las fiestas.<\/p>\n<p>A continuaci\u00f3n, los miembros de <strong>Burlatako Herriko Gaiteroak<\/strong>,<strong> Burlatako Txistulariak<\/strong>, <strong>Intxaurdiko Gaiteroak<\/strong> y la <strong>Banda de M\u00fasica de Burlada<\/strong> empezaron a tocar. Al ritmo de la m\u00fasica, los gigantes se levantaron y comenzaron a danzar bajo el mando de la <strong>Comparsa de Gigantes y Cabezudos de Burlada<\/strong>. A las 12.15 horas, comenz\u00f3 una <strong>\u201cfiesta de la espuma\u201d<\/strong> en la plaza.<\/p>\n<p>Con esta ambientaci\u00f3n dieron incio unas fiestas de Burlada que han contado con un presupuesto de en torno a 247.000 euros. <strong>\u201cHabr\u00e1 aumentado unos 20.000 euros m\u00e1s o menos con respecto al a\u00f1o pasado\u201d<\/strong>, se\u00f1al\u00f3 Berta Arizkun.<\/p>\n<p>Con este dinero se ha articulado un programa que cuenta con algunas novedades respecto a la edici\u00f3n pasada.<strong> \u201cComo este a\u00f1o estamos con la obra de la nogalera, all\u00ed no van a poderse realizar los calderetes tradicionales. Por eso hemos organizado una comida popular el d\u00eda 19 y se han vendido en torno a 400 tickets para ir a comer. Tambi\u00e9n se han trasladado los hinchables y los juegos infantiles a otros espacios\u201d<\/strong>, indic\u00f3 la alcaldesa.<\/p>\n<p><strong>Un hito premiado con el chupinazo de Burlada<\/strong><\/p>\n<p>El Club Malkaitz Eskubaloia ha sido el encargado de lanzar el chupinazo de Burlada. Esta instituci\u00f3n deportiva, que cuenta con <strong>28 a\u00f1os de trayectoria<\/strong> y con <strong>11 equipos de balonmano<\/strong> a su cargo, fue la elegida por los vecinos de Burlada a trav\u00e9s de una votaci\u00f3n popular para dar inicio a las fiestas del municipio navarro.<\/p>\n<p>Esta elecci\u00f3n se ha dado, en buena medida, gracias a la alegr\u00eda que las jugadoras del primer equipo dieron tanto a Burlada, como al balonmano navarro al<strong> alcanzar la Divisi\u00f3n de Honor Plata<\/strong>, tercera categor\u00eda de balonmano femenino a nivel nacional.<\/p>\n<p>Aunque la felicidad de conseguir este objetivo haya llegado esta temporada, el equipo llevaba a\u00f1os tratando de lograrlo. <strong>\u201cLlev\u00e1bamos tiempo intentando conseguirlo. Despu\u00e9s de cuatro o cinco fases de ascenso en las que no lo hemos logrado, este a\u00f1o se ha dado y hace mucha ilusi\u00f3n\u201d<\/strong>, se\u00f1al\u00f3<strong> Nuria Berrogui<\/strong>, miembro de la junta directiva del club.<\/p>\n<p>Desde la instituci\u00f3n tienen claro que el trabajo no termina aqu\u00ed, ya que esta temporada se convertir\u00e1 en un reto. Las jugadoras tambi\u00e9n lo tienen presente.<strong> \u201cPara mi es una inc\u00f3gnita porque nunca he jugado en una categor\u00eda as\u00ed, entonces con muchas ganas, pero tambi\u00e9n es un reto\u201d<\/strong>, se\u00f1al\u00f3 Mar\u00eda Victoria, capitana del primer equipo.<\/p>\n<p>Con este logro, el club sigue creciendo. <strong>\u201cLos dos \u00faltimos a\u00f1os ha habido un aumento notable\u201d<\/strong>, indic\u00f3 <strong>Nerea Amostegui<\/strong>, presidenta del club. No solo han crecido unas inscripciones en las que tienen prioridad las vecinas de Burlada, sino tambi\u00e9n la asistencia. <strong>\u201cHace ilusi\u00f3n ver el apoyo  del pueblo hac\u00eda un club modesto. Cada vez va m\u00e1s gente al pabell\u00f3n en los partidos importantes\u201d<\/strong>, se\u00f1al\u00f3 Nuria Berrogui.<\/p>\n<p>Con el lanzamiento del cohete, se puso en el punto de mira a este club. <strong>\u201cEl deporte masculino hace mucho tiempo que est\u00e1 en altas categor\u00edas, pero a nivel femenino nos vamos sumando\u201d<\/strong>, asegur\u00f3 Mar\u00eda Victoria.<\/p>\n","protected":false},"excerpt":{"rendered":"El blanco y el rojo se fund\u00edan poco a poco con las calles de Burlada. Las carpas se&hellip;\n","protected":false},"author":2,"featured_media":50276,"comment_status":"","ping_status":"","sticky":false,"template":"","format":"standard","meta":{"footnotes":""},"categories":[278],"tags":[6421,376,22402,168,25,24,375,23,167],"class_list":{"0":"post-50275","1":"post","2":"type-post","3":"status-publish","4":"format-standard","5":"has-post-thumbnail","7":"category-balonmano","8":"tag-ascenso","9":"tag-balonmano","10":"tag-burlades","11":"tag-deportes","12":"tag-es","13":"tag-espana","14":"tag-handball","15":"tag-spain","16":"tag-sports"},"share_on_mastodon":{"url":"","error":""},"_links":{"self":[{"href":"https:\/\/www.europesays.com\/es\/wp-json\/wp\/v2\/posts\/50275","targetHints":{"allow":["GET"]}}],"collection":[{"href":"https:\/\/www.europesays.com\/es\/wp-json\/wp\/v2\/posts"}],"about":[{"href":"https:\/\/www.europesays.com\/es\/wp-json\/wp\/v2\/types\/post"}],"author":[{"embeddable":true,"href":"https:\/\/www.europesays.com\/es\/wp-json\/wp\/v2\/users\/2"}],"replies":[{"embeddable":true,"href":"https:\/\/www.europesays.com\/es\/wp-json\/wp\/v2\/comments?post=50275"}],"version-history":[{"count":0,"href":"https:\/\/www.europesays.com\/es\/wp-json\/wp\/v2\/posts\/50275\/revisions"}],"wp:featuredmedia":[{"embeddable":true,"href":"https:\/\/www.europesays.com\/es\/wp-json\/wp\/v2\/media\/50276"}],"wp:attachment":[{"href":"https:\/\/www.europesays.com\/es\/wp-json\/wp\/v2\/media?parent=50275"}],"wp:term":[{"taxonomy":"category","embeddable":true,"href":"https:\/\/www.europesays.com\/es\/wp-json\/wp\/v2\/categories?post=50275"},{"taxonomy":"post_tag","embeddable":true,"href":"https:\/\/www.europesays.com\/es\/wp-json\/wp\/v2\/tags?post=50275"}],"curies":[{"name":"wp","href":"https:\/\/api.w.org\/{rel}","templated":true}]}}