{"id":50277,"date":"2025-08-16T00:08:13","date_gmt":"2025-08-16T00:08:13","guid":{"rendered":"https:\/\/www.europesays.com\/es\/50277\/"},"modified":"2025-08-16T00:08:13","modified_gmt":"2025-08-16T00:08:13","slug":"guijuelo-despide-a-el-capea-con-cinco-orejas-y-un-rabo-en-una-tarde-para-la-historia","status":"publish","type":"post","link":"https:\/\/www.europesays.com\/es\/50277\/","title":{"rendered":"Guijuelo despide a El Capea con cinco orejas y un rabo en una tarde para la historia"},"content":{"rendered":"<p class=\"paragraph\" id=\"paragraph_1\">La plaza de toros de Guijuelo se visti\u00f3 de gala para vivir una tarde que quedar\u00e1 grabada en la memoria del toreo charro. Pedro Guti\u00e9rrez Lorenzo, El Capea, afrontaba la \u00faltima corrida de su carrera en una encerrona frente a seis toros de distintas ganader\u00edas, poniendo fin a 21 a\u00f1os de alternativa. El ambiente en los tendidos mezclaba fiesta y nostalgia, con una afici\u00f3n entregada desde el pase\u00edllo.<\/p>\n<p class=\"paragraph\" id=\"paragraph_2\">El festejo tuvo un marcado aire familiar. En el callej\u00f3n, su padre \u2014El Ni\u00f1o de la Capea\u2014, su madre y sus hijos, junto a amigos y compa\u00f1eros de profesi\u00f3n como El Juli, Javier Conde, Mat\u00edas Tejela o L\u00f3pez Chaves. No faltaron los brindis surgidos del alma y el aplauso largo y c\u00e1lido de un p\u00fablico que entend\u00eda que no se trataba de una corrida m\u00e1s.<\/p>\n<p><img decoding=\"async\" alt=\"La plaza de toros de Guijuelo\" data-imgm=\"true\" height=\"180\" loading=\"lazy\"  src=\"https:\/\/www.europesays.com\/es\/wp-content\/uploads\/2025\/08\/1003743888417_258024662_1024x576.jpg\"  width=\"320\"\/><\/p>\n<p>                                                            La plaza de toros de Guijuelo<\/p>\n<p>La lidia<\/p>\n<p class=\"paragraph\" id=\"paragraph_3\">El primero, Bailador, de San Pelayo, fue saludado de rodillas. Faena templada, brindis a su hija y sobrina, y una estocada certera que le vali\u00f3 una fuerte ovaci\u00f3n con saludos.<\/p>\n<p class=\"paragraph\" id=\"paragraph_4\">En el segundo, de Domingo Hern\u00e1ndez, el torero se gust\u00f3 con muletazos largos y templados. Brind\u00f3 al alcalde de Guijuelo y a su apoderado. Tras pinchazo y estocada, pase\u00f3 la primera oreja de la tarde.<\/p>\n<p class=\"paragraph\" id=\"paragraph_5\">El tercero, de Victorino Mart\u00edn, exigi\u00f3 firmeza. Faena de mando, brindada a su hijo, intensa y t\u00e9cnica pero el fallo con la espada le priv\u00f3 de los trofeos.<\/p>\n<p><img loading=\"lazy\" decoding=\"async\" alt=\"Asunci\u00f3n Caminero, m\u00e9dica taurina.\" height=\"180\" src=\"https:\/\/www.europesays.com\/es\/wp-content\/uploads\/2025\/08\/1003743707267_254629719_320x180.jpg\" width=\"320\" data-lazy-status=\"processed\" data-lazy-info=\"remove loading item 1\"\/><\/p>\n<p class=\"paragraph\" id=\"paragraph_6\">En el cuarto, Servil\u00f3n, de Puerto de San Lorenzo, El Capea se fue a portagayola para recibirlo a la ver\u00f3nica. La faena tuvo emoci\u00f3n y entrega; el toro fue premiado con la vuelta al ruedo, pero cuatro pinchazos le dej\u00f3 en saludos. Vuelta al buen toro.<\/p>\n<p class=\"paragraph\" id=\"paragraph_7\">El quinto, de El Freixo, lleg\u00f3 marcado por la preocupaci\u00f3n: el banderillero Juan Luis Moreno sufri\u00f3 una cornada grave durante la lidia. Aun as\u00ed, El Capea construy\u00f3 una obra elegante, mat\u00f3 de estocada casi entera y cort\u00f3 dos orejas.<\/p>\n<p class=\"paragraph\" id=\"paragraph_8\">Y el sexto, Africano, de Carmen Lorenzo, fue el final siempre so\u00f1ado. Brindis a su padre, toreo bueno y emoci\u00f3n a raudales en los rendidos de sol. Estocada y dos orejas y rabo para cerrar la tarde.<\/p>\n<p>El adi\u00f3s so\u00f1ado<\/p>\n<p class=\"paragraph\" id=\"paragraph_9\">El balance final: cinco orejas y un rabo, salida a hombros y un \u00faltimo paseo por el ruedo de su plaza talism\u00e1n. Las l\u00e1grimas de emoci\u00f3n en los tendidos se mezclaban con los v\u00edtores al diestro, que deja atr\u00e1s 240 corridas en Espa\u00f1a y Francia, adem\u00e1s de una destacada trayectoria en Am\u00e9rica.<\/p>\n<p class=\"paragraph\" id=\"paragraph_10\">Guijuelo fue testigo de una despedida sincera, sin imposturas, donde el torero salmantino tore\u00f3 con la misma verdad que ha defendido durante toda su carrera. La \u00faltima imagen, alzado sobre los hombros, quedar\u00e1 como postal imborrable del verano taurino de 2025.<br \/>Pedro Guti\u00e9rrez \u201cEl Capea\u201d cerr\u00f3 su etapa como matador este viernes 15 de agosto de 2025 en Guijuelo, su tierra, frente a seis toros en solitario.<\/p>\n<p class=\"paragraph\" id=\"paragraph_11\">Para conmemorar este adi\u00f3s, se present\u00f3 un cartel oficial elaborado por el artista salmantino David Garc\u00eda, en t\u00e9cnica de acuarela sobre l\u00e1mina. Esta obra, que refleja con sensibilidad el esp\u00edritu de El Capea y su profundo v\u00ednculo con el mundo taurino, tambi\u00e9n establece un v\u00ednculo art\u00edstico con su padre, El Ni\u00f1o de la Capea, cuyo 50 aniversario de alternativa fue igualmente representado por Garc\u00eda .<\/p>\n<p>Ficha t\u00e9cnica<\/p>\n<p class=\"paragraph\" id=\"paragraph_12\">Seis toros en solitario de San Pelayo, Domingo Hern\u00e1ndez, Victorino Mart\u00edn, Puerto de San Lorenzo, El Freixo y Carmen Lorenzo<br \/>Tarde calurosa (34 \u00b0C), puro simbolismo, p\u00fablico muy entregado y esperando despedir al salmantino a logran y adem\u00e1s con un rabo de gloria.<\/p>\n<p class=\"paragraph\" id=\"paragraph_13\">El Capea se retira feliz, orgulloso de su trayectoria, especialmente honrado por hacerlo en Guijuelo, una de las plazas m\u00e1s carism\u00e1ticas de la familia Guti\u00e9rrez Lorenzo.<\/p>\n","protected":false},"excerpt":{"rendered":"La plaza de toros de Guijuelo se visti\u00f3 de gala para vivir una tarde que quedar\u00e1 grabada en&hellip;\n","protected":false},"author":2,"featured_media":50278,"comment_status":"","ping_status":"","sticky":false,"template":"","format":"standard","meta":{"footnotes":""},"categories":[277],"tags":[373,168,25,24,4203,3614,23,167,374],"class_list":{"0":"post-50277","1":"post","2":"type-post","3":"status-publish","4":"format-standard","5":"has-post-thumbnail","7":"category-toreo","8":"tag-bullfighting","9":"tag-deportes","10":"tag-es","11":"tag-espana","12":"tag-guijuelo","13":"tag-salamanca","14":"tag-spain","15":"tag-sports","16":"tag-toreo"},"share_on_mastodon":{"url":"","error":""},"_links":{"self":[{"href":"https:\/\/www.europesays.com\/es\/wp-json\/wp\/v2\/posts\/50277","targetHints":{"allow":["GET"]}}],"collection":[{"href":"https:\/\/www.europesays.com\/es\/wp-json\/wp\/v2\/posts"}],"about":[{"href":"https:\/\/www.europesays.com\/es\/wp-json\/wp\/v2\/types\/post"}],"author":[{"embeddable":true,"href":"https:\/\/www.europesays.com\/es\/wp-json\/wp\/v2\/users\/2"}],"replies":[{"embeddable":true,"href":"https:\/\/www.europesays.com\/es\/wp-json\/wp\/v2\/comments?post=50277"}],"version-history":[{"count":0,"href":"https:\/\/www.europesays.com\/es\/wp-json\/wp\/v2\/posts\/50277\/revisions"}],"wp:featuredmedia":[{"embeddable":true,"href":"https:\/\/www.europesays.com\/es\/wp-json\/wp\/v2\/media\/50278"}],"wp:attachment":[{"href":"https:\/\/www.europesays.com\/es\/wp-json\/wp\/v2\/media?parent=50277"}],"wp:term":[{"taxonomy":"category","embeddable":true,"href":"https:\/\/www.europesays.com\/es\/wp-json\/wp\/v2\/categories?post=50277"},{"taxonomy":"post_tag","embeddable":true,"href":"https:\/\/www.europesays.com\/es\/wp-json\/wp\/v2\/tags?post=50277"}],"curies":[{"name":"wp","href":"https:\/\/api.w.org\/{rel}","templated":true}]}}