{"id":50279,"date":"2025-08-16T00:09:07","date_gmt":"2025-08-16T00:09:07","guid":{"rendered":"https:\/\/www.europesays.com\/es\/50279\/"},"modified":"2025-08-16T00:09:07","modified_gmt":"2025-08-16T00:09:07","slug":"se-encienden-los-animos-en-el-cara-a-cara-de-dricus-du-plessis-y-khamzat-chimaev","status":"publish","type":"post","link":"https:\/\/www.europesays.com\/es\/50279\/","title":{"rendered":"Se encienden los \u00e1nimos en el cara a cara de Dricus du Plessis y Khamzat Chimaev"},"content":{"rendered":"<p>\n                Publicado <b>15 agosto, 2025<\/b> por <b style=\"text-transform:capitalize;\">Daniela Galindo<\/b>            <\/p>\n<p class=\"has-medium-font-size\">Los dos peleadores tuvieron que ser controlados por la seguridad y sus equipos en el pesaje<\/p>\n<p><img fetchpriority=\"high\" decoding=\"async\" width=\"1024\" height=\"576\" src=\"https:\/\/www.europesays.com\/es\/wp-content\/uploads\/2025\/08\/ufc-319-174509-1024x576.jpg\" alt=\"\" class=\"wp-image-1048070\"  \/>Dricus du Plessis y Chimaev se van a los golpes en el pesaje | CAPTURA @UFC<\/p>\n<p><strong>UFC 319 est\u00e1 listo para tener la esperada<\/strong> pelea entre<a href=\"https:\/\/www.clarosports.com\/ufc\/ufc-319-en-vivo-cartelera-orden-de-los-combates-y-donde-ver-dricus-du-plessis-vs-khamzat-chimaev\/\" rel=\"nofollow noopener\" target=\"_blank\"> <strong>Dricus du Plessis y Khamzat Chimaev<\/strong><\/a> por el cetro del peso mediano, la cual ya empez\u00f3 con los \u00e1nimos a tope,<strong> luego de que en el \u00faltimo cara a cara<\/strong> ambos peleadores se fueran a los golpes.<\/p>\n<p>Al ser el combate estelar, ambos fueron los \u00faltimos en subirse a la b\u00e1scula en el pesaje ceremonial. <strong><a href=\"https:\/\/www.clarosports.com\/ufc\/khamzat-chimaev-busca-un-tricampeonato-de-ufc-entre-la-polemica-de-chechenia-en-la-mma\/\" target=\"_blank\" rel=\"noreferrer noopener nofollow\">Chimaev ni siquiera se quit\u00f3 la playera,<\/a><\/strong> se subi\u00f3 y grit\u00f3 al p\u00fablico presente, que lo recibieron con aplausos. <strong>Du Plessis se quit\u00f3 la playera y de inmediato se subi\u00f3 a la b\u00e1scula<\/strong> y pos\u00f3 para las c\u00e1maras.<\/p>\n<p>Fue al bajar de la b\u00e1scula <strong>cuando la tensi\u00f3n creci\u00f3,<\/strong> pues se fue directo a encarar a Chimaev. <strong>Dana White estaba en medio de ambos peleadores<\/strong> mientras sus equipos intentaban separarlos. <strong>Chimaev logr\u00f3 evadir la seguridad y empuj\u00f3 a Du Plessis,<\/strong> provocando varios insultos.<\/p>\n<blockquote class=\"twitter-tweet\">\n<p lang=\"en\" dir=\"ltr\">NO CALM BEFORE THE STORM \ud83e\udd2f<a href=\"https:\/\/twitter.com\/dricusduplessis?ref_src=twsrc%5Etfw\" rel=\"nofollow noopener\" target=\"_blank\">@DricusDuPlessis<\/a> vs <a href=\"https:\/\/twitter.com\/KChimaev?ref_src=twsrc%5Etfw\" rel=\"nofollow noopener\" target=\"_blank\">@KChimaev<\/a><\/p>\n<p>[ <a href=\"https:\/\/twitter.com\/hashtag\/UFC319?src=hash&amp;ref_src=twsrc%5Etfw\" rel=\"nofollow noopener\" target=\"_blank\">#UFC319<\/a> | TOMORROW | Live on <a href=\"https:\/\/twitter.com\/ESPNPlus?ref_src=twsrc%5Etfw\" rel=\"nofollow noopener\" target=\"_blank\">@ESPNPlus<\/a> ] <a href=\"https:\/\/t.co\/MRCnwroU0T\" rel=\"nofollow\">pic.twitter.com\/MRCnwroU0T<\/a><\/p>\n<p>\u2014 UFC (@ufc) <a href=\"https:\/\/twitter.com\/ufc\/status\/1956481827675210050?ref_src=twsrc%5Etfw\" rel=\"nofollow noopener\" target=\"_blank\">August 15, 2025<\/a><\/p><\/blockquote>\n<p><strong>\u201cVoy a joder a este chico. Un d\u00eda. Solo le queda un d\u00eda<\/strong>. Ma\u00f1ana est\u00e1 muerto\u201d, dijo Chimaev a los medios. Mientras que Du Plessis respondi\u00f3 amenazando con un nocaut.<\/p>\n<p><strong>\u201cEs un oponente brutal, pero les aseguro que lo voy a matar.<\/strong> Ya sea en el suelo, ya sea que lo noquee, voy a derrotar a tu chico, y todos ustedes estar\u00e1n aplaudiendo. \u00a1Lo s\u00e9, como siempre!\u201d<\/p>\n<p>Aunque ambos equipos y la seguridad lograron controlarlos, los \u00e1nimos se quedaron tensos,<strong> dejando una muestra de lo que se ver\u00e1 en el oct\u00e1gono de UFC 319.<\/strong><\/p>\n<p>Te puede interesar:<\/p>\n<p>    <script async src=\"https:\/\/platform.twitter.com\/widgets.js\" charset=\"utf-8\"><\/script><\/p>\n","protected":false},"excerpt":{"rendered":"Publicado 15 agosto, 2025 por Daniela Galindo Los dos peleadores tuvieron que ser controlados por la seguridad y&hellip;\n","protected":false},"author":2,"featured_media":50280,"comment_status":"","ping_status":"","sticky":false,"template":"","format":"standard","meta":{"footnotes":""},"categories":[276],"tags":[168,25,24,23,167,343,2338],"class_list":{"0":"post-50279","1":"post","2":"type-post","3":"status-publish","4":"format-standard","5":"has-post-thumbnail","7":"category-ufc","8":"tag-deportes","9":"tag-es","10":"tag-espana","11":"tag-spain","12":"tag-sports","13":"tag-ufc","14":"tag-video"},"share_on_mastodon":{"url":"","error":""},"_links":{"self":[{"href":"https:\/\/www.europesays.com\/es\/wp-json\/wp\/v2\/posts\/50279","targetHints":{"allow":["GET"]}}],"collection":[{"href":"https:\/\/www.europesays.com\/es\/wp-json\/wp\/v2\/posts"}],"about":[{"href":"https:\/\/www.europesays.com\/es\/wp-json\/wp\/v2\/types\/post"}],"author":[{"embeddable":true,"href":"https:\/\/www.europesays.com\/es\/wp-json\/wp\/v2\/users\/2"}],"replies":[{"embeddable":true,"href":"https:\/\/www.europesays.com\/es\/wp-json\/wp\/v2\/comments?post=50279"}],"version-history":[{"count":0,"href":"https:\/\/www.europesays.com\/es\/wp-json\/wp\/v2\/posts\/50279\/revisions"}],"wp:featuredmedia":[{"embeddable":true,"href":"https:\/\/www.europesays.com\/es\/wp-json\/wp\/v2\/media\/50280"}],"wp:attachment":[{"href":"https:\/\/www.europesays.com\/es\/wp-json\/wp\/v2\/media?parent=50279"}],"wp:term":[{"taxonomy":"category","embeddable":true,"href":"https:\/\/www.europesays.com\/es\/wp-json\/wp\/v2\/categories?post=50279"},{"taxonomy":"post_tag","embeddable":true,"href":"https:\/\/www.europesays.com\/es\/wp-json\/wp\/v2\/tags?post=50279"}],"curies":[{"name":"wp","href":"https:\/\/api.w.org\/{rel}","templated":true}]}}