{"id":50281,"date":"2025-08-16T00:10:19","date_gmt":"2025-08-16T00:10:19","guid":{"rendered":"https:\/\/www.europesays.com\/es\/50281\/"},"modified":"2025-08-16T00:10:19","modified_gmt":"2025-08-16T00:10:19","slug":"por-segundo-ano-se-realizara-el-torneo-interclubes-diario-el-dia","status":"publish","type":"post","link":"https:\/\/www.europesays.com\/es\/50281\/","title":{"rendered":"Por segundo a\u00f1o se realizar\u00e1 el Torneo Interclubes Diario El D\u00eda"},"content":{"rendered":"<p>La edici\u00f3n 2025 de la Copa Golf Interclubes Diario El D\u00eda ya est\u00e1 a la vuelta de la esquina, y con ella llega una nueva oportunidad para los deportistas de demostrar su destreza en el campo.<\/p>\n<p>La competencia estar\u00e1 protagonizar\u00e1 por los clubes Pan de Az\u00facar de Coquimbo y La Serena Golf y se desarrollar\u00e1 del 22 al 24 de agosto, siguiendo un formato similar al del a\u00f1o anterior, el cual combinar\u00e1 distintas modalidades de juego para garantizar emoci\u00f3n en cada jornada.\u00a0<\/p>\n<p>Con un formato que combina match play individual y best ball en duplas, en las categor\u00edas de Varones, Seniors, Damas y Supersenior, los equipos luchar\u00e1n por alzarse con la victoria.\u00a0<\/p>\n<p>En concreto, cada equipo podr\u00e1 alinear a 20 jugadores distribuidos en las cuatro categor\u00edas mencionadas y se disputar\u00e1n un total de 24 partidos para definir al campe\u00f3n.\u00a0<\/p>\n<p>\u201cLa Copa Diario El D\u00eda se ha consolidado como un cl\u00e1sico del golf regional, donde m\u00e1s all\u00e1 de la competencia, se refuerzan lazos de amistad y camarader\u00eda entre clubes. Cada a\u00f1o vemos c\u00f3mo la pasi\u00f3n y el nivel deportivo crecen, convirtiendo este torneo en una cita imperdible para los amantes de este deporte\u201d, destac\u00f3 Francisco Puga Medina, director de Diario El D\u00eda.<\/p>\n<p>Por su parte, Cristian Apey, presidente del Club de Campo Pan de Az\u00facar indic\u00f3 que \u201cel a\u00f1o pasado, la participaci\u00f3n de ambos clubes fue muy entusiasta. Los equipos estuvieron muy competitivos, y en esa edici\u00f3n, La Serena se llev\u00f3 la copa por un punto de diferencia. Fue un torneo muy disputado, golpe a golpe.Esperamos este a\u00f1o nosotros como club coquimbano esperamos recuperar, de visita esta vez, la copa.<\/p>\n<p>\u00abLo que estamos buscando con esta nueva edici\u00f3n es revitalizar un torneo que en su momento fue muy importante para el golf regional. El a\u00f1o pasado, tanto los jugadores como los auspiciadores y colaboradores quedaron satisfechos, independientemente del resultado. Nuestro objetivo es seguir atrayendo a m\u00e1s personas al golf y seguir generando inter\u00e9s en este deporte\u201d, enfatiz\u00f3 Apey.\u00a0<\/p>\n<p>RETENER LA COPA\u00a0<\/p>\n<p>En efecto, en la edici\u00f3n pasada, el torneo qued\u00f3 en manos de La Serena Golf por estrecho margen de 12,5 puntos contra 11,5 de Pan de Az\u00facar de Coquimbo.\u00a0<\/p>\n<p>En esa misma l\u00ednea, Pedro Guerrero, capit\u00e1n del equipo del Club Serena Golf, coment\u00f3 que \u201cuno de nuestros principales objetivos para este a\u00f1o es retener la copa. El a\u00f1o pasado, obtuvimos el t\u00edtulo en una competencia muy disputada. Fue una pelea punto a punto, con una gran intensidad en la cancha\u201d.\u00a0<\/p>\n<p>Entre las novedades de esta versi\u00f3n, destaca el hecho de que el torneo se disputar\u00e1 en ambas ciudades. As\u00ed, la jornada del s\u00e1bado 23 de agosto se jugar\u00e1 primero en la ciudad de Coquimbo y la jornada final ser\u00e1 disputada en La Serena.<\/p>\n<p>En ese sentido, desde la delegaci\u00f3n serenense est\u00e1n contentos por cerrar el campeonato de local pero eso no asegura tener una victoria f\u00e1cil ante su rival. \u00a0<\/p>\n<p>\u201cAunque ser locales es una ventaja, el hecho de jugar en ambos campos requiere adaptabilidad y una gran preparaci\u00f3n. Estamos comprometidos con organizar el campeonato de la mejor manera posible y sin duda, vamos a hacer todo lo posible por cerrar la competencia de local\u201d, afirm\u00f3 Guerrero.\u00a0<\/p>\n","protected":false},"excerpt":{"rendered":"La edici\u00f3n 2025 de la Copa Golf Interclubes Diario El D\u00eda ya est\u00e1 a la vuelta de la&hellip;\n","protected":false},"author":2,"featured_media":50282,"comment_status":"","ping_status":"","sticky":false,"template":"","format":"standard","meta":{"footnotes":""},"categories":[275],"tags":[168,25,24,329,23,167],"class_list":{"0":"post-50281","1":"post","2":"type-post","3":"status-publish","4":"format-standard","5":"has-post-thumbnail","7":"category-golf","8":"tag-deportes","9":"tag-es","10":"tag-espana","11":"tag-golf","12":"tag-spain","13":"tag-sports"},"share_on_mastodon":{"url":"","error":""},"_links":{"self":[{"href":"https:\/\/www.europesays.com\/es\/wp-json\/wp\/v2\/posts\/50281","targetHints":{"allow":["GET"]}}],"collection":[{"href":"https:\/\/www.europesays.com\/es\/wp-json\/wp\/v2\/posts"}],"about":[{"href":"https:\/\/www.europesays.com\/es\/wp-json\/wp\/v2\/types\/post"}],"author":[{"embeddable":true,"href":"https:\/\/www.europesays.com\/es\/wp-json\/wp\/v2\/users\/2"}],"replies":[{"embeddable":true,"href":"https:\/\/www.europesays.com\/es\/wp-json\/wp\/v2\/comments?post=50281"}],"version-history":[{"count":0,"href":"https:\/\/www.europesays.com\/es\/wp-json\/wp\/v2\/posts\/50281\/revisions"}],"wp:featuredmedia":[{"embeddable":true,"href":"https:\/\/www.europesays.com\/es\/wp-json\/wp\/v2\/media\/50282"}],"wp:attachment":[{"href":"https:\/\/www.europesays.com\/es\/wp-json\/wp\/v2\/media?parent=50281"}],"wp:term":[{"taxonomy":"category","embeddable":true,"href":"https:\/\/www.europesays.com\/es\/wp-json\/wp\/v2\/categories?post=50281"},{"taxonomy":"post_tag","embeddable":true,"href":"https:\/\/www.europesays.com\/es\/wp-json\/wp\/v2\/tags?post=50281"}],"curies":[{"name":"wp","href":"https:\/\/api.w.org\/{rel}","templated":true}]}}