{"id":50287,"date":"2025-08-16T00:15:18","date_gmt":"2025-08-16T00:15:18","guid":{"rendered":"https:\/\/www.europesays.com\/es\/50287\/"},"modified":"2025-08-16T00:15:18","modified_gmt":"2025-08-16T00:15:18","slug":"yanez-reconoce-avances-en-su-renovacion-y-su-deseo-de-quedarse-me-encantaria-seguir-en-el-sporting-el-mayor-numero-de-anos-posible-la-voz-de-asturias","status":"publish","type":"post","link":"https:\/\/www.europesays.com\/es\/50287\/","title":{"rendered":"Y\u00e1\u00f1ez reconoce avances en su renovaci\u00f3n y su deseo de quedarse: \u00abMe encantar\u00eda seguir en el Sporting el mayor n\u00famero de a\u00f1os posible\u00bb &#8211; La Voz de Asturias"},"content":{"rendered":"<ol>\n<li><a href=\"https:\/\/news.google.com\/rss\/articles\/CBMioAJBVV95cUxQNTVUWG5QcUdDMnMybU0tdzhLdnd6LVdiWTY0N2VtZm5WbTZGQ2JVcDNPN0Y0cUZLLUNPLTVoaWtjNkRaLWUtOVZCMU5kbEpqWExSdnBTQ3IyeXlmS1BKXzdXOHQ3bDRsVkl6c3ItcHk1ZGl3SXNnWHpQbFQwTlhHRHZLbFZFY1dGWUhWc29jSjJiQkxGM091SUZ1ZDdfTU1oRzJacVF2YXhpMHVaMnE0OTNLd21aVVFWOWRuNjlWUmttX0JYTFAzeUtMYWtPdXJJNW56M0JyX2NLOENlNUhwODBEQWYyUThCbW1aUlJiREZ0Z0ZCSkFOZUNtU1V6VHVfdkJhQnpxWTdZR2huQ0tuSks3QUc0dHJhTERENDc5eUE?oc=5\" target=\"_blank\" rel=\"nofollow noopener\">Y\u00e1\u00f1ez reconoce avances en su renovaci\u00f3n y su deseo de quedarse: \u00abMe encantar\u00eda seguir en el Sporting el mayor n\u00famero de a\u00f1os posible\u00bb<\/a>&nbsp;&nbsp;La Voz de Asturias<\/li>\n<li><a href=\"https:\/\/news.google.com\/rss\/articles\/CBMiigFBVV95cUxNR0tDQnluaDZHWVlzQjJlUHV3bzhHV1pIeThKT1E5ZmU3Wm5ac1pGeUM5MzhoTWhoSjBsOTYzdGx2TmpOUTdTUm5KdWpnOXp2QmpVZHhuY2hQeVVtZFo0R0VYWjF5b0dYallJd0lSS2ZmSUZLcEpDWm5rUWViVEZHRWZMSW9TdjRnMnfSAZ4BQVVfeXFMUEJ6X2tMVi02anlYQmJyMGpTdnBGNXRaalJDdlVQZTlZLXByNnhuNWJybGRhaUQxOHQzUTh4NTFZcFFoUkx1MVpJdGgwRGFyeGl2OWR5ZVMwUXlpLWFXcXlVQ3NKWkV4cW53RVQwZmVFakhFZFBpMmpNRjFFX1BqMVMzVFpzRTg4b1otbjFscTYyNTBaUDRfQ0ZESzM3VXc?oc=5\" target=\"_blank\" rel=\"nofollow noopener\">Y\u00e1\u00f1ez: \u201cVa a ser un a\u00f1o ilusionante; veo al equipo preparado\u201d<\/a>&nbsp;&nbsp;Diario AS<\/li>\n<li><a href=\"https:\/\/news.google.com\/rss\/articles\/CBMikwFBVV95cUxPZ1hSVlc1ZFJzZzhscFExMVpWcWJMYS1xNDEwTEtWbUhldzJQR3JQSXJfVHlyZWNCVHBjZzFQTlFNeEJKN2FHRENTU0RnNS1SazItSzNlNVh0eC1ZbWVJVWlFdElYamdxQ3JPOUZqREZpTWs5RFJtSHd4YjVYZGpXYTNrSUZyX3VjcENLMGp1Ty1XM0k?oc=5\" target=\"_blank\" rel=\"nofollow noopener\">Y\u00e1\u00f1ez, sobre su posible renovaci\u00f3n con el Sporting de Gij\u00f3n: \u00abEstamos en ello, estar\u00eda muy contento de seguir los m\u00e1ximos a\u00f1os posibles\u00bb<\/a>&nbsp;&nbsp;El Comercio<\/li>\n<li><a href=\"https:\/\/news.google.com\/rss\/articles\/CBMilgFBVV95cUxNejBoVHNBR1FnZDh1REpIQ21xbUFGTFZGUFR2VFpxeUtMZ3hGbHNDdkZjY2QzdXN3X3VoWjhrRXVEWUppWXlGR3d0bWVrMkRHYTFSdVA2X1F0MGxkT1Zyem5jMGF6RjkwdldnNTltY2RvV2RQQXF3dm1zclBiQ0c4eElYU3FzNlVtejV0cnZNRTlBWV9HS2fSAZsBQVVfeXFMTmpsUzdDYlBRdlJRb3g0NkpUcVJTc3FjT3dPODhrUWVIcE5CbnktY282SFNTdUUxQ0FzWGsyN0hfZjZhM1NqVmlKQWhwVGRoNDQ1anhrT0NOYnlaTTk0cTQ4ajlDRGtDNlVjemN1dXVTZDl0bHdMU0laZFNWMi04OExWalpqRGhPemVXbEJoOHBvc0V5SkZQVGh4TGc?oc=5\" target=\"_blank\" rel=\"nofollow noopener\">Las claves de Y\u00e1\u00f1ez para \u00abmirar hacia arriba\u00bb en el Sporting: capitan\u00eda, renovaci\u00f3n, propuesta y fichajes<\/a>&nbsp;&nbsp;La Nueva Espa\u00f1a<\/li>\n<li><a href=\"https:\/\/news.google.com\/rss\/articles\/CBMivAFBVV95cUxNZ3l1ajFEa01XUkhJZzJPNUktVzZwYm0wUXdHdzNRaXJ0VG1ZUlZaclludklJNlhfZHdySGV3UWJKYngzcEZUQTJ5b0FGY0NPckRTbXl5Y1NZSW1CLVgxWV9WQ1h5dWtLczdiendTZG5iaTF4bUx4cjJzY2RtdmJEajVMbEUzUVFhdnBLaWctd3Bzb1RyUTRiM1NiWm9vYjNnTEJzOVl0MlRwLTBhM3JNMHMyMURBWnRiSmpENNIBwgFBVV95cUxNd2JKYlF5Uzc4MUVHR2RrWU5qSXJiSTN1aUxkME9TQTJ6Q25WYjRBMU5BVjc4ZEl1WmowQVEzclN2bzBaU2RHZ3lpZGJlN0xBRDhZUUIyZ1oyVnczUC00cUY0XzlGNHdMR1dZaTJyRmdOU1gtRDdIcDVxUkVQaFhlWWlIcUJFTllRazVFa05fQW9VbExSWERTRi1tT28wUkpIRlNUYzJKYXZEUnZPSGh1ZUNZZlFGbjk2Xzh4b1ZVdml0QQ?oc=5\" target=\"_blank\" rel=\"nofollow noopener\">Rub\u00e9n Y\u00e1\u00f1ez, antes del Sporting de Gij\u00f3n &#8211; C\u00f3rdoba CF: \u00abJugar en casa es un plus para nosotros\u00bb<\/a>&nbsp;&nbsp;El D\u00eda de C\u00f3rdoba<\/li>\n<\/ol>\n","protected":false},"excerpt":{"rendered":"Y\u00e1\u00f1ez reconoce avances en su renovaci\u00f3n y su deseo de quedarse: \u00abMe encantar\u00eda seguir en el Sporting el&hellip;\n","protected":false},"author":2,"featured_media":50288,"comment_status":"","ping_status":"","sticky":false,"template":"","format":"standard","meta":{"footnotes":""},"categories":[268],"tags":[168,25,24,280,282,281,23,4783,167],"class_list":{"0":"post-50287","1":"post","2":"type-post","3":"status-publish","4":"format-standard","5":"has-post-thumbnail","7":"category-futbol","8":"tag-deportes","9":"tag-es","10":"tag-espana","11":"tag-football","12":"tag-futbol","13":"tag-soccer","14":"tag-spain","15":"tag-sporting-de-gijon","16":"tag-sports"},"share_on_mastodon":{"url":"","error":""},"_links":{"self":[{"href":"https:\/\/www.europesays.com\/es\/wp-json\/wp\/v2\/posts\/50287","targetHints":{"allow":["GET"]}}],"collection":[{"href":"https:\/\/www.europesays.com\/es\/wp-json\/wp\/v2\/posts"}],"about":[{"href":"https:\/\/www.europesays.com\/es\/wp-json\/wp\/v2\/types\/post"}],"author":[{"embeddable":true,"href":"https:\/\/www.europesays.com\/es\/wp-json\/wp\/v2\/users\/2"}],"replies":[{"embeddable":true,"href":"https:\/\/www.europesays.com\/es\/wp-json\/wp\/v2\/comments?post=50287"}],"version-history":[{"count":0,"href":"https:\/\/www.europesays.com\/es\/wp-json\/wp\/v2\/posts\/50287\/revisions"}],"wp:featuredmedia":[{"embeddable":true,"href":"https:\/\/www.europesays.com\/es\/wp-json\/wp\/v2\/media\/50288"}],"wp:attachment":[{"href":"https:\/\/www.europesays.com\/es\/wp-json\/wp\/v2\/media?parent=50287"}],"wp:term":[{"taxonomy":"category","embeddable":true,"href":"https:\/\/www.europesays.com\/es\/wp-json\/wp\/v2\/categories?post=50287"},{"taxonomy":"post_tag","embeddable":true,"href":"https:\/\/www.europesays.com\/es\/wp-json\/wp\/v2\/tags?post=50287"}],"curies":[{"name":"wp","href":"https:\/\/api.w.org\/{rel}","templated":true}]}}