{"id":50289,"date":"2025-08-16T00:16:09","date_gmt":"2025-08-16T00:16:09","guid":{"rendered":"https:\/\/www.europesays.com\/es\/50289\/"},"modified":"2025-08-16T00:16:09","modified_gmt":"2025-08-16T00:16:09","slug":"asi-es-el-estilo-de-jennifer-lawrence-natural-impecable-y-siempre-con-un-toque-cool-hola","status":"publish","type":"post","link":"https:\/\/www.europesays.com\/es\/50289\/","title":{"rendered":"As\u00ed es el estilo de Jennifer Lawrence: natural, impecable y siempre con un toque cool &#8211; HOLA"},"content":{"rendered":"<ol>\n<li><a href=\"https:\/\/news.google.com\/rss\/articles\/CBMiigFBVV95cUxQU2FXNUJLT1NFZjhyUWJzTzBQUlFYRVNKUVRyR3hmQm1iM1FjTk9hbjB2S0J3LW1PX2tKZU9VOEpvMjhZdU1CUjdLZmlOaktLNE1Xa2plNEhuYWRmWEJnWGFYTVptWkVuTjQ3ajNTM1c0akVqS3NuNHQtMzFyWW4wVWxIRjVBYTN4RVHSAZgBQVVfeXFMUHNzcl9pRWlzc0VuSDZCTEo3SV9VY3VoOTMzODJxM0w2RFJ4bVNCT0RxUFJ0VkJjbkQ1TUVDUkl6QlMtV3M5QUs5Q3JZQTNHcFVJWTgzMlNUNEJ4cTN4ZWVrVnlVZXZMbmRVWmZPUjV2eWVfcGVXd2FOVkY1dW5sUk4zajd5VEc5dmd1LXZSNC01eHFXM3NlOGk?oc=5\" target=\"_blank\" rel=\"nofollow noopener\">As\u00ed es el estilo de Jennifer Lawrence: natural, impecable y siempre con un toque cool<\/a>&nbsp;&nbsp;HOLA<\/li>\n<li><a href=\"https:\/\/news.google.com\/rss\/articles\/CBMi1AFBVV95cUxPS1BkZGl0RElhemozQ3JDRzJzdEJIdEpiWUpfWm5IYU4zWGs3ZjdaMU1IZ0Jzd2NyY2JTZ2xNSUlZSXdqT0JzTl81RmRfdzBRdEJaX29jMkpyTmp2VGVoY24xdE9oNzI3Mjg3ZHBORndIT3Y1OE16UHJiQUxPRWNxLWNtVFdXT3E5UzEwWmNjUHVXa3J2QWVHM2xFNXVITjdHTl9wVE1hOWVoMnl4Qk13TEtmbnBtRlI5TVBsaWhyOHpVR19nQ1JWVUhCMDdWU3J4NElMStIB6AFBVV95cUxPWEhsdDZTXzRiZWVYS3oxdzdfNFR1TzBHS3pLTU96SG5SVDJ0STRHUkxMYzh6WUNOUlBuNTVVUXpTN0d1M255Q1RabUlUZ1l2Zlp4d1VlM2hxV2FqdmFhTUlJWHFNdUU5TU13SmxLTTVneXdHUFVJaG52QTh2RFI4RzdnRlF6RlhqRkxkT0ZBYjlFNHhGYjlBYWNETDVTVTBfZ2ZiVF95dDNDeHZPNkJnRDdjTWFYUXM3LXBrdndoWkN5S0ZPbGJLdXNVVHpSZElYTXBSWlc3d0tiX0lFV05rMzRHWWJlZi1x?oc=5\" target=\"_blank\" rel=\"nofollow noopener\">As\u00ed luce en la actualidad Jennifer Lawrence, la actriz que interpret\u00f3 a Katniss Everdeen en \u2018The Hunger Games\u2019<\/a>&nbsp;&nbsp;Diario AS<\/li>\n<li><a href=\"https:\/\/news.google.com\/rss\/articles\/CBMi1gFBVV95cUxQbngweU9PTUFNbEx1eUJ1S3c4V1Y3Yld6NTJjM1JCanZma0lEWjI2enA5NlA3REFneG4zdzZrbE5pNmtWbWdYS3hILS1MVHF4NGt3Ul9BdFlUdmgwVXJEeVo4RGFpdmZySGtIX1hZeWF0NkNrOEVJblZYbzg4NEE2YTZtVWVxQnRjcnpFQjQyVVNUT1BXUC1ldVJjTVpKdUFwOU1qTWtVcGRucEJRY3N6X0s5bGhqMFNhTkVyemF5QjA0QnVNTlhOQ1ZtOVg5dWFHYURhTlpB0gHbAUFVX3lxTE9QSFFNbTFNQmgyZFFEM2pGQVJ5ellxVkVqVU5kOUVoaGllbkFCZXRVMi1uS3Q3b2N4bWNaUTNHLUVMV0lKTkdlQmM5d2d0UFdBZVJ6T0NxSzdrZlNhRWhlMVBwWWRCWTRMei0ydWZFM1pneFpNR1gtZE5sMGRYMFZtWXlUUWFjc25jZjVOWkU2QnJqc2h3Y21HZEZoWnRtMTBfYnE5LXBnNGREZ0FfSDVYNmZwSFhES093RlNJTlJkeDFibnp6TE5RdUZvYVJDRXBqYlFGQWJwcDJQNA?oc=5\" target=\"_blank\" rel=\"nofollow noopener\">Jennifer Lawrence hoy cumple 35 a\u00f1os: fue v\u00edctima de un hackeo sexual, no termin\u00f3 la escuela y gan\u00f3 un Oscar<\/a>&nbsp;&nbsp;Clarin.com<\/li>\n<li><a href=\"https:\/\/news.google.com\/rss\/articles\/CBMiugFBVV95cUxPOFNSZ0ZJNmxoQ051QUlJS3ZwZVVWQWpnMmRpMkhFOEZPbFZaVjk5di1La3NuRTBMV1VFWl96OHExQWtRT1RCS2dOWTdzUFpYRF9iQW1xdE5sYTBhMUl2bGNGakZDZ1VwTzc4dkoyWWp3VFhqV0FwcThMd3lMR2hZM0dCNEg5Z0Y0UDZjREdCWXFPbHFCNl91YlZjNm9ZZE93LUd1blRvcXcwQW9UZjk5MzNVa1VxQ05Ga1HSAccBQVVfeXFMTVVDNWxvdFVsVzBGSFE5UXZCWWlzWmUxdjFQRVJUaTYtQzdWR3FSMVZZVnNMaUI5dzRPZEltWnhkQkUtOC1WbEZ1Q0tVTGRFQmlUdWZENlZXVHo0WkpfS1IyUEF1MVd0Zkd3UGRDV05hdUNQMkJFY1Y1M1ZmYmlqQUx4dGpiWTdyZzdfVlJwbDhkYzhpSG9xUkRLajk5MHRRb0ZEWHhIU1hfWHYyX3Y4NVhzYWpaVzY0UXZTX2RuYWxRMi11bzZ2Zw?oc=5\" target=\"_blank\" rel=\"nofollow noopener\">Jennifer Lawrence recibe los 35 con audaz corte de pelo que rejuvenece hasta 10 a\u00f1os<\/a>&nbsp;&nbsp;Vanidades<\/li>\n<\/ol>\n","protected":false},"excerpt":{"rendered":"As\u00ed es el estilo de Jennifer Lawrence: natural, impecable y siempre con un toque cool&nbsp;&nbsp;HOLA As\u00ed luce en&hellip;\n","protected":false},"author":2,"featured_media":50290,"comment_status":"","ping_status":"","sticky":false,"template":"","format":"standard","meta":{"footnotes":""},"categories":[174],"tags":[1024,22404,255,146,147,25,24,256,22405,22403,1023,23],"class_list":{"0":"post-50289","1":"post","2":"type-post","3":"status-publish","4":"format-standard","5":"has-post-thumbnail","7":"category-famosos","8":"tag-actualidad-moda","9":"tag-alfombra-roja","10":"tag-celebrities","11":"tag-entertainment","12":"tag-entretenimiento","13":"tag-es","14":"tag-espana","15":"tag-famosos","16":"tag-jennifer-lawrence","17":"tag-mejores-looks","18":"tag-moda","19":"tag-spain"},"share_on_mastodon":{"url":"","error":""},"_links":{"self":[{"href":"https:\/\/www.europesays.com\/es\/wp-json\/wp\/v2\/posts\/50289","targetHints":{"allow":["GET"]}}],"collection":[{"href":"https:\/\/www.europesays.com\/es\/wp-json\/wp\/v2\/posts"}],"about":[{"href":"https:\/\/www.europesays.com\/es\/wp-json\/wp\/v2\/types\/post"}],"author":[{"embeddable":true,"href":"https:\/\/www.europesays.com\/es\/wp-json\/wp\/v2\/users\/2"}],"replies":[{"embeddable":true,"href":"https:\/\/www.europesays.com\/es\/wp-json\/wp\/v2\/comments?post=50289"}],"version-history":[{"count":0,"href":"https:\/\/www.europesays.com\/es\/wp-json\/wp\/v2\/posts\/50289\/revisions"}],"wp:featuredmedia":[{"embeddable":true,"href":"https:\/\/www.europesays.com\/es\/wp-json\/wp\/v2\/media\/50290"}],"wp:attachment":[{"href":"https:\/\/www.europesays.com\/es\/wp-json\/wp\/v2\/media?parent=50289"}],"wp:term":[{"taxonomy":"category","embeddable":true,"href":"https:\/\/www.europesays.com\/es\/wp-json\/wp\/v2\/categories?post=50289"},{"taxonomy":"post_tag","embeddable":true,"href":"https:\/\/www.europesays.com\/es\/wp-json\/wp\/v2\/tags?post=50289"}],"curies":[{"name":"wp","href":"https:\/\/api.w.org\/{rel}","templated":true}]}}