{"id":50295,"date":"2025-08-16T00:21:07","date_gmt":"2025-08-16T00:21:07","guid":{"rendered":"https:\/\/www.europesays.com\/es\/50295\/"},"modified":"2025-08-16T00:21:07","modified_gmt":"2025-08-16T00:21:07","slug":"ya-es-oficial-anna-faris-y-regina-hall-volveran-a-scary-movie","status":"publish","type":"post","link":"https:\/\/www.europesays.com\/es\/50295\/","title":{"rendered":"Ya es oficial: Anna Faris y Regina Hall volver\u00e1n a &#8216;Scary Movie&#8217;"},"content":{"rendered":"<p>El g\u00e9nero de terror vive un nuevo renacer. Posiblemente, si tuvi\u00e9ramos que hacer un top 10 de mejores pel\u00edculas de lo que llevamos de a\u00f1o, <b>al menos tres de este g\u00e9nero<\/b> (si consideramos a &#8216;Los pecadores&#8217; como pel\u00edcula de terror) <b>se podr\u00edan colar f\u00e1cilmente en la lista<\/b>. Si a esto le a\u00f1adimos su mezcla con el factor nostalgia, que ya ha dado como resultado una nueva pel\u00edcula de &#8216;S\u00e9 lo que hicisteis el \u00faltimo verano&#8217;, era el momento id\u00f3neo para revivir la saga &#8216;<a href=\"https:\/\/www.ecartelera.com\/sagas\/scary-movie\/\" rel=\"nofollow noopener\" target=\"_blank\">Scary Movie<\/a>&#8216;.<\/p>\n<p>Y la verdad es que Miramax y Paramount Pictures se lo han tomado en serio. Primero han conseguido lo imposible: <b>recuperar a los hermanos Wayans<\/b>, art\u00edfices de las dos primeras entregas en labores de guion y direcci\u00f3n, con quienes terminaron bastante mal por culpa de <a href=\"https:\/\/www.ecartelera.com\/personas\/harvey-weinstein\/\" rel=\"nofollow noopener\" target=\"_blank\">Harvey Weinstein<\/a>. Y ahora, han logrado que tambi\u00e9n <b>vuelvan las dos actrices m\u00e1s ic\u00f3nicas de la saga: <a href=\"https:\/\/www.ecartelera.com\/personas\/anna-faris\/\" rel=\"nofollow noopener\" target=\"_blank\">Anna Faris<\/a> y <a href=\"https:\/\/www.ecartelera.com\/personas\/regina-hall\/\" rel=\"nofollow noopener\" target=\"_blank\">Regina Hall<\/a><\/b>. <\/p>\n<p>V\u00eddeos eCartelera<\/p>\n<p>Joseph Quinn y Ebon Moss-Bachrach profundizan en sus personajes y el futuro de &#8216;Los 4 Fant\u00e1sticos&#8217;\n<\/p>\n<p><video id=\"vid-35129\" class=\"video-js vjs-default-skin\" data-title=\"Joseph Quinn y Ebon Moss-Bachrach profundizan en sus personajes y el futuro de 'Los 4 Fant\u00e1sticos'\" poster=\"https:\/\/www.ecartelera.com\/images\/videos\/35500\/f35565.jpg\" controls=\"\" preload=\"auto\" width=\"640\" height=\"360\" playsinline=\"\">El navegador no soporta el tag de v\u00eddeo.<\/video><\/p>\n<p>X<\/p>\n<p>Tal y como desvela <a target=\"_blank\" href=\"https:\/\/deadline.com\/2025\/08\/scary-movie-anna-faris-regina-hall-1236489539\/\" rel=\"nofollow noopener\">Deadline<\/a>, <b>ambas regresar\u00e1n a la saga como Cindy y Brenda<\/b>, respectivamente. As\u00ed lo han confirmado oficialmente al medio: <\/p>\n<blockquote><p>\u00ab<b>Estamos deseando traer de vuelta a Brenda y a Cindy<\/b> y reunirnos con nuestros grandes amigos Keenen, <a href=\"https:\/\/www.ecartelera.com\/personas\/shawn-wayans\/\" rel=\"nofollow noopener\" target=\"_blank\">Shawn<\/a> y <a href=\"https:\/\/www.ecartelera.com\/personas\/marlon-wayans\/\" rel=\"nofollow noopener\" target=\"_blank\">Marlon<\/a> [Wayans], tres hombres por los que literalmente morir\u00edamos (en el caso de Brenda, de nuevo)\u00bb. <\/p><\/blockquote>\n<p>Los Wayans escribir\u00e1n el guion de &#8216;Scary Movie 6&#8217;, <b>su primera participaci\u00f3n en la saga desde 2001<\/b>, mientras que <a href=\"https:\/\/www.ecartelera.com\/personas\/michael-tiddes\/\" rel=\"nofollow noopener\" target=\"_blank\">Michael Tiddes<\/a>, un viejo colaborador de los hermanos, ser\u00e1 el director. <\/p>\n<p>13 a\u00f1os despu\u00e9s<\/p>\n<p><b>&#8216;Scary Movie&#8217; es uno de los grandes fen\u00f3menos de la cultura millennial<\/b>. La primera entrega del a\u00f1o 2000 parodiaba \u00e9xitos de entonces como &#8216;<a href=\"https:\/\/www.ecartelera.com\/peliculas\/scream\/\" rel=\"nofollow noopener\" target=\"_blank\">Scream<\/a>&#8216;, &#8216;S\u00e9 lo que hicisteis el \u00faltimo verano&#8217; o &#8216;<a href=\"https:\/\/www.ecartelera.com\/peliculas\/el-sexto-sentido\/\" rel=\"nofollow noopener\" target=\"_blank\">El sexto sentido<\/a>&#8216;, y se convirti\u00f3 en un cl\u00e1sico instant\u00e1neo. Un a\u00f1o despu\u00e9s llegar\u00eda &#8216;Scary Movie 2&#8217;, momento en el que los Wayans pensaron que la franquicia no daba m\u00e1s de s\u00ed. <\/p>\n<p>Por supuesto, <b>la productora no tuvo a los creadores en cuenta y sigui\u00f3 explotando el producto<\/b> con hasta tres entregas m\u00e1s, &#8216;<a href=\"https:\/\/www.ecartelera.com\/peliculas\/scary-movie-3\/\" rel=\"nofollow noopener\" target=\"_blank\">Scary Movie 3<\/a> 3&#8242; (2003), &#8216;<a href=\"https:\/\/www.ecartelera.com\/peliculas\/scary-movie-4\/\" rel=\"nofollow noopener\" target=\"_blank\">Scary Movie 4<\/a>&#8216; (2006) y &#8216;<a href=\"https:\/\/www.ecartelera.com\/peliculas\/scary-movie-5\/\" rel=\"nofollow noopener\" target=\"_blank\">Scary Movie 5<\/a>&#8216; (2013), esta \u00faltima con <a href=\"https:\/\/www.ecartelera.com\/personas\/ashley-tisdale\/\" rel=\"nofollow noopener\" target=\"_blank\">Ashley Tisdale<\/a> sustituyendo al d\u00fao Faris-Hall. 13 a\u00f1os despu\u00e9s, <b>el 12 de junio de 2026<\/b>, el equipo original estar\u00e1 de vuelta.<\/p>\n","protected":false},"excerpt":{"rendered":"El g\u00e9nero de terror vive un nuevo renacer. Posiblemente, si tuvi\u00e9ramos que hacer un top 10 de mejores&hellip;\n","protected":false},"author":2,"featured_media":50296,"comment_status":"","ping_status":"","sticky":false,"template":"","format":"standard","meta":{"footnotes":""},"categories":[169],"tags":[1014,1015,1013,177,1011,146,147,25,24,782,176,1019,1016,175,753,1012,23,1017,1018],"class_list":{"0":"post-50295","1":"post","2":"type-post","3":"status-publish","4":"format-standard","5":"has-post-thumbnail","7":"category-cine","8":"tag-actores","9":"tag-actrices","10":"tag-cartelera","11":"tag-cine","12":"tag-ecartelera","13":"tag-entertainment","14":"tag-entretenimiento","15":"tag-es","16":"tag-espana","17":"tag-estrellas","18":"tag-film","19":"tag-fotogramas","20":"tag-fotos","21":"tag-movies","22":"tag-peliculas","23":"tag-pelis","24":"tag-spain","25":"tag-trailers","26":"tag-videos"},"share_on_mastodon":{"url":"","error":""},"_links":{"self":[{"href":"https:\/\/www.europesays.com\/es\/wp-json\/wp\/v2\/posts\/50295","targetHints":{"allow":["GET"]}}],"collection":[{"href":"https:\/\/www.europesays.com\/es\/wp-json\/wp\/v2\/posts"}],"about":[{"href":"https:\/\/www.europesays.com\/es\/wp-json\/wp\/v2\/types\/post"}],"author":[{"embeddable":true,"href":"https:\/\/www.europesays.com\/es\/wp-json\/wp\/v2\/users\/2"}],"replies":[{"embeddable":true,"href":"https:\/\/www.europesays.com\/es\/wp-json\/wp\/v2\/comments?post=50295"}],"version-history":[{"count":0,"href":"https:\/\/www.europesays.com\/es\/wp-json\/wp\/v2\/posts\/50295\/revisions"}],"wp:featuredmedia":[{"embeddable":true,"href":"https:\/\/www.europesays.com\/es\/wp-json\/wp\/v2\/media\/50296"}],"wp:attachment":[{"href":"https:\/\/www.europesays.com\/es\/wp-json\/wp\/v2\/media?parent=50295"}],"wp:term":[{"taxonomy":"category","embeddable":true,"href":"https:\/\/www.europesays.com\/es\/wp-json\/wp\/v2\/categories?post=50295"},{"taxonomy":"post_tag","embeddable":true,"href":"https:\/\/www.europesays.com\/es\/wp-json\/wp\/v2\/tags?post=50295"}],"curies":[{"name":"wp","href":"https:\/\/api.w.org\/{rel}","templated":true}]}}