{"id":50300,"date":"2025-08-16T00:26:09","date_gmt":"2025-08-16T00:26:09","guid":{"rendered":"https:\/\/www.europesays.com\/es\/50300\/"},"modified":"2025-08-16T00:26:09","modified_gmt":"2025-08-16T00:26:09","slug":"el-crecimiento-se-desvanece-en-europa-se-agota-ya-la-recuperacion-es-finance-yahoo-com","status":"publish","type":"post","link":"https:\/\/www.europesays.com\/es\/50300\/","title":{"rendered":"El crecimiento se desvanece en Europa: \u00bfse agota ya la recuperaci\u00f3n? &#8211; es.finance.yahoo.com"},"content":{"rendered":"<ol>\n<li><a href=\"https:\/\/news.google.com\/rss\/articles\/CBMiqAFBVV95cUxNMlhSdHFUclFkakc1ZWRWSVVtMHUxT09SY3htZkJpMWk4TEE4Y2xfSnp4NDlWY25MLWNId2VNMklzVDhVdWxFTjFsM0FyTVhVWjZDYzZhb0FhXzJQOXNyb08yWk42Y202eTNnOHRXa1dvS0dEWDBqUVRaaXVRdzFPZUMxZDBOb251VFBZeXZiS1J2VjJQU2JMVlN5TFV5SE02Q3pyU3JKaTY?oc=5\" target=\"_blank\" rel=\"nofollow noopener\">El crecimiento se desvanece en Europa: \u00bfse agota ya la recuperaci\u00f3n?<\/a>&nbsp;&nbsp;es.finance.yahoo.com<\/li>\n<li><a href=\"https:\/\/news.google.com\/rss\/articles\/CBMi8wFBVV95cUxPSU1hbGxoOVlMbkNPd2tmTVY3bVR6X1ZUN0cyNnNmU1Y3WWF6Yk43Sk50Yk1SYmE0TEMtM2tGSjgyU1BaVXJZNjhDVFEyd3BxRENDYzRKemk5OGhfY1c5a2pmdVl5bzN6LUFTZFoxT0tLSE1EcnJ4VERVYVd5bVF1VW9FUkZFb3NvM2o1em41bnY1VmE1QV9SUlBGMmh4VmF2ck5BdjFYSm9FaUlEbVhVbGsxQ0tRbldqekpTYmZmQ2xwQ0ZPTV9xWGpjYmptUDNRVjVtS1J0aGZEU0dsdHVDU2hfQ1AyRHljeU1TQnFJSHdrZTg?oc=5\" target=\"_blank\" rel=\"nofollow noopener\">La debilidad de la industria alemana lastra la econom\u00eda europea, que creci\u00f3 solo un 0,1% en el segundo trimestre del a\u00f1o<\/a>&nbsp;&nbsp;EL PA\u00cdS<\/li>\n<li><a href=\"https:\/\/news.google.com\/rss\/articles\/CBMilAFBVV95cUxPSHllQVh0Snh0eEM5VDNVTnNwWDZUcmxWVWJiVXNFTGM0cEl1Sm1DZkd5VjlxeGRhWGN6VnU2V3RiYTNYcW1ESlJDMU43cGVrSGFuaHluWS1OREdiVERXa3o2WEd3aFNUSS0taVB2N0M2aGdhNWdtRjJ4Z1YtYWkybk1tNVh6V3hxSVRSYnBzZTZLRGth0gGUAUFVX3lxTFA0Q0dJcHNldkplbFJkSWxUREphME1SUmFyM3N4c2Zyb05sNU4zRUZqS29TZy1OYkRNU2Q4MXRVRTdSdUpJZjVlQ00xNDJrazAzSjhlRnJJZTI0M2tWQ19SX2U0c1BVN0FRVTF3dlAyWkZBeC1UbEh1YlBjWXlMRHdkbmNpb0VBQXEyM3g3Z1V3Z2o3ckE?oc=5\" target=\"_blank\" rel=\"nofollow noopener\">La econom\u00eda de la eurozona crece un 0,1% entre los meses de abril y junio con Espa\u00f1a a la cabeza<\/a>&nbsp;&nbsp;RTVE.es<\/li>\n<li><a href=\"https:\/\/news.google.com\/rss\/articles\/CBMinwFBVV95cUxOMWV4dnU0RWQ0OG12UUp6ZFA2UFhkSG44d2syRmJJN2RYZ0ctUDliSlRTWWhOckpUSWsyOU9rRHpuM1RXV2p4Y3d3bktPb1JWNVpHUjBkZGhXSkkwLVFOZnJSSjVuVXFjWG9BUko3bk9oM0hzZDhudVp4TGVmcmh2cmpLcmE5OUtCcElyMnBsakt4akEtcE1qc2ZPR0RWZ3c?oc=5\" target=\"_blank\" rel=\"nofollow noopener\">El PIB de la zona euro frena su expansi\u00f3n al 0,1% en el segundo trimestre<\/a>&nbsp;&nbsp;ABC<\/li>\n<li><a href=\"https:\/\/news.google.com\/rss\/articles\/CBMi1AFBVV95cUxQdU9wRDVMZzNvM2VCT3dtYU01T0hUS091V0JUOXFDMmV2VXlmRHBqZFdGX0FKdjZmTTJOTXR0SDFyM0tKWGhiaEZBQ2Z2QkhVRHBkZnZETnEtbWZjbDBRc25FeDJxS3VDemlyUWRuNUEzOUZRQi1BSEduYmw1MHlqeEVKNFZ0SGgxQTdBamNTMUlUaVFhbkRCWUsycE5neWJ6OW13X2VockZWakxUMkVXcTVuYXZUY0FTYldramFQM3NaRVVEQXdIRWxYeHBrR0F4ZExFRw?oc=5\" target=\"_blank\" rel=\"nofollow noopener\">La producci\u00f3n industrial de la eurozona cay\u00f3 un 1,3% en junio, pero mejor\u00f3 un 0,2% en comparativa interanual<\/a>&nbsp;&nbsp;Forbes Espa\u00f1a<\/li>\n<\/ol>\n","protected":false},"excerpt":{"rendered":"El crecimiento se desvanece en Europa: \u00bfse agota ya la recuperaci\u00f3n?&nbsp;&nbsp;es.finance.yahoo.com La debilidad de la industria alemana lastra&hellip;\n","protected":false},"author":2,"featured_media":50301,"comment_status":"","ping_status":"","sticky":false,"template":"","format":"standard","meta":{"footnotes":""},"categories":[80],"tags":[17284,82,22407,95,94,25,24,22406,21976,23],"class_list":{"0":"post-50300","1":"post","2":"type-post","3":"status-publish","4":"format-standard","5":"has-post-thumbnail","7":"category-economia","8":"tag-bienes-de-equipo","9":"tag-business","10":"tag-de-la-ue","11":"tag-economia","12":"tag-economy","13":"tag-es","14":"tag-espana","15":"tag-la-zona","16":"tag-produccion-industrial","17":"tag-spain"},"share_on_mastodon":{"url":"","error":""},"_links":{"self":[{"href":"https:\/\/www.europesays.com\/es\/wp-json\/wp\/v2\/posts\/50300","targetHints":{"allow":["GET"]}}],"collection":[{"href":"https:\/\/www.europesays.com\/es\/wp-json\/wp\/v2\/posts"}],"about":[{"href":"https:\/\/www.europesays.com\/es\/wp-json\/wp\/v2\/types\/post"}],"author":[{"embeddable":true,"href":"https:\/\/www.europesays.com\/es\/wp-json\/wp\/v2\/users\/2"}],"replies":[{"embeddable":true,"href":"https:\/\/www.europesays.com\/es\/wp-json\/wp\/v2\/comments?post=50300"}],"version-history":[{"count":0,"href":"https:\/\/www.europesays.com\/es\/wp-json\/wp\/v2\/posts\/50300\/revisions"}],"wp:featuredmedia":[{"embeddable":true,"href":"https:\/\/www.europesays.com\/es\/wp-json\/wp\/v2\/media\/50301"}],"wp:attachment":[{"href":"https:\/\/www.europesays.com\/es\/wp-json\/wp\/v2\/media?parent=50300"}],"wp:term":[{"taxonomy":"category","embeddable":true,"href":"https:\/\/www.europesays.com\/es\/wp-json\/wp\/v2\/categories?post=50300"},{"taxonomy":"post_tag","embeddable":true,"href":"https:\/\/www.europesays.com\/es\/wp-json\/wp\/v2\/tags?post=50300"}],"curies":[{"name":"wp","href":"https:\/\/api.w.org\/{rel}","templated":true}]}}