{"id":503024,"date":"2026-04-17T16:01:29","date_gmt":"2026-04-17T16:01:29","guid":{"rendered":"https:\/\/www.europesays.com\/es\/503024\/"},"modified":"2026-04-17T16:01:29","modified_gmt":"2026-04-17T16:01:29","slug":"el-barca-obligado-a-ganar-al-fc-bayern-y-a-esperar-rival-en-el-play-in","status":"publish","type":"post","link":"https:\/\/www.europesays.com\/es\/503024\/","title":{"rendered":"El Bar\u00e7a, obligado a ganar al FC Bayern, y a esperar rival en el Play-in"},"content":{"rendered":"<p class=\"ft-text ft-helper-align-justify\"><strong>El Bar\u00e7a cerrar\u00e1 hoy la fase regular de la Euroliga en el Palau ante el FC Bayern (20.30 h.) con la obligaci\u00f3n de ganar el conjunto alem\u00e1n<\/strong> y esperar el resto de resultados para conocer su suerte en el pr\u00f3ximo Play-In.<\/p>\n<p class=\"ft-text ft-helper-align-justify\"><a class=\"ft-link ft-link--decoration\" href=\"https:\/\/www.sport.es\/es\/noticias\/barca\/baloncesto\/xavi-pascual-pide-premio-equipo-129163787\" rel=\"nofollow noopener\" target=\"_blank\">La primera premisa que deben certificar los de Xavi Pascual es conseguir la victoria ante el conjunto de Svetislav Pesic<\/a> para asegurarse, como m\u00ednimo, el d\u00e9cimo puesto que les dar\u00eda el billete para las eliminatorias previas de los cuartos de final de la Euroliga.<\/p>\n<p class=\"ft-text ft-helper-align-justify\"><strong>En caso de derrota, cosa que nadie espera ante un FC Bayern que no se juega nada en el envite<\/strong>, habr\u00eda que estar pendiente del encuentro entre el Dubai Basketball y el Valencia Basket. Un triunfo de Dubai Basketball en su pista en Bosnia y Herzegoniva, dejar\u00eda fuera al Bar\u00e7a del Play-In, algo que nadie contempla.<\/p>\n<p><img decoding=\"async\" src=\"https:\/\/www.europesays.com\/es\/wp-content\/uploads\/2026\/04\/256f52c8-6bed-4efe-9c74-8bcc2152a049_alta-libre-aspect-ratio_default_0_x1120y498.jpg\" width=\"1200\" height=\"800\" alt=\"Pascual conf\u00eda en certificar el billete para el Play-in con una gran victoria esta noche en el Palau\" class=\"ft-helper-img-rd\" loading=\"lazy\" fetchpriority=\"auto\"\/><\/p>\n<p class=\"ft-helper-fontColor-quaternary ft-helper-fontSize-body-S ft-helper-spacer-t-xxs\">Pascual conf\u00eda en certificar el billete para el Play-in con una gran victoria esta noche en el Palau  \/ FCB<\/p>\n<p>Bar\u00e7a, ganar o ganar<\/p>\n<p class=\"ft-text ft-helper-align-justify\"><strong>Pero el primer trabajo de los blaugrana ser\u00e1 imponerse al cuadro alem\u00e1n que llega en muy buena din\u00e1mica de resultados<\/strong>, con cuatro victorias consecutivas, y que se presenta un Pesic que dirigir\u00e1 su \u00faltimo encuentro como t\u00e9cnico, y lo har\u00e1 en un Palau muy especial para \u00e9l y que seguro le rendir\u00e1 un gran homenaje, con placa incluida del club catal\u00e1n.<\/p>\n<p class=\"ft-text ft-helper-align-justify\">De hecho, <strong>ser\u00e1 un partido con una carga emocional importante porque se medir\u00e1n los dos \u00fanicos entrenadores que han ganado la Euroliga con el Bar\u00e7a<\/strong>, primero lo hizo Pesic en el Palau Sant Jordi en 2003 y la \u00faltima fue con Xavi Pascual en Par\u00eds, en 2010.<\/p>\n<p><img decoding=\"async\" src=\"https:\/\/www.europesays.com\/es\/wp-content\/uploads\/2026\/04\/904e9eff-0790-47a3-a388-decac2622a0c_alta-libre-aspect-ratio_default_0_x340y151.jpg\" width=\"1200\" height=\"799\" alt=\"El Bar\u00e7a espera vivir una gran noche en el Palau con una victoria ante el FC Bayern\" class=\"ft-helper-img-rd\" loading=\"lazy\" fetchpriority=\"auto\"\/><\/p>\n<p class=\"ft-helper-fontColor-quaternary ft-helper-fontSize-body-S ft-helper-spacer-t-xxs\">El Bar\u00e7a espera vivir una gran noche en el Palau con una victoria ante el FC Bayern  \/ FCB<\/p>\n<p class=\"ft-text ft-helper-align-justify\"><strong>Pero dejando de lado ese momento especial en el Palau, en el plano deportivo, los azulgrana han de salir a por todas, conscientes que el trabajo lo deben hacer con una victoria ante el FC Bayern<\/strong> y despu\u00e9s esperar acontecimientos en los otros encuentros.<\/p>\n<p>Satoransky, de vuelta<\/p>\n<p class=\"ft-text ft-helper-align-justify\"><a class=\"ft-link ft-link--decoration\" href=\"https:\/\/www.sport.es\/es\/noticias\/barca\/baloncesto\/tomas-satoransky-novedad-fc-bayern-129168668\" rel=\"nofollow noopener\" target=\"_blank\">Una de las grandes novedades del conjunto azulgrana podr\u00eda ser la presencia de Tomas Satoransky<\/a>, ausente en los \u00faltimos encuentros por problemas f\u00edsicos, pero parece haber recibido luz verde para volver a la acci\u00f3n y en un momento clave de la temporada.<\/p>\n<p class=\"ft-text ft-helper-align-justify\">Con el checo en pista, y el regreso de Juan N\u00fa\u00f1ez, <strong>el equipo gana piezas en la direcci\u00f3n del equipo, y que debe llevar a un triunfo a la espera de lo que suceda en el resto de partidos,<\/strong> pero con el trabajo hecho en el Palau, para cerrar la dif\u00edcil y tortuosa temporada regular que ha vivido el Bar\u00e7a.<\/p>\n<p><img decoding=\"async\" src=\"https:\/\/www.europesays.com\/es\/wp-content\/uploads\/2026\/04\/0b1a3bc1-39d6-40eb-ac6d-b98ca9f2b548_alta-libre-aspect-ratio_default_0_x340y151.jpg\" width=\"1200\" height=\"799\" alt=\"El equipo se muestra ilusionado por el reto que tiene por delante pensando en el Play-in de la Euroliga\" class=\"ft-helper-img-rd\" loading=\"lazy\" fetchpriority=\"auto\"\/><\/p>\n<p class=\"ft-helper-fontColor-quaternary ft-helper-fontSize-body-S ft-helper-spacer-t-xxs\">El equipo se muestra ilusionado por el reto que tiene por delante pensando en el Play-in de la Euroliga  \/ FCB<\/p>\n<p class=\"ft-text ft-helper-align-justify\">Si los azulgrana vencen al Bayern, <strong>ya tienen la d\u00e9cima plaza asegurada y luego podr\u00eda remontar posiciones hasta el octavo puesto<\/strong>, dependiendo del resto de resultados. <strong>Lo har\u00e1n si derrotan al Bayern, si Estrella Roja pierde ante el Real Madrid, Panathinaikos cae tambi\u00e9n contra Anadolu Efes y M\u00f3naco vence al Hapoel Tel Aviv. <\/strong>El triple empate a 21 triunfos entre catalanes, serbios y griegos favorecer\u00eda al Bar\u00e7a, que tiene un balance de tres victorias y una derrota ante ellos.<\/p>\n","protected":false},"excerpt":{"rendered":"El Bar\u00e7a cerrar\u00e1 hoy la fase regular de la Euroliga en el Palau ante el FC Bayern (20.30&hellip;\n","protected":false},"author":2,"featured_media":503025,"comment_status":"","ping_status":"","sticky":false,"template":"","format":"standard","meta":{"footnotes":""},"categories":[269],"tags":[100756,100757,299,298,168,11276,100759,25,24,417,6260,23,167,100758],"class_list":["post-503024","post","type-post","status-publish","format-standard","has-post-thumbnail","category-baloncesto","tag-a-ganar","tag-al-fc-bayern","tag-baloncesto","tag-basketball","tag-deportes","tag-el-barca","tag-en-el-play-in","tag-es","tag-espana","tag-obligado","tag-rival","tag-spain","tag-sports","tag-y-a-esperar"],"share_on_mastodon":{"url":"https:\/\/pubeurope.com\/@es\/116420889678343269","error":""},"_links":{"self":[{"href":"https:\/\/www.europesays.com\/es\/wp-json\/wp\/v2\/posts\/503024","targetHints":{"allow":["GET"]}}],"collection":[{"href":"https:\/\/www.europesays.com\/es\/wp-json\/wp\/v2\/posts"}],"about":[{"href":"https:\/\/www.europesays.com\/es\/wp-json\/wp\/v2\/types\/post"}],"author":[{"embeddable":true,"href":"https:\/\/www.europesays.com\/es\/wp-json\/wp\/v2\/users\/2"}],"replies":[{"embeddable":true,"href":"https:\/\/www.europesays.com\/es\/wp-json\/wp\/v2\/comments?post=503024"}],"version-history":[{"count":0,"href":"https:\/\/www.europesays.com\/es\/wp-json\/wp\/v2\/posts\/503024\/revisions"}],"wp:featuredmedia":[{"embeddable":true,"href":"https:\/\/www.europesays.com\/es\/wp-json\/wp\/v2\/media\/503025"}],"wp:attachment":[{"href":"https:\/\/www.europesays.com\/es\/wp-json\/wp\/v2\/media?parent=503024"}],"wp:term":[{"taxonomy":"category","embeddable":true,"href":"https:\/\/www.europesays.com\/es\/wp-json\/wp\/v2\/categories?post=503024"},{"taxonomy":"post_tag","embeddable":true,"href":"https:\/\/www.europesays.com\/es\/wp-json\/wp\/v2\/tags?post=503024"}],"curies":[{"name":"wp","href":"https:\/\/api.w.org\/{rel}","templated":true}]}}