{"id":50306,"date":"2025-08-16T00:29:17","date_gmt":"2025-08-16T00:29:17","guid":{"rendered":"https:\/\/www.europesays.com\/es\/50306\/"},"modified":"2025-08-16T00:29:17","modified_gmt":"2025-08-16T00:29:17","slug":"euskadi-vive-una-jornada-torrida-en-la-que-se-rozan-los-45-grados","status":"publish","type":"post","link":"https:\/\/www.europesays.com\/es\/50306\/","title":{"rendered":"Euskadi vive una jornada t\u00f3rrida en la que se rozan los 45 grados"},"content":{"rendered":"<p>Vitoria, (EFE).- Euskadi ha vivido este viernes una jornada sofocante que podr\u00eda ser la m\u00e1s t\u00f3rrida de esta ola de calor, con numerosas localidades con temperaturas que a primeras horas de la tarde superaron los 40 grados y en algunos puntos se acercaron a los 45. <\/p>\n<p>La Agencia Vasca de Meteorolog\u00eda-Euskalmet hab\u00eda activado para este d\u00eda una alerta naranja por temperaturas extremas, especialmente en el interior de Bizkaia y Gipuzkoa, y el noroeste de \u00c1lava. <\/p>\n<p>Esta previsi\u00f3n de temperaturas extremas llev\u00f3 a la Agencia Estatal de Meteorolog\u00eda (Aemet) a decretar un aviso rojo en el interior de Bizkaia, el \u00fanico de este nivel este viernes en toda Espa\u00f1a junto con Cantabria. <\/p>\n<p>Las previsiones de temperaturas de hasta 39 grados se han quedado cortas y en casi cuarenta localidades vascas se han superado los 40 grados de m\u00e1xima, la gran mayor\u00eda en Bizkaia. <\/p>\n<p>La noche pasada ya hac\u00eda prever lo que ha sucedido finalmente, ya que en Euskadi se ha vivido una madrugada tropical con m\u00ednimas que no han bajado de los 20 grados en muchos puntos, con la m\u00e1s alta en la localidad alavesa de Ilarduia (\u00c1lava) con 26,3 grados. <\/p>\n<p>Lo peor en Bizkaia<\/p>\n<p>El territorio m\u00e1s castigado, como estaba previsto ha sido el interior de Bizkaia. Aqu\u00ed, a primeras horas de la tarde, se han registrado m\u00e1ximas de 44,9 en Sodupe, 43,8 en Igorre y 43,5 en Galdakao. <\/p>\n<p>En Bilbao, que hoy celebra un d\u00eda festivo en honor a la Virgen de Bego\u00f1a, los term\u00f3metros han llegado a los 42,5 grados. <\/p>\n<p>En \u00c1lava, territorio en el que otros d\u00edas de esta ola de calor se ha llevado la peor parte, las temperaturas tambi\u00e9n han sido muy elevadas en lugares como Gardea, en Llodio, con 44 grados, Saratxo (Amurrio) con 42,2 o incluso Vitoria, que ha marcado 39,9 de m\u00e1xima. <\/p>\n<p>Pero es que seg\u00fan los datos de Euskalmet, la gran mayor\u00eda de las localidades alavesas han registrado m\u00e1ximas por encima de los 35 grados. <\/p>\n<p><img loading=\"lazy\" data-recalc-dims=\"1\" decoding=\"async\" width=\"900\" height=\"599\" src=\"https:\/\/www.europesays.com\/es\/wp-content\/uploads\/2025\/08\/GRAFCAV1549-ESPANA-OLA-CALOR.webp\" alt=\"\" class=\"wp-image-2079939\"  \/>Vista de la playa de La Concha de San Sebasti\u00e1n. EFE\/Javier Etxezarreta<\/p>\n<p>Gipuzkoa, especialmente en su interior, tambi\u00e9n ha sufrido un d\u00eda asfixiante y hasta en la costa ha hecho much\u00edsimo calor. Como muestra los 35,8 grados de Zarautz. <\/p>\n<p>El d\u00eda m\u00e1s caluroso<\/p>\n<p>La m\u00e1xima m\u00e1s alta en este territorio se ha registrado en la estaci\u00f3n de San Prudentzio, en Bergara, con 42 grados, pero en Arrasate se ha llegado a los 41,8 grados y en Estanda (Beasain) a los 41,5. En San Sebasti\u00e1n se han sobrepasado los 38 grados. <\/p>\n<p>Seg\u00fan las previsiones de Euskalmet la de este viernes podr\u00eda haber sido la jornada m\u00e1s calurosa de este verano. Para este s\u00e1bado mantendr\u00e1 una alerta naranja por temperaturas extremas en \u00c1lava y ya para el domingo el aviso ser\u00e1 menor, de riesgo amarillo. <\/p>\n<p>El lunes se espera que acabe esta ola de calor que comenz\u00f3 el 4 de agosto con el primer aviso.  <\/p>\n<p>Para este d\u00eda se espera en Euskadi un descenso notable de las temperaturas m\u00e1ximas que por ejemplo en Vitoria podr\u00eda quedarse en 25 grados.<\/p>\n","protected":false},"excerpt":{"rendered":"Vitoria, (EFE).- Euskadi ha vivido este viernes una jornada sofocante que podr\u00eda ser la m\u00e1s t\u00f3rrida de esta&hellip;\n","protected":false},"author":2,"featured_media":50307,"comment_status":"","ping_status":"","sticky":false,"template":"","format":"standard","meta":{"footnotes":""},"categories":[5],"tags":[17,18,25,24,13,14,11,19,20,9,10,15,16,1374,23,12,21,22,2177],"class_list":{"0":"post-50306","1":"post","2":"type-post","3":"status-publish","4":"format-standard","5":"has-post-thumbnail","7":"category-titulares","8":"tag-breaking-news","9":"tag-breakingnews","10":"tag-es","11":"tag-espana","12":"tag-featured-news","13":"tag-featurednews","14":"tag-headlines","15":"tag-latest-news","16":"tag-latestnews","17":"tag-news","18":"tag-noticias","19":"tag-noticias-destacadas","20":"tag-noticiasdestacadas","21":"tag-ola-de-calor","22":"tag-spain","23":"tag-titulares","24":"tag-ultimas-noticias","25":"tag-ultimasnoticias","26":"tag-vitoria"},"share_on_mastodon":{"url":"","error":""},"_links":{"self":[{"href":"https:\/\/www.europesays.com\/es\/wp-json\/wp\/v2\/posts\/50306","targetHints":{"allow":["GET"]}}],"collection":[{"href":"https:\/\/www.europesays.com\/es\/wp-json\/wp\/v2\/posts"}],"about":[{"href":"https:\/\/www.europesays.com\/es\/wp-json\/wp\/v2\/types\/post"}],"author":[{"embeddable":true,"href":"https:\/\/www.europesays.com\/es\/wp-json\/wp\/v2\/users\/2"}],"replies":[{"embeddable":true,"href":"https:\/\/www.europesays.com\/es\/wp-json\/wp\/v2\/comments?post=50306"}],"version-history":[{"count":0,"href":"https:\/\/www.europesays.com\/es\/wp-json\/wp\/v2\/posts\/50306\/revisions"}],"wp:featuredmedia":[{"embeddable":true,"href":"https:\/\/www.europesays.com\/es\/wp-json\/wp\/v2\/media\/50307"}],"wp:attachment":[{"href":"https:\/\/www.europesays.com\/es\/wp-json\/wp\/v2\/media?parent=50306"}],"wp:term":[{"taxonomy":"category","embeddable":true,"href":"https:\/\/www.europesays.com\/es\/wp-json\/wp\/v2\/categories?post=50306"},{"taxonomy":"post_tag","embeddable":true,"href":"https:\/\/www.europesays.com\/es\/wp-json\/wp\/v2\/tags?post=50306"}],"curies":[{"name":"wp","href":"https:\/\/api.w.org\/{rel}","templated":true}]}}