{"id":50308,"date":"2025-08-16T00:30:09","date_gmt":"2025-08-16T00:30:09","guid":{"rendered":"https:\/\/www.europesays.com\/es\/50308\/"},"modified":"2025-08-16T00:30:09","modified_gmt":"2025-08-16T00:30:09","slug":"el-bm-guadalajara-esta-de-vuelta-guadalajaradiario-es","status":"publish","type":"post","link":"https:\/\/www.europesays.com\/es\/50308\/","title":{"rendered":"El BM. Guadalajara est\u00e1 de vuelta &#8211; GuadalajaraDiario.es"},"content":{"rendered":"<p><img loading=\"lazy\" decoding=\"async\" src=\"https:\/\/www.europesays.com\/es\/wp-content\/uploads\/2025\/08\/Ricardo_Mateo_segundo_entrenad__lajara_Foto_Farah_Surez-220x165.jpg\" width=\"220\" height=\"165\" alt=\"Ricardo Mateo segundo entrenad  lajara Foto Farah Su\u00e1rez\" title=\"Ricardo Mateo segundo entrenador del Balonmano Guadalajara. Foto: Farah Su\u00e1rez.\" style=\" margin:0;\" \/>Ricardo Mateo segundo entrenador del Balonmano Guadalajara. Foto: Farah Su\u00e1rez.Este fin de semana afronta dos compromisos de preparaci\u00f3n de cara a la temporada pr\u00f3xima a comenzar<\/p>\n<p>Tras comenzar hace algunas fechas la pretemporada, el BM Guadalajara afronta esta semana sus dos primeros compromisos de preparaci\u00f3n, de cara a la temporada pr\u00f3xima a comenzar.<\/p>\n<p>\u00a0<\/p>\n<p>Y es que no es uno, sino que, por partida doble, se estrenar\u00e1n los de Juan Carlos Requena en esta pretemporada. El viernes a las 12:00 horas en El Sargal, frente al eterno rival, REBI BM Cuenca y el s\u00e1bado a las 18:00 horas, en el que ser\u00e1 el debut en casa, frente al \u00c1ngel Xim\u00e9nez Puente Genil, un claro rival por la permanencia en la Liga NEXUS ENERG\u00cdA ASOBAL. <br \/>Para comentar el estado del conjunto alcarre\u00f1o, con muchas caras nuevas este a\u00f1o, se daban cita con los medios, el segundo entrenador del BM Guadalajara, Ricardo Mateo, debido a compromisos del primer t\u00e9cnico y uno de sus buques insignia, el lateral tolosarra Haitz Gorostidi.<\/p>\n<p><img loading=\"lazy\" decoding=\"async\" src=\"https:\/\/www.europesays.com\/es\/wp-content\/uploads\/2025\/08\/balonmano_Guadalajara_Haitz_Gorostidi-370x278.jpg\" width=\"370\" height=\"278\" alt=\"balonmano Guadalajara Haitz Gorostidi\" title=\"El segundo entrenador estuvo acompa\u00f1ado por el jugador Haitz Gorostidi\" style=\" margin:0;\" \/>El segundo entrenador estuvo acompa\u00f1ado por el jugador Haitz GorostidiMateo desgranaba lo que est\u00e1 siendo un duro inicio de curso, por las altas temperaturas en la capital alcarre\u00f1a, pero que suplen con la ilusi\u00f3n de crear una nueva familia unida, dentro y fuera del vestuario \u00abla verdad que los chicos est\u00e1n respondiendo bastante bien. Est\u00e1n siendo semanas duras, porque al final la carga es alta y estamos intentando controlar esa carga todo lo que se puede, para que los jugadores no tengan molestias, no tengan lesiones&#8230; no siempre se consigue, pero de momento va bastante bien la cosa\u00bb.<\/p>\n<p>El objetivo en pretemporada no es el resultado, pero para el segundo entrenador, siempre que se juega hay que ir con mentalidad ganadora \u00ablo que esperamos en estos partidos es que se afiancen los jugadores nuevos, sobre todo con el modelo de juego, con lo poco que hemos podido ir trabajando durante estas semanas, rotar mucho, que los jugadores se encuentren dentro de la pista, que se encuentren entre ellos y se generen peque\u00f1as asociaciones entre los jugadores nuevos y los veteranos y cargar las pilas. Siempre que se juega se tiene que ganar, o eso por lo menos tiene que ser uno de los principales objetivos, s\u00ed que es verdad que en estas pretemporadas se buscan m\u00e1s micro objetivos dentro de esos partidos, pero nuestra mentalidad es la de ganar siempre que se juega\u00bb.<\/p>\n<p><img loading=\"lazy\" decoding=\"async\" src=\"https:\/\/www.europesays.com\/es\/wp-content\/uploads\/2025\/08\/BM._Guadalajara_temporada_2025-26_Foto_Farah_Surez_-370x250.jpg\" width=\"370\" height=\"250\" alt=\"BM. Guadalajara temporada 2025-26 Foto Farah Su\u00e1rez \" title=\"BM. Guadalajara temporada 2025-26. Foto: Farah Su\u00e1rez.\" style=\" margin:0;\" \/>BM. Guadalajara temporada 2025-26. Foto: Farah Su\u00e1rez.Haitz Gorostidi ya es todo un veterano en la plantilla morada, pues firma su quinta temporada en Guadalajara y est\u00e1 muy satisfecho con el grupo que ya se est\u00e1 creando en el vestuario \u00abyo he empezado bien, con las molestias habituales, en mi caso en el hombro, pero me encuentro bien. El grupo muy bien, a nivel personal es gente muy buena, todos han venido con ganas de aportar y tenemos muy buen rollo, algo que es muy importante en un equipo como el nuestro, para que sigamos unidos cuando lleguen los momentos dif\u00edciles. Al haber muchos compa\u00f1eros nuevos cada uno va poco a poco, a su ritmo y estos partidos amistosos nos vienen bien para conocernos mejor y enfrentarnos a rivales directos. El objetivo esta temporada, como siempre, es la permanencia. Suframos o no, mientras consigamos la permanencia me da igual\u00bb.<br \/>Para estos partidos se dar\u00e1 descanso a algunos jugadores que tienen molestias, mientras que Jos\u00e9 Luis Rom\u00e1n, que contin\u00faa recuper\u00e1ndose de su lesi\u00f3n de final de la pasada temporada, entrena con el grupo con precauciones. El resto de la plantilla viajar\u00e1 el viernes a primera hora a Cuenca y saltar\u00e1 el s\u00e1bado a la pista del David Santamar\u00eda para presentarse ante su afici\u00f3n, en un partido que ser\u00e1 gratuito para los abonados y tendr\u00e1 un precio de cinco euros para el resto de aficionados.<\/p>\n<p>Fotos Farah Su\u00e1rez<\/p>\n","protected":false},"excerpt":{"rendered":"Ricardo Mateo segundo entrenador del Balonmano Guadalajara. Foto: Farah Su\u00e1rez.Este fin de semana afronta dos compromisos de preparaci\u00f3n&hellip;\n","protected":false},"author":2,"featured_media":50309,"comment_status":"","ping_status":"","sticky":false,"template":"","format":"standard","meta":{"footnotes":""},"categories":[278],"tags":[380,376,168,25,24,439,375,2713,6758,23,167,1152,22408],"class_list":{"0":"post-50308","1":"post","2":"type-post","3":"status-publish","4":"format-standard","5":"has-post-thumbnail","7":"category-balonmano","8":"tag-al","9":"tag-balonmano","10":"tag-deportes","11":"tag-es","12":"tag-espana","13":"tag-guadalajara","14":"tag-handball","15":"tag-jugadores","16":"tag-partidos","17":"tag-spain","18":"tag-sports","19":"tag-temporada","20":"tag-uno"},"share_on_mastodon":{"url":"","error":""},"_links":{"self":[{"href":"https:\/\/www.europesays.com\/es\/wp-json\/wp\/v2\/posts\/50308","targetHints":{"allow":["GET"]}}],"collection":[{"href":"https:\/\/www.europesays.com\/es\/wp-json\/wp\/v2\/posts"}],"about":[{"href":"https:\/\/www.europesays.com\/es\/wp-json\/wp\/v2\/types\/post"}],"author":[{"embeddable":true,"href":"https:\/\/www.europesays.com\/es\/wp-json\/wp\/v2\/users\/2"}],"replies":[{"embeddable":true,"href":"https:\/\/www.europesays.com\/es\/wp-json\/wp\/v2\/comments?post=50308"}],"version-history":[{"count":0,"href":"https:\/\/www.europesays.com\/es\/wp-json\/wp\/v2\/posts\/50308\/revisions"}],"wp:featuredmedia":[{"embeddable":true,"href":"https:\/\/www.europesays.com\/es\/wp-json\/wp\/v2\/media\/50309"}],"wp:attachment":[{"href":"https:\/\/www.europesays.com\/es\/wp-json\/wp\/v2\/media?parent=50308"}],"wp:term":[{"taxonomy":"category","embeddable":true,"href":"https:\/\/www.europesays.com\/es\/wp-json\/wp\/v2\/categories?post=50308"},{"taxonomy":"post_tag","embeddable":true,"href":"https:\/\/www.europesays.com\/es\/wp-json\/wp\/v2\/tags?post=50308"}],"curies":[{"name":"wp","href":"https:\/\/api.w.org\/{rel}","templated":true}]}}