{"id":5031,"date":"2025-07-26T16:29:10","date_gmt":"2025-07-26T16:29:10","guid":{"rendered":"https:\/\/www.europesays.com\/es\/5031\/"},"modified":"2025-07-26T16:29:10","modified_gmt":"2025-07-26T16:29:10","slug":"mas-de-50-ninos-nadan-desde-marruecos-hasta-el-enclave-espanol-de-ceuta","status":"publish","type":"post","link":"https:\/\/www.europesays.com\/es\/5031\/","title":{"rendered":"M\u00e1s de 50 ni\u00f1os nadan desde Marruecos hasta el enclave espa\u00f1ol de Ceuta"},"content":{"rendered":"<p>      Reuters<br \/>\n        \u00a0\u2014\u00a0<\/p>\n<p class=\"paragraph inline-placeholder vossi-paragraph\" data-uri=\"es.cms.cnn.com\/_components\/paragraph\/instances\/cmdkccte700b527p92r0u6gkf@published\" data-editable=\"text\" data-component-name=\"paragraph\" data-article-gutter=\"true\">\n            Al menos 54 ni\u00f1os y unos 30 adultos nadaron desde Marruecos hasta el enclave espa\u00f1ol de Ceuta, en el norte de \u00c1frica, en medio de mares agitados y niebla, seg\u00fan inform\u00f3 la televisi\u00f3n espa\u00f1ola este s\u00e1bado.\n    <\/p>\n<p class=\"paragraph inline-placeholder vossi-paragraph\" data-uri=\"es.cms.cnn.com\/_components\/paragraph\/instances\/cmdkcejcz0004356n4uj11804@published\" data-editable=\"text\" data-component-name=\"paragraph\" data-article-gutter=\"true\">\n            Im\u00e1genes de video del canal espa\u00f1ol RTVE mostraron a lanchas de la Guardia Civil realizando varios intentos de rescate para llevar a algunos de los nadadores a un lugar seguro, mientras otros llegaban nadando hasta el enclave.\n    <\/p>\n<p class=\"paragraph inline-placeholder vossi-paragraph\" data-uri=\"es.cms.cnn.com\/_components\/paragraph\/instances\/cmdkcejd00005356n85uboesb@published\" data-editable=\"text\" data-component-name=\"paragraph\" data-article-gutter=\"true\">\n            Los ni\u00f1os, en su mayor\u00eda marroqu\u00edes, fueron llevados a centros temporales en Ceuta, donde las autoridades solicitaron ayuda al gobierno central para gestionar las \u00faltimas llegadas.\n    <\/p>\n<p class=\"paragraph inline-placeholder vossi-paragraph\" data-uri=\"es.cms.cnn.com\/_components\/paragraph\/instances\/cmdkcejd00006356nksf9xrhg@published\" data-editable=\"text\" data-component-name=\"paragraph\" data-article-gutter=\"true\">\n            \u201cNo nos dejen solos. Esto es un asunto de Estado. Esto tiene que resolverse\u201d, declar\u00f3 este s\u00e1bado a periodistas Juan Rivas, del gobierno regional de Ceuta.\n    <\/p>\n<p class=\"paragraph inline-placeholder vossi-paragraph\" data-uri=\"es.cms.cnn.com\/_components\/paragraph\/instances\/cmdkcejd00007356nt9qxtymh@published\" data-editable=\"text\" data-component-name=\"paragraph\" data-article-gutter=\"true\">\n            El 26 de agosto del a\u00f1o pasado, cientos de migrantes aprovecharon una densa niebla para nadar hasta Ceuta desde la vecina Marruecos, seg\u00fan la polic\u00eda local. En 2021, un ni\u00f1o fue visto flotando sobre botellas pl\u00e1sticas vac\u00edas en su intento de llegar a Ceuta.\n    <\/p>\n<p class=\"paragraph inline-placeholder vossi-paragraph\" data-uri=\"es.cms.cnn.com\/_components\/paragraph\/instances\/cmdkcejd00008356nha32afj2@published\" data-editable=\"text\" data-component-name=\"paragraph\" data-article-gutter=\"true\">\n            Los dos enclaves espa\u00f1oles en la costa mediterr\u00e1nea de Marruecos, Ceuta y Melilla, comparten las \u00fanicas fronteras terrestres de la Uni\u00f3n Europea con \u00c1frica. Los enclaves experimentan espor\u00e1dicamente oleadas de intentos de entrada por parte de migrantes que tratan de llegar a Europa.\n    <\/p>\n<p class=\"paragraph inline-placeholder vossi-paragraph\" data-uri=\"es.cms.cnn.com\/_components\/paragraph\/instances\/cmdkcejd00009356nr7im2txn@published\" data-editable=\"text\" data-component-name=\"paragraph\" data-article-gutter=\"true\">\n            Los ciudadanos marroqu\u00edes detenidos durante los cruces son enviados de inmediato de regreso a Marruecos, salvo que sean menores de edad o est\u00e9n solicitando asilo.\n    <\/p>\n<p class=\"paragraph inline-placeholder vossi-paragraph\" data-uri=\"es.cms.cnn.com\/_components\/paragraph\/instances\/cmdkcejd0000a356n9ghg63zi@published\" data-editable=\"text\" data-component-name=\"paragraph\" data-article-gutter=\"true\">\n            Las personas de otras nacionalidades son llevadas a centros especiales donde se les da refugio y se les libera despu\u00e9s de algunos d\u00edas.\n    <\/p>\n<p class=\"paragraph inline-placeholder vossi-paragraph\" data-uri=\"es.cms.cnn.com\/_components\/paragraph\/instances\/cmdkcejd0000b356ndlkapelz@published\" data-editable=\"text\" data-component-name=\"paragraph\" data-article-gutter=\"true\">\n            Hace tres a\u00f1os, al menos 23 personas murieron en una estampida cuando cerca de 2.000 migrantes intentaron entrar por la fuerza en Melilla, derribando la valla fronteriza.\n    <\/p>\n","protected":false},"excerpt":{"rendered":"Reuters \u00a0\u2014\u00a0 Al menos 54 ni\u00f1os y unos 30 adultos nadaron desde Marruecos hasta el enclave espa\u00f1ol de&hellip;\n","protected":false},"author":2,"featured_media":5032,"comment_status":"","ping_status":"","sticky":false,"template":"","format":"standard","meta":{"footnotes":""},"categories":[8],"tags":[17,18,4486,25,24,13,14,11,590,19,20,4485,9,10,15,16,23,12,21,22],"class_list":{"0":"post-5031","1":"post","2":"type-post","3":"status-publish","4":"format-standard","5":"has-post-thumbnail","7":"category-espana","8":"tag-breaking-news","9":"tag-breakingnews","10":"tag-ceuta","11":"tag-es","12":"tag-espana","13":"tag-featured-news","14":"tag-featurednews","15":"tag-headlines","16":"tag-inmigracion","17":"tag-latest-news","18":"tag-latestnews","19":"tag-marruecos","20":"tag-news","21":"tag-noticias","22":"tag-noticias-destacadas","23":"tag-noticiasdestacadas","24":"tag-spain","25":"tag-titulares","26":"tag-ultimas-noticias","27":"tag-ultimasnoticias"},"share_on_mastodon":{"url":"","error":""},"_links":{"self":[{"href":"https:\/\/www.europesays.com\/es\/wp-json\/wp\/v2\/posts\/5031","targetHints":{"allow":["GET"]}}],"collection":[{"href":"https:\/\/www.europesays.com\/es\/wp-json\/wp\/v2\/posts"}],"about":[{"href":"https:\/\/www.europesays.com\/es\/wp-json\/wp\/v2\/types\/post"}],"author":[{"embeddable":true,"href":"https:\/\/www.europesays.com\/es\/wp-json\/wp\/v2\/users\/2"}],"replies":[{"embeddable":true,"href":"https:\/\/www.europesays.com\/es\/wp-json\/wp\/v2\/comments?post=5031"}],"version-history":[{"count":0,"href":"https:\/\/www.europesays.com\/es\/wp-json\/wp\/v2\/posts\/5031\/revisions"}],"wp:featuredmedia":[{"embeddable":true,"href":"https:\/\/www.europesays.com\/es\/wp-json\/wp\/v2\/media\/5032"}],"wp:attachment":[{"href":"https:\/\/www.europesays.com\/es\/wp-json\/wp\/v2\/media?parent=5031"}],"wp:term":[{"taxonomy":"category","embeddable":true,"href":"https:\/\/www.europesays.com\/es\/wp-json\/wp\/v2\/categories?post=5031"},{"taxonomy":"post_tag","embeddable":true,"href":"https:\/\/www.europesays.com\/es\/wp-json\/wp\/v2\/tags?post=5031"}],"curies":[{"name":"wp","href":"https:\/\/api.w.org\/{rel}","templated":true}]}}