{"id":50310,"date":"2025-08-16T00:31:13","date_gmt":"2025-08-16T00:31:13","guid":{"rendered":"https:\/\/www.europesays.com\/es\/50310\/"},"modified":"2025-08-16T00:31:13","modified_gmt":"2025-08-16T00:31:13","slug":"la-novillada-inacabada-en-blanca","status":"publish","type":"post","link":"https:\/\/www.europesays.com\/es\/50310\/","title":{"rendered":"La novillada inacabada en Blanca"},"content":{"rendered":"<p>Con un calor sofocante comenz\u00f3 este viernes la tercera novillada de la Feria de Blanca. Se not\u00f3 en los tendidos que, a diferencia de los  &#8230; d\u00edas anteriores, no llegaron a llenarse por completo. Recibi\u00f3 con cari\u00f1o el p\u00fablico a los novilleros que tuvieron que saludar una ovaci\u00f3n una vez roto el pase\u00edllo. <\/p>\n<p class=\"v-p\">Abri\u00f3 plaza Manuel Olivero, con un serio novillo de Chamaco. Discreto result\u00f3 el saludo de capa, en el que el novillo perdi\u00f3 las manos. Buen tercio de banderillas protagoniz\u00f3 Juan Jos\u00e9 Sanmart\u00edn, quien se desmonter\u00f3. <\/p>\n<p class=\"v-p\">El novillo de Chamaco , de embestida corta y sosa, propia de la falta de fuerzas, no sirvi\u00f3. Pese ello lo intent\u00f3 el joven sevillano, que acab\u00f3 su faena metido en tablas, donde se hab\u00eda aquerenciado el animal. Desacertado con la espada, escuch\u00f3 un aviso. <\/p>\n<p>\nEl alumno de la Escuela Toni Mar\u00edn cort\u00f3 un rabo y sali\u00f3 a hombros\n<\/p>\n<p>Unl\u00edo tremendo<\/p>\n<p class=\"v-p\">Devuelto a los corrales fue el segundo, un bonito colorado que, descoordinado, era inservible para la lidia. Una eternidad tardaron en regresar al inv\u00e1lido por donde sali\u00f3 y en preparar al sobrero. Un l\u00edo tremendo deb\u00eda haber en los corrales, de forma que hab\u00eda transcurrido una hora y media de festejo cuando hizo su presencia en el ruedo, ni el sobrero ni el segundo del lote de Cristian Gonz\u00e1lez, sino el becerro de Alvalle que, en clase pr\u00e1ctica, lidi\u00f3 Toni Mar\u00edn. Animoso con la capa, brind\u00f3 a la Pe\u00f1a Manolete una faena que comenz\u00f3 con el chico de Alcantarilla toreando con excelente gusto. <\/p>\n<p class=\"v-p\">Ligad\u00edsima result\u00f3 la primera serie con la diestra y largura y expresi\u00f3n tuvieron los naturales que compusieron la siguiente tanda, de excelente remate con el de la firma. La fase final de la faena de Mar\u00edn fue m\u00e1s efectista, tirando de molinetes y circulares, con el becerro m\u00e1s metido en tablas, para abrochar por manoletinas. Una estocada en buen sitio propici\u00f3 el triunfo de dos orejas y rabo. El buen ejemplar de Alvalle fue premiado con la vuelta al ruedo en el arrastre. Una feria triunfal para la Escuela Taurina El Toreo. <\/p>\n<p class=\"v-p\">En los corrales, por lo visto, el jaleo era monumental y el movimiento incesante. Dos horas y media despu\u00e9s de que se iniciara la corrida, todav\u00eda quedaban tres astados por lidiar. El p\u00fablico, que hab\u00eda sido extremadamente paciente hasta entonces, comenz\u00f3 a protestar, para terminar por hacer la ola y pedir m\u00fasica, ya entrada la noche y con los toreros neg\u00e1ndose a torear alegando el riesgo de una iluminaci\u00f3n insuficiente. El p\u00fablico se mantuvo en la plaza a la espera de la decisi\u00f3n del presidente del festejo. A las 10 de la noche los apoderados sal\u00edan de la plaza escoltados, con una gran bronca del p\u00fablico, ya muy enfadado, con lanzamiento de objetos incluido. Tras ellos salieron los novilleros con picadores, tambi\u00e9n protestados, y, al final, en hombros, sal\u00eda Toni Mar\u00edn con gritos desde la grada de \u00ab\u00a1T\u00fa s\u00ed que vales!\u00bb. Final inesperado para un feria: el de una novillada inacabada.<\/p>\n","protected":false},"excerpt":{"rendered":"Con un calor sofocante comenz\u00f3 este viernes la tercera novillada de la Feria de Blanca. Se not\u00f3 en&hellip;\n","protected":false},"author":2,"featured_media":50311,"comment_status":"","ping_status":"","sticky":false,"template":"","format":"standard","meta":{"footnotes":""},"categories":[277],"tags":[386,373,168,25,24,22409,4494,23,167,374],"class_list":{"0":"post-50310","1":"post","2":"type-post","3":"status-publish","4":"format-standard","5":"has-post-thumbnail","7":"category-toreo","8":"tag-blanca","9":"tag-bullfighting","10":"tag-deportes","11":"tag-es","12":"tag-espana","13":"tag-inacabada","14":"tag-novillada","15":"tag-spain","16":"tag-sports","17":"tag-toreo"},"share_on_mastodon":{"url":"","error":""},"_links":{"self":[{"href":"https:\/\/www.europesays.com\/es\/wp-json\/wp\/v2\/posts\/50310","targetHints":{"allow":["GET"]}}],"collection":[{"href":"https:\/\/www.europesays.com\/es\/wp-json\/wp\/v2\/posts"}],"about":[{"href":"https:\/\/www.europesays.com\/es\/wp-json\/wp\/v2\/types\/post"}],"author":[{"embeddable":true,"href":"https:\/\/www.europesays.com\/es\/wp-json\/wp\/v2\/users\/2"}],"replies":[{"embeddable":true,"href":"https:\/\/www.europesays.com\/es\/wp-json\/wp\/v2\/comments?post=50310"}],"version-history":[{"count":0,"href":"https:\/\/www.europesays.com\/es\/wp-json\/wp\/v2\/posts\/50310\/revisions"}],"wp:featuredmedia":[{"embeddable":true,"href":"https:\/\/www.europesays.com\/es\/wp-json\/wp\/v2\/media\/50311"}],"wp:attachment":[{"href":"https:\/\/www.europesays.com\/es\/wp-json\/wp\/v2\/media?parent=50310"}],"wp:term":[{"taxonomy":"category","embeddable":true,"href":"https:\/\/www.europesays.com\/es\/wp-json\/wp\/v2\/categories?post=50310"},{"taxonomy":"post_tag","embeddable":true,"href":"https:\/\/www.europesays.com\/es\/wp-json\/wp\/v2\/tags?post=50310"}],"curies":[{"name":"wp","href":"https:\/\/api.w.org\/{rel}","templated":true}]}}