{"id":50332,"date":"2025-08-16T00:47:14","date_gmt":"2025-08-16T00:47:14","guid":{"rendered":"https:\/\/www.europesays.com\/es\/50332\/"},"modified":"2025-08-16T00:47:14","modified_gmt":"2025-08-16T00:47:14","slug":"esperanza-en-que-el-novillero-aragones-daniel-artazos-recupere-toda-la-movilidad-tras-una-operacion-de-cinco-horas","status":"publish","type":"post","link":"https:\/\/www.europesays.com\/es\/50332\/","title":{"rendered":"Esperanza en que el novillero aragon\u00e9s Daniel Artazos recupere \u00abtoda la movilidad\u00bb tras una operaci\u00f3n de cinco horas"},"content":{"rendered":"<p>            Esperanza en que el novillero aragon\u00e9s Daniel Artazos recupere \u00abtoda la movilidad\u00bb tras una operaci\u00f3n de cinco horas                <\/p>\n<p>Esperanza en que el novillero aragon\u00e9s Daniel Artazos recupere \u00abtoda la movilidad\u00bb tras una operaci\u00f3n de cinco horas<\/p>\n<p class=\"epigraph\">El joven torero de Sobradiel evoluciona favorablemente tras la cogida sufrida en M\u00e1laga, que le provoc\u00f3 la fractura de la quinta v\u00e9rtebra.<\/p>\n<p class=\"paragraph\"><b>Daniel Artazos evoluciona favorablemente de la grav\u00edsima cogida que sufri\u00f3 en el Certamen Internacional de Escuelas Taurinas<\/b>, celebrado el martes en M\u00e1laga. El joven novillero aragon\u00e9s -natural de <a href=\"https:\/\/www.heraldo.es\/tags\/lugares\/sobradiel.html\" title=\"Sobradiel\" rel=\"nofollow noopener\" target=\"_blank\">Sobradiel<\/a>&#8211; fue prendido cuando ejecutaba un quite a la ver\u00f3nica y sufri\u00f3 una ca\u00edda espeluznante, como as\u00ed se reflejaba en el parte m\u00e9dico: <b>fractura de la quinta v\u00e9rtebra y p\u00e9rdida de movilidad en el costado izquierdo. <\/b><\/p>\n<p>            Conforme a los criterios de<br \/>\n            <a class=\"trustproject_img\" id=\"trustproject_img\" href=\"https:\/\/thetrustproject.org\/\" target=\"_blank\" rel=\"nofollow noopener\" aria-label=\"Trust Project\"><img decoding=\"async\" loading=\"lazy\" src=\"https:\/\/www.heraldo.es\/images\/Trust-Logo-Horizontal.svg\" alt=\"Logo Trust Project\" width=\"200\" height=\"34\"\/><\/a><\/p>\n<p>                <img decoding=\"async\" loading=\"lazy\" src=\"https:\/\/www.europesays.com\/es\/wp-content\/uploads\/2025\/08\/javier-clavero.jpeg\" class=\"author-image\" width=\"120\" height=\"120\" alt=\"Javier Clavero\"\/><\/p>\n<p>        <a href=\"https:\/\/www.henneo.com\/\" title=\"Grupo Henneo\" class=\"logo\" rel=\"nofollow noopener\" target=\"_blank\"><br \/>\n            <img decoding=\"async\" src=\"https:\/\/www.heraldo.es\/images\/logo_henneo_gris.svg\" alt=\"Logo Henneo\" width=\"559\" height=\"389\" loading=\"lazy\"\/><br \/>\n        <\/a><\/p>\n<p>\u00a9 HERALDO DE ARAGON EDITORA, S.L.U.<br \/>Tel\u00e9fono 976 765 000 \/ &#8211; P\u00ba. Independencia, 29, 50001 Zaragoza &#8211; CIF: B99288763 &#8211; Inscrita en el Registro Mercantil de Zaragoza al Tomo 3796, Libro 0, Folio 177, Secci\u00f3n 8, Hoja Z-50564<br \/>Queda prohibida toda reproducci\u00f3n sin permiso escrito de la empresa a los efectos del art\u00edculo 32.1, p\u00e1rrafo segundo, de la Ley de Propiedad Intelectual<\/p>\n<p>\n                P\u00ba Independencia, 29, 50001 Zaragoza<br \/> Tel\u00e9fono 976 765 000\n            <\/p>\n<p>                    Actualmente tu navegador no permite ejecutar JavaScript. Para poder disfrutar de nuestro contenido es necesario que lo permita.<br \/>\n                                        <img decoding=\"async\" loading=\"lazy\" alt=\"Heraldo logo\" src=\"https:\/\/dkumiip2e9ary.cloudfront.net\/xalok\/heraldo\/especiales\/hola-de-nuevo\/logo-heraldo.svg\" width=\"215\" height=\"43\"\/><\/p>\n","protected":false},"excerpt":{"rendered":"Esperanza en que el novillero aragon\u00e9s Daniel Artazos recupere \u00abtoda la movilidad\u00bb tras una operaci\u00f3n de cinco horas&hellip;\n","protected":false},"author":2,"featured_media":50333,"comment_status":"","ping_status":"","sticky":false,"template":"","format":"standard","meta":{"footnotes":""},"categories":[91],"tags":[146,147,25,24,9572,8137,11161,2885,22422,23],"class_list":{"0":"post-50332","1":"post","2":"type-post","3":"status-publish","4":"format-standard","5":"has-post-thumbnail","7":"category-entretenimiento","8":"tag-entertainment","9":"tag-entretenimiento","10":"tag-es","11":"tag-espana","12":"tag-esperanza","13":"tag-movilidad","14":"tag-novillero","15":"tag-operacion","16":"tag-recupere","17":"tag-spain"},"share_on_mastodon":{"url":"","error":""},"_links":{"self":[{"href":"https:\/\/www.europesays.com\/es\/wp-json\/wp\/v2\/posts\/50332","targetHints":{"allow":["GET"]}}],"collection":[{"href":"https:\/\/www.europesays.com\/es\/wp-json\/wp\/v2\/posts"}],"about":[{"href":"https:\/\/www.europesays.com\/es\/wp-json\/wp\/v2\/types\/post"}],"author":[{"embeddable":true,"href":"https:\/\/www.europesays.com\/es\/wp-json\/wp\/v2\/users\/2"}],"replies":[{"embeddable":true,"href":"https:\/\/www.europesays.com\/es\/wp-json\/wp\/v2\/comments?post=50332"}],"version-history":[{"count":0,"href":"https:\/\/www.europesays.com\/es\/wp-json\/wp\/v2\/posts\/50332\/revisions"}],"wp:featuredmedia":[{"embeddable":true,"href":"https:\/\/www.europesays.com\/es\/wp-json\/wp\/v2\/media\/50333"}],"wp:attachment":[{"href":"https:\/\/www.europesays.com\/es\/wp-json\/wp\/v2\/media?parent=50332"}],"wp:term":[{"taxonomy":"category","embeddable":true,"href":"https:\/\/www.europesays.com\/es\/wp-json\/wp\/v2\/categories?post=50332"},{"taxonomy":"post_tag","embeddable":true,"href":"https:\/\/www.europesays.com\/es\/wp-json\/wp\/v2\/tags?post=50332"}],"curies":[{"name":"wp","href":"https:\/\/api.w.org\/{rel}","templated":true}]}}