{"id":503340,"date":"2026-04-17T20:02:13","date_gmt":"2026-04-17T20:02:13","guid":{"rendered":"https:\/\/www.europesays.com\/es\/503340\/"},"modified":"2026-04-17T20:02:13","modified_gmt":"2026-04-17T20:02:13","slug":"muere-beatriz-de-moura-fundadora-de-tusquets-leyenda-de-la-edicion-cultura","status":"publish","type":"post","link":"https:\/\/www.europesays.com\/es\/503340\/","title":{"rendered":"Muere Beatriz de Moura, fundadora de Tusquets, leyenda de la edici\u00f3n | Cultura"},"content":{"rendered":"<p class=\"\"><a href=\"https:\/\/elpais.com\/babelia\/2025-06-26\/el-sello-de-beatriz-de-moura.html\" target=\"_self\" rel=\"nofollow noopener\" title=\"https:\/\/elpais.com\/babelia\/2025-06-26\/el-sello-de-beatriz-de-moura.html\">Beatriz de Moura<\/a>, leyenda de la edici\u00f3n, fundadora de Tusquets, ha muerto a los 87 a\u00f1os. Cuando puso en marcha su editorial, con su primer marido, el arquitecto <a href=\"https:\/\/elpais.com\/noticias\/oscar-tusquets\/\" rel=\"nofollow noopener\" title=\"https:\/\/elpais.com\/noticias\/oscar-tusquets\/\" target=\"_blank\">\u00d3scar Tusquets<\/a>, se encontr\u00f3 en la noche de entonces con un colombiano estrafalario al que ella llamaba Gabito, hasta que supo que era Gabriel Garc\u00eda M\u00e1rquez. Este andaba por las noches de Barcelona buscando amistades, y Beatriz fue de las primeras.<\/p>\n<p class=\"\">Una de aquellas noches de parranda hall\u00f3 que su amigo estaba en un corro hablando de un libro suyo del que ella no ten\u00eda noticia. Era Cien a\u00f1os de soledad, del que ya se empezaba a hablar en Argentina. Nunca pudo luego atrapar al que ser\u00eda en seguida el m\u00e1s grande, con Mario Vargas Llosa, de los divos del boom, pero este le regal\u00f3 para siempre Relato de un n\u00e1ufrago, el libro m\u00e1s vendido de los libros peque\u00f1os del autor de El coronel no tiene quien le escriba.<\/p>\n<p class=\"\">Ha muerto Beatriz de Moura (Rio de Janeiro, Brasil, 1939), a la que tanto se quer\u00eda. Cuando aquella editorial que fund\u00f3 y de la que estuvo al frente durante 40 a\u00f1os, Tusquets, por el nombre del arquitecto, se puso en marcha, ella fue por esos mundos buscando autores, tratando de comprobar la literatura de su gusto. No public\u00f3 jam\u00e1s algo que no le gustara.<\/p>\n<p class=\"\">\u201cLamentamos comunicar que hoy nos ha dejado Beatriz de Moura\u201d, ha comunicado la editorial Tusquets, que ha calificado a la editora como \u201cmujer brillante y desprejuiciada, cosmopolita y aguerrida, precursora de tantas cosas y alma de la editorial\u201d.<\/p>\n<p class=\"\">Siendo una joven de falda chica (lo fue casi siempre) se acerc\u00f3 a Tenerife para presentar ella misma, que era una chiquilla, el primer libro que se public\u00f3 en Espa\u00f1a sobre el paso de Andr\u00e8 Breton y el surrealismo, que lleg\u00f3 a la isla antes que a la Pen\u00ednsula. El autor de aquel libro triplicaba la edad de Beatriz, pero all\u00ed estaban ellos dos evocando a Breton y a la m\u00e1s audaz de las haza\u00f1as literarias del siglo XX. Ella iba siempre buscando y encontraba as\u00ed un mundo entero en el que mandaban el gusto y la alegr\u00eda.<\/p>\n<p class=\"\">Es inolvidable, lo ser\u00e1 siempre, y ella se olvid\u00f3 de s\u00ed misma estos \u00faltimos a\u00f1os, como si la bruma de la vida rompiera su pasi\u00f3n por discutir, por jugar, por re\u00edr, porque re\u00edrse de todo era tambi\u00e9n una manera de prolongar la noche. Esa noche en la que entr\u00f3, contaban sus amigos y sus compa\u00f1eros de Tusquets, nunca la tuvo ajena a su propia manera de ser: mantuvo entonces el esp\u00edritu aquel de las noches de otro tiempo, cuando invitaba a su casa a los que estuvieran descarriados en Barcelona, para ver partidos de f\u00fatbol que, en su tiempo de lucidez, ella miraba a medio lado.<\/p>\n<p><img alt=\"\" decoding=\"auto\" class=\"_re lazyload a_m-h\" height=\"276\"  width=\"414\"  src=\"https:\/\/www.europesays.com\/es\/wp-content\/uploads\/2026\/04\/GAZFCANYLZD67C6FTJOVL37PYA.jpg\" loading=\"lazy\" fetchpriority=\"low\"\/>Ceremonia en Madrid en 2019, en la que La Caja de las Letras del Instituto Cervantes deposit\u00f3 su legado. Desde la izquierda, Luis Garc\u00eda Montero, Jes\u00fas Munarriz, Jes\u00fas Garc\u00eda S\u00e1nchez, Jorge Herralde y Beatriz de Moura.Chema Moya (EFE)<\/p>\n<p class=\"\">Esta editora singular, inigualable, fue como Kim de la India, la amiga de todo el mundo, pero era dura (lo fue hasta con Almudena Grandes, la gran autora de Tusquets, que termin\u00f3 despachando con <a href=\"https:\/\/elpais.com\/noticias\/antonio-lopez-lamadrid\/\" rel=\"nofollow noopener\" title=\"https:\/\/elpais.com\/noticias\/antonio-lopez-lamadrid\/\" target=\"_blank\">Antonio L\u00f3pez Lamadrid<\/a> para que las aguas del gusto no cambiaran de cauce). Luego ser\u00edan, otra vez, inigualables, cercanas y queridas.<\/p>\n<p class=\"\">Los nombres propios de su casa son ahora una legi\u00f3n en la que hay j\u00f3venes que vinieron m\u00e1s tarde o veteranos que ahora estar\u00e1n velando una muerte dif\u00edcil de llevar, como todas las muertes, pero en este caso con el agravante de que ella, que fue tan viva, tan hermosa en el habla de la amistad, ya no sab\u00eda que era aquella mujer que segu\u00edamos celebrando.<\/p>\n<p class=\"\">No hubo nada que dijera, de sus autores, de los libros en general, que no respondiera a la pasi\u00f3n que le pon\u00eda a su modo de expresar el gusto. Cuando se encari\u00f1\u00f3 (para siempre) con Milan Kundera, \u00e9ste la someti\u00f3 a un test: \u201cS\u00e9 t\u00fa quien me traduzca\u201d. Fueron amigos para siempre, Toni L\u00f3pez estaba all\u00ed, esperando que la editora y el escritor juntaran sus exigencias.<\/p>\n<p class=\"\">Cerca de todo el mundo, vivi\u00f3 la marcha de la editorial de Javier Cercas como un dolor, pero tuvo cerca abundante nombre propio, cuidado por Toni, por Juan Cerezo, por tantos que no han dejado jam\u00e1s el sitio que antes fue la casa de la propia Beatriz, despu\u00e9s fue la hermosa casa en C\u00e9zare Cant\u00fa y finalmente fue la sede actual en los predios de Planeta, a cuya \u00e9gida ahora pertenece Tusquets.<\/p>\n<p><img alt=\"\" decoding=\"auto\" class=\"_re lazyload a_m-h\" height=\"275\"  width=\"414\"  src=\"https:\/\/www.europesays.com\/es\/wp-content\/uploads\/2026\/04\/O2YHOF6QQZCRHBU2GTDTQZE4ZY.jpg\" loading=\"lazy\" fetchpriority=\"low\"\/>Beatriz de Moura, en noviembre de 1999. vicens Gim\u00e9nez<\/p>\n<p class=\"\">Ese lugar, en el que ahora se debe vivir este momento como un luto mayor, como lo ha de observar el universo literario de Espa\u00f1a y del mundo, fue su \u00faltimo sitio, antes de retirarse a lo que ella quer\u00eda que fuera su pen\u00faltima morada, poniendo en orden su vida entera. Luego vendr\u00eda esa oscuridad de la que ella no supo, porque siempre hubo una luz en la casa en la que segu\u00eda recibiendo a sus amigos, a sus editores, a sus autores, como si ella viniera de vez en cuando al territorio de la alegr\u00eda y de la risa.<\/p>\n<p class=\"\">Deja atr\u00e1s, siempre en Tusquets, una ristra de nombres propios que son parte de lo que es imperecedero de esta editorial: el sonido de la amistad, del rigor, que Beatriz convirti\u00f3 en en un lugar com\u00fan inevitable. Sus encuentros tienen nombres propios: Luis Landero, Cristina Fern\u00e1ndez Cubas, Orejudo, Padura, Eduardo Mendicuti, Celorio, Luis Garc\u00eda Montero, Fernando Aramburu, Rafael Reig, tantos. Amistades suyas, ah\u00ed est\u00e1, por ejemplo, Jorge Herralde, en la editorial Anagrama, siempre. De los que se han ido, Carlos Barral, Castellet, Esther Tusquets, Carmen Balcells\u2026 El mundo editoral, qu\u00e9 universo. Nombres llenos de pasi\u00f3n por la literatura, el debate y la risa en aquella Barcelona en la que ella era la reina de la noche que una vez supo que aquel muchacho que presum\u00eda de ser Gabriel Garc\u00eda M\u00e1rquez era en efecto el autor de Relato de un n\u00e1ufrago.<\/p>\n<p class=\"\">Hace a\u00f1os hice un libro con ella, sobre su trabajo, sobre su vida, sobre sus amigos, sobre sus recuerdos. A veces era, en la conversaci\u00f3n, la ni\u00f1a que fue, aquella mujer que se extra\u00f1aba de seguir siendo editora, la que escrib\u00eda contra la pared, y otras veces parec\u00eda lo que era de veras: una mujer que nunca dej\u00f3 de hacer de su oficio una pasi\u00f3n que contagi\u00f3 una \u00e9poca entera de la literatura.<\/p>\n<p class=\"\">\u201cEra de una estirpe \u00fanica, avanzada a su tiempo, desprejuiciada y de una curiosidad y una energ\u00eda inagotables y sin barreras\u201d. As\u00ed me dijo ayer Juan Cerezo el valor de sus l\u00e1grimas para Beatriz.<\/p>\n","protected":false},"excerpt":{"rendered":"Beatriz de Moura, leyenda de la edici\u00f3n, fundadora de Tusquets, ha muerto a los 87 a\u00f1os. Cuando puso&hellip;\n","protected":false},"author":2,"featured_media":503341,"comment_status":"","ping_status":"","sticky":false,"template":"","format":"standard","meta":{"footnotes":""},"categories":[91],"tags":[54286,100792,209,146,147,25,24,225,671,724,23,40692],"class_list":["post-503340","post","type-post","status-publish","format-standard","has-post-thumbnail","category-entretenimiento","tag-almudena-grandes","tag-beatriz-de-moura","tag-cultura","tag-entertainment","tag-entretenimiento","tag-es","tag-espana","tag-libros","tag-literatura","tag-obituarios","tag-spain","tag-tusquets"],"share_on_mastodon":{"url":"https:\/\/pubeurope.com\/@es\/116421836716769420","error":""},"_links":{"self":[{"href":"https:\/\/www.europesays.com\/es\/wp-json\/wp\/v2\/posts\/503340","targetHints":{"allow":["GET"]}}],"collection":[{"href":"https:\/\/www.europesays.com\/es\/wp-json\/wp\/v2\/posts"}],"about":[{"href":"https:\/\/www.europesays.com\/es\/wp-json\/wp\/v2\/types\/post"}],"author":[{"embeddable":true,"href":"https:\/\/www.europesays.com\/es\/wp-json\/wp\/v2\/users\/2"}],"replies":[{"embeddable":true,"href":"https:\/\/www.europesays.com\/es\/wp-json\/wp\/v2\/comments?post=503340"}],"version-history":[{"count":0,"href":"https:\/\/www.europesays.com\/es\/wp-json\/wp\/v2\/posts\/503340\/revisions"}],"wp:featuredmedia":[{"embeddable":true,"href":"https:\/\/www.europesays.com\/es\/wp-json\/wp\/v2\/media\/503341"}],"wp:attachment":[{"href":"https:\/\/www.europesays.com\/es\/wp-json\/wp\/v2\/media?parent=503340"}],"wp:term":[{"taxonomy":"category","embeddable":true,"href":"https:\/\/www.europesays.com\/es\/wp-json\/wp\/v2\/categories?post=503340"},{"taxonomy":"post_tag","embeddable":true,"href":"https:\/\/www.europesays.com\/es\/wp-json\/wp\/v2\/tags?post=503340"}],"curies":[{"name":"wp","href":"https:\/\/api.w.org\/{rel}","templated":true}]}}