{"id":50336,"date":"2025-08-16T00:50:08","date_gmt":"2025-08-16T00:50:08","guid":{"rendered":"https:\/\/www.europesays.com\/es\/50336\/"},"modified":"2025-08-16T00:50:08","modified_gmt":"2025-08-16T00:50:08","slug":"usuarios-de-waze-usan-el-codigo-carretera-helada-para-advertir-sobre-la-existencia-de-redadas-del-ice-inmigracion-en-estados-unidos","status":"publish","type":"post","link":"https:\/\/www.europesays.com\/es\/50336\/","title":{"rendered":"Usuarios de Waze usan el c\u00f3digo \u201ccarretera helada\u201d para advertir sobre la existencia de redadas del ICE | Inmigraci\u00f3n en Estados Unidos"},"content":{"rendered":"<p class=\"\">La tecnolog\u00eda est\u00e1 sirviendo de escudo a miles de inmigrantes en Estados Unidos ante la incesante cacer\u00eda de extranjeros indocumentados por parte de la Administraci\u00f3n Trump. <a href=\"https:\/\/elpais.com\/us\/migracion\/2025-07-01\/asi-funciona-iceblock-la-app-que-alerta-sobre-redadas-migratorias.html\" target=\"_self\" rel=\"nofollow noopener\" title=\"https:\/\/elpais.com\/us\/migracion\/2025-07-01\/asi-funciona-iceblock-la-app-que-alerta-sobre-redadas-migratorias.html\">Aplicaciones<\/a> como Waze y redes sociales m\u00e1s tradicionales como Facebook y grupos de WhatsApp est\u00e1n siendo utilizadas en todo el pa\u00eds para avisar sobre <a href=\"https:\/\/elpais.com\/us\/migracion\/2025-08-11\/el-miedo-a-las-redadas-del-ice-augura-un-aumento-del-absentismo-en-el-regreso-a-clases.html\" target=\"_self\" rel=\"nofollow noopener\" title=\"https:\/\/elpais.com\/us\/migracion\/2025-08-11\/el-miedo-a-las-redadas-del-ice-augura-un-aumento-del-absentismo-en-el-regreso-a-clases.html\">las redadas<\/a> de los agentes del Servicio de Inmigraci\u00f3n y Control de Aduanas (ICE, por sus siglas en ingl\u00e9s). <\/p>\n<p class=\"\">En el caso de la aplicaci\u00f3n de navegaci\u00f3n colaborativa, <a href=\"https:\/\/motor.elpais.com\/tecnologia\/waze-se-ha-actualizado-y-cambiara-para-siempre-asi-se-activa-esta-novedad\/\" target=\"_self\" rel=\"nofollow noopener\" title=\"https:\/\/motor.elpais.com\/tecnologia\/waze-se-ha-actualizado-y-cambiara-para-siempre-asi-se-activa-esta-novedad\/\">Waze<\/a> \u2014empleada para encontrar la mejor ruta posible e informarse sobre incidencias en la v\u00eda\u2014 permite que los usuarios levanten reportes de \u201ccarretera helada\u201d (icy road) en lugares tan calientes como Florida este verano. Desde luego, no son reportes reales, sino un mecanismo del cual est\u00e1n echando mano los migrantes para evitar ser <a href=\"https:\/\/elpais.com\/us\/migracion\/2025-08-01\/texas-florida-y-california-concentran-el-mayor-numero-de-los-109000-arrestos-del-ice.html\" target=\"_self\" rel=\"nofollow noopener\" title=\"https:\/\/elpais.com\/us\/migracion\/2025-08-01\/texas-florida-y-california-concentran-el-mayor-numero-de-los-109000-arrestos-del-ice.html\">arrestados<\/a>. \u201cHoy hace bastante fr\u00edo cerca de Mission Donuts (Oceanside, California)\u201d, \u201cse reportan condiciones heladas y la presencia de entre cuatro y siete agentes\u201d, son ejemplos de los creativos mensajes, escritos como si de una clave Morse se tratara. Incluso, los reportes extra\u00f1os de \u201ccalles heladas\u201d en ciudades como Chicago durante los calurosos d\u00edas de julio originaron <a href=\"https:\/\/www.reddit.com\/r\/chicago\/comments\/1ldxqq9\/if_you_see_ice_activity_use_the_waze_app_to_mark\/\" target=\"_blank\" rel=\"nofollow noopener\" title=\"https:\/\/www.reddit.com\/r\/chicago\/comments\/1ldxqq9\/if_you_see_ice_activity_use_the_waze_app_to_mark\/\">un hilo explicativo en Reddit<\/a> para pedir a otros conductores que se sumen a la iniciativa, que no ha estado libre de reportes falsos. Algunos <a href=\"https:\/\/elpais.com\/us\/migracion\/2025-06-18\/menos-del-10-de-los-inmigrantes-detenidos-por-el-ice-desde-octubre-habian-sido-condenados-por-delitos-graves.html\" target=\"_self\" rel=\"nofollow noopener\" title=\"https:\/\/elpais.com\/us\/migracion\/2025-06-18\/menos-del-10-de-los-inmigrantes-detenidos-por-el-ice-desde-octubre-habian-sido-condenados-por-delitos-graves.html\">inmigrantes<\/a> est\u00e1n sirviendo de verificadores de la informaci\u00f3n para luego amplificarla de forma privada en redes sociales y plataformas de mensajer\u00eda. <\/p>\n<p class=\"\">Representantes de Waze declararon a la CNN que el levantamiento de datos err\u00f3neos va en contra de las pol\u00edticas de uso de la aplicaci\u00f3n. \u201cLas personas pueden marcar reportes inexactos votando negativamente o enviando un ticket de soporte; una vez identificados, los eliminaremos del mapa\u201d, se\u00f1alaron, pero la plataforma no puede evitar que los reportes se sigan produciendo.<\/p>\n<p class=\"\">Por su parte, organizaciones defensoras de los derechos de los migrantes, como la Liga de Ciudadanos Latinoamericanos Unidos (LULAC), han amparado la estrategia afirmando que las plataformas digitales pueden servir de salvavidas para miles de personas sin documentos en medio de la peor ola represiva de Washington contra la <a href=\"https:\/\/elpais.com\/us\/migracion\/2025-08-07\/trump-ordena-un-nuevo-censo-que-excluya-a-los-inmigrantes-indocumentados.html\" target=\"_self\" rel=\"nofollow noopener\" title=\"https:\/\/elpais.com\/us\/migracion\/2025-08-07\/trump-ordena-un-nuevo-censo-que-excluya-a-los-inmigrantes-indocumentados.html\">inmigraci\u00f3n irregular<\/a>. <\/p>\n<p class=\"\">\u201cLejos de ser una disrupci\u00f3n para las fuerzas del orden, este tipo de organizaci\u00f3n digital es un acto de supervivencia, una expresi\u00f3n moderna del derecho a la defensa comunitaria. Esto va m\u00e1s all\u00e1 de un problema digital. Se trata de derechos civiles, y no permitiremos que el espacio digital se convierta en otra herramienta de opresi\u00f3n. Nos aseguramos de que siga siendo una herramienta de resistencia\u201d, expres\u00f3 a la CNN, Brenda Bastian, directora de contenido de la organizaci\u00f3n.<\/p>\n<p class=\"\">La reacci\u00f3n de las autoridades migratorias ante el fen\u00f3meno no se ha hecho esperar, y han amenazado con acciones legales en el corto plazo. \u201cEsto, sin duda, parece una obstrucci\u00f3n a la justicia. Nuestras valientes fuerzas del orden, ICE, ya se enfrentan a un aumento de casi el 1.000% en las agresiones en su contra. Si obstruyen o agreden a nuestros agentes, los perseguiremos y ser\u00e1n procesados con todo el rigor de la ley\u201d, declar\u00f3 la secretaria de Seguridad Nacional, Kristi Noem. Sin embargo, cualquier enjuiciamiento por parte del Gobierno se enfrentar\u00eda a una considerable jurisprudencia que afirma que advertir a las personas de un posible arresto constituye una expresi\u00f3n protegida por la Primera Enmienda de la Constituci\u00f3n.<\/p>\n","protected":false},"excerpt":{"rendered":"La tecnolog\u00eda est\u00e1 sirviendo de escudo a miles de inmigrantes en Estados Unidos ante la incesante cacer\u00eda de&hellip;\n","protected":false},"author":2,"featured_media":50337,"comment_status":"","ping_status":"","sticky":false,"template":"","format":"standard","meta":{"footnotes":""},"categories":[42],"tags":[889,7182,17,18,894,893,629,142,13,14,421,11,16531,590,895,891,61,62,63,64,21909,19,20,892,890,9,10,15,16,22423,12,21,22,22424,137,65,66,67],"class_list":{"0":"post-50336","1":"post","2":"type-post","3":"status-publish","4":"format-standard","5":"has-post-thumbnail","7":"category-internacional","8":"tag-america","9":"tag-apps","10":"tag-breaking-news","11":"tag-breakingnews","12":"tag-crisis-migratoria","13":"tag-deportacion","14":"tag-estados-unidos","15":"tag-facebook","16":"tag-featured-news","17":"tag-featurednews","18":"tag-florida","19":"tag-headlines","20":"tag-ice","21":"tag-inmigracion","22":"tag-inmigracion-irregular","23":"tag-inmigrantes","24":"tag-internacional","25":"tag-international","26":"tag-international-news","27":"tag-internationalnews","28":"tag-kristi-noem","29":"tag-latest-news","30":"tag-latestnews","31":"tag-migracion","32":"tag-migrantes","33":"tag-news","34":"tag-noticias","35":"tag-noticias-destacadas","36":"tag-noticiasdestacadas","37":"tag-redadas-policiales","38":"tag-titulares","39":"tag-ultimas-noticias","40":"tag-ultimasnoticias","41":"tag-waze","42":"tag-whatsapp","43":"tag-world","44":"tag-world-news","45":"tag-worldnews"},"share_on_mastodon":{"url":"","error":""},"_links":{"self":[{"href":"https:\/\/www.europesays.com\/es\/wp-json\/wp\/v2\/posts\/50336","targetHints":{"allow":["GET"]}}],"collection":[{"href":"https:\/\/www.europesays.com\/es\/wp-json\/wp\/v2\/posts"}],"about":[{"href":"https:\/\/www.europesays.com\/es\/wp-json\/wp\/v2\/types\/post"}],"author":[{"embeddable":true,"href":"https:\/\/www.europesays.com\/es\/wp-json\/wp\/v2\/users\/2"}],"replies":[{"embeddable":true,"href":"https:\/\/www.europesays.com\/es\/wp-json\/wp\/v2\/comments?post=50336"}],"version-history":[{"count":0,"href":"https:\/\/www.europesays.com\/es\/wp-json\/wp\/v2\/posts\/50336\/revisions"}],"wp:featuredmedia":[{"embeddable":true,"href":"https:\/\/www.europesays.com\/es\/wp-json\/wp\/v2\/media\/50337"}],"wp:attachment":[{"href":"https:\/\/www.europesays.com\/es\/wp-json\/wp\/v2\/media?parent=50336"}],"wp:term":[{"taxonomy":"category","embeddable":true,"href":"https:\/\/www.europesays.com\/es\/wp-json\/wp\/v2\/categories?post=50336"},{"taxonomy":"post_tag","embeddable":true,"href":"https:\/\/www.europesays.com\/es\/wp-json\/wp\/v2\/tags?post=50336"}],"curies":[{"name":"wp","href":"https:\/\/api.w.org\/{rel}","templated":true}]}}