{"id":50338,"date":"2025-08-16T00:51:09","date_gmt":"2025-08-16T00:51:09","guid":{"rendered":"https:\/\/www.europesays.com\/es\/50338\/"},"modified":"2025-08-16T00:51:09","modified_gmt":"2025-08-16T00:51:09","slug":"empeora-la-calidad-del-aire-en-lugo-por-los-incendios-de-ourense-la-voz-de-galicia","status":"publish","type":"post","link":"https:\/\/www.europesays.com\/es\/50338\/","title":{"rendered":"Empeora la calidad del aire en Lugo por los incendios de Ourense &#8211; La Voz de Galicia"},"content":{"rendered":"<ol>\n<li><a href=\"https:\/\/news.google.com\/rss\/articles\/CBMiygFBVV95cUxQYTZYa0k5SHRHektVV0FwOUFZSnNsVWlzTEJXcjV5dWg3YlVBSWZ0UlJwX0N2dVQwR2VRM3NPeXktMUdIdEp3NjlHQUFUU0RKOWJfTFFCWTlTaHFHRi01Vk50TS1fRnl4by1oSmRHc0RXZGpCQm9KQ2d4cUZZa0xOV1M5bzAySEE0S0NkalFLSmhXR181WWVKQjZySXFQT2p4cWU2WGJGNi1YcjIyamppckE3eWxGN1lGdERvdnFIc1Rlc3NWUXpySk5B?oc=5\" target=\"_blank\" rel=\"nofollow noopener\">Empeora la calidad del aire en Lugo por los incendios de Ourense<\/a>&nbsp;&nbsp;La Voz de Galicia<\/li>\n<li><a href=\"https:\/\/news.google.com\/rss\/articles\/CBMixAFBVV95cUxOQmEzeWlSOHMxZkJfSlAwdTNlNTJEZHMwWEFNSU9PVWg2LTdTNko2TFVLOW5zOEJtMHNQRnJRTGh6cjF5NUc1OGxpWlF5dUludFg0X2ZidTdpT1pqc3F3eHVTQmxrc251OHB5NXFlSlVWNzV2amljWUs5dzM4ckl3SFMzLVR4X2dDaUhZSVNfcGxFUDNTeFBaVmdOS19BODd4bFFGUkZFWHY5ODJUQ1hoMlhXeTYxZ0ZSLWlNVkk0b1UwOTl5?oc=5\" target=\"_blank\" rel=\"nofollow noopener\">El humo de los incendios del sur de Galicia ya es visible en A Mari\u00f1a, a m\u00e1s de 200 kil\u00f3metros<\/a>&nbsp;&nbsp;La Voz de Galicia<\/li>\n<li><a href=\"https:\/\/news.google.com\/rss\/articles\/CBMihAFBVV95cUxQem5XNmV5dDVobU5mOUtZbG1DNmNoWHEzclVKekxJRjRGei1TTnZWbkExRVRmQVIwMUlpTUdBVnIybVg3Mnh5NnRHNUhzMkhEV2gxWWJ0YVlpN2dBUHlvZ2dwSXVrLS0tbzNpTGhZckFQN3FtemVrQVBqRzFVbExRY19QZ1jSAYoBQVVfeXFMTVlKVGhXSnlPeGg4QXNTakpuaVotOE9Uc1BEQnhaTEgwTGI5RHZ5aEhYeFRJME5Xd0U5eUtZOHRVQ2V5LURkQnhEVW05S28wMUFLN0FhRWhQNW9hVklxUklsY2lLellTTWxkY040LWdQdXI3UUdLQlhaZzc3Vkp6ZHB5RHhYc0JtRUt3?oc=5\" target=\"_blank\" rel=\"nofollow noopener\">Bajo una c\u00fapula de humo y ceniza<\/a>&nbsp;&nbsp;Faro de Vigo<\/li>\n<li><a href=\"https:\/\/news.google.com\/rss\/articles\/CBMi3wFBVV95cUxOTmU3NFl3ZVF2azdscmZ1UFRYN05tLVQtMk5qUGV0TkxETmdwN0JTeTM1ckF1enRrWVlUX3g4aC0xNEs5ekFVZERhZDV2d3I1NjZfc2M2eTNPWlJvakx4cmpvVk5PNmFGalVHa1ozUnJTV1Jwc3ZzclNNYnJtcXlxcFc4T2hEX0J0VWlTak1jbVRTWm9KSTJEQU5Ic1dmNlktR3RRUVVBNTRuaWZMT0wwLTRPZTBDR3FOSmo4SnJNU3VVcGVKRUVYcHRGczVKSXdpaFgzT2dVWDNyOXVleGdj?oc=5\" target=\"_blank\" rel=\"nofollow noopener\">La calidad de aire se desploma a \u00abp\u00e9sima\u00bb en la comarca de Ver\u00edn, el nivel m\u00e1s bajo en la escala de Meteogalicia<\/a>&nbsp;&nbsp;Europa Press<\/li>\n<li><a href=\"https:\/\/news.google.com\/rss\/articles\/CBMisAFBVV95cUxPQTNYYXJBY2xqQnBsTlhXbmZHb3hmUHl4WkFoWHdtM3drQlMxcWlpMzJCX24tZWt5YzJBRE1MbEx0a2Z4STB2YUxsZU51WWdGOHdCSkN2RlNzRDdxTFVhdkhUbnJNUl9SOHlEb1VDZGUxd180S29SakZGcnl1a3kyMHNuX3VMNGU1bTUzYW0tSzdhMDVPUERsUTU4a1J4U3RNdlRkUTlwWHdBQkZnQTlJMA?oc=5\" target=\"_blank\" rel=\"nofollow noopener\">El humo de los incendios vuelve el aire de Lugo irrespirable<\/a>&nbsp;&nbsp;El Progreso de Lugo<\/li>\n<\/ol>\n","protected":false},"excerpt":{"rendered":"Empeora la calidad del aire en Lugo por los incendios de Ourense&nbsp;&nbsp;La Voz de Galicia El humo de&hellip;\n","protected":false},"author":2,"featured_media":50339,"comment_status":"","ping_status":"","sticky":false,"template":"","format":"standard","meta":{"footnotes":""},"categories":[8],"tags":[17,18,25,24,13,14,11,15082,19,20,22425,15043,9,10,15,16,23,12,21,22],"class_list":{"0":"post-50338","1":"post","2":"type-post","3":"status-publish","4":"format-standard","5":"has-post-thumbnail","7":"category-espana","8":"tag-breaking-news","9":"tag-breakingnews","10":"tag-es","11":"tag-espana","12":"tag-featured-news","13":"tag-featurednews","14":"tag-headlines","15":"tag-incendios-en-galicia","16":"tag-latest-news","17":"tag-latestnews","18":"tag-lugo-ciudad","19":"tag-meteogalicia","20":"tag-news","21":"tag-noticias","22":"tag-noticias-destacadas","23":"tag-noticiasdestacadas","24":"tag-spain","25":"tag-titulares","26":"tag-ultimas-noticias","27":"tag-ultimasnoticias"},"share_on_mastodon":{"url":"","error":""},"_links":{"self":[{"href":"https:\/\/www.europesays.com\/es\/wp-json\/wp\/v2\/posts\/50338","targetHints":{"allow":["GET"]}}],"collection":[{"href":"https:\/\/www.europesays.com\/es\/wp-json\/wp\/v2\/posts"}],"about":[{"href":"https:\/\/www.europesays.com\/es\/wp-json\/wp\/v2\/types\/post"}],"author":[{"embeddable":true,"href":"https:\/\/www.europesays.com\/es\/wp-json\/wp\/v2\/users\/2"}],"replies":[{"embeddable":true,"href":"https:\/\/www.europesays.com\/es\/wp-json\/wp\/v2\/comments?post=50338"}],"version-history":[{"count":0,"href":"https:\/\/www.europesays.com\/es\/wp-json\/wp\/v2\/posts\/50338\/revisions"}],"wp:featuredmedia":[{"embeddable":true,"href":"https:\/\/www.europesays.com\/es\/wp-json\/wp\/v2\/media\/50339"}],"wp:attachment":[{"href":"https:\/\/www.europesays.com\/es\/wp-json\/wp\/v2\/media?parent=50338"}],"wp:term":[{"taxonomy":"category","embeddable":true,"href":"https:\/\/www.europesays.com\/es\/wp-json\/wp\/v2\/categories?post=50338"},{"taxonomy":"post_tag","embeddable":true,"href":"https:\/\/www.europesays.com\/es\/wp-json\/wp\/v2\/tags?post=50338"}],"curies":[{"name":"wp","href":"https:\/\/api.w.org\/{rel}","templated":true}]}}