{"id":50340,"date":"2025-08-16T00:52:08","date_gmt":"2025-08-16T00:52:08","guid":{"rendered":"https:\/\/www.europesays.com\/es\/50340\/"},"modified":"2025-08-16T00:52:08","modified_gmt":"2025-08-16T00:52:08","slug":"sanchez-traslada-a-rueda-que-galicia-tendra-mas-medios-para-la-lucha-contra-el-fuego-la-voz-de-galicia","status":"publish","type":"post","link":"https:\/\/www.europesays.com\/es\/50340\/","title":{"rendered":"S\u00e1nchez traslada a Rueda que Galicia tendr\u00e1 m\u00e1s medios para la lucha contra el fuego &#8211; La Voz de Galicia"},"content":{"rendered":"<ol>\n<li><a href=\"https:\/\/news.google.com\/rss\/articles\/CBMikAJBVV95cUxQVm8yTjJ5bnJWSzdsaXVXOG42TXZONURrZS15bS10NE82QVRlTjc5bXR2ejdMUlF6QVBURFlfc2V4LUhPYlV4N2FfUDdTdnM4MnBDZGU4Z21HeW03NEtEVXB0MnZ1X2I5dlRFUnZiVmt0dnpGQVoxT3I1WTdEdlY1ZkF6RXdQSzZOeE1wbXQyTDNZeUNoYTBBOThTSk95WFdzRGdIZmlnLXpKV3dJOVFlajJDU2Jkem5Oa091QWk4OWMwMElSbFQ5U1Z2Ml9hVTRVSm91dDd2NHF0WVZDRTM3QjlKQ2NFN05rYjgyN2hlZVJpSWJiblVBaHVXU1o5LUtqTC1aYjRQSWlrWmJpNjMzdw?oc=5\" target=\"_blank\" rel=\"nofollow noopener\">S\u00e1nchez traslada a Rueda que Galicia tendr\u00e1 m\u00e1s medios para la lucha contra el fuego<\/a>&nbsp;&nbsp;La Voz de Galicia<\/li>\n<li><a href=\"https:\/\/news.google.com\/rss\/articles\/CBMihAFBVV95cUxQeDlnVnlXcm9fVmJtV0ZFZFhyOGkzQ2NWTXBjMy03cHZXNG1QTjZ1TGpiWWhYRUJscW1Hd21HNmE5dWJEc3l2a0xubG9OZ3h5cE42YUpGN3o2cEFsZ2I2MDJuWk5lQmpjNHVjR1VCVEJRcTNSa1JLQm9CdkplaTd4Vjc1bUc?oc=5\" target=\"_blank\" rel=\"nofollow noopener\">Incendios en Espa\u00f1a hoy, \u00faltima hora en directo | S\u00e1nchez llama a Rueda, Ma\u00f1ueco y Guardiola, que le piden m\u00e1s medios; Galicia registra el incendio m\u00e1s grande de su historia con 16.000 hect\u00e1reas quemadas<\/a>&nbsp;&nbsp;El Mundo<\/li>\n<li><a href=\"https:\/\/news.google.com\/rss\/articles\/CBMivgFBVV95cUxQMXlnQzFZekZ0SFVoNmtiaHZuZzl4cHlDOFFDZUIxNk1KMVp4UXk3dExWVHhPN3VIRTg1cnhzMGxIS3REd2J5ckJwV3FsLWlWMDFYMVFBZlUwM280WG4yOGNCMkx3R3VkY3ctV2EwX0t4NXN3ZkM5cGRqdkx0Vjd2R2NZTkNRUE1CMXVFV0JleEdISTNvdzhiT0g0VGdoNnpoeXU5US1tQTRJUVd0UFFVSnM5M0JQY1FUTlZjVTlR?oc=5\" target=\"_blank\" rel=\"nofollow noopener\">Desalojan dos urbanizaciones en Casar de C\u00e1ceres y Aliseda por sendos incendios<\/a>&nbsp;&nbsp;Canal Extremadura<\/li>\n<li><a href=\"https:\/\/news.google.com\/rss\/articles\/CBMiwwFBVV95cUxQVTlkeEw1NXRzVG9UODhONWEwMjFINHFpU0tqeFZjdUI1VEU1a0ZkZ3RCcnQwLXBGeUZtRFBxc2Y1WEstM3htUUhKd1VwNnhOaDVnU2pyUHNIYWZhY3hfS1ozOHF4ZnlMNHRQSUlyc0JPaFdmZkNMOFliSks4dHhnRUJqUDg3TzJuYm5MRUlrdUVXR3lVWHBIWmJjWDc1UnhzVHdLMTE3blpyb0hHaHRFMkx4d0c1eW0xQktZME1VMFhCem_SAcgBQVVfeXFMTmlXYTRRZFE3U0poMWdyOERIc1ZxQVcyel9tUk55bHk3V3J4cGh5T1JwdU9DaG5PcU01eV9TM1hySF9JbkJ6RDVYRjNXYkNtUVJiTDNNSkVibXpJUWE5bE9PNHg5b0pkaHRsT3F0Zk9QazZ3dUpTQm1zdGhkY0owVEZrQXR4SVQtOHZZZlByX2tRdDR0MnJjSnV6a1V1UVJmUlJKNUdYWHpTS2VNZWNrNHluZ0t2NDFydjBsMUFMOUFfY21PeVFwWFA?oc=5\" target=\"_blank\" rel=\"nofollow noopener\">Situaci\u00f3n cr\u00edtica con ocho incendios activos en Extremadura: \u00abLa mano del hombre est\u00e1 detr\u00e1s\u00bb<\/a>&nbsp;&nbsp;El Peri\u00f3dico Extremadura<\/li>\n<li><a href=\"https:\/\/news.google.com\/rss\/articles\/CBMiyAFBVV95cUxOb1g4ZVJWRE1McUVvUGMtVklhTU1YcUZzSUMwMGZ2S2QxR0htNXJFX2I1cEVoRHJIUFQ5OFMyUU1DTnRzaURsMlMxXy1palppU183a1BKbjlIRno3b1Z6STRsY3F5Yy1xOHQzTG9nQmVHNVdtbmxUN2czbXg4RU1JanBvdUV5N0V6dFZpU00ySUxnQVotSmxLaVllQjJfVVhzYy1JdGp4YzExdVhyaFZyMzJrZGNnWV8wckxicjBWbmZCZ0J1a2JZag?oc=5\" target=\"_blank\" rel=\"nofollow noopener\">Dos nuevos incendios en C\u00e1ceres: se desalojan dos urbanizaciones en Arroyo de la Luz y Aliseda<\/a>&nbsp;&nbsp;elDiario.es<\/li>\n<\/ol>\n","protected":false},"excerpt":{"rendered":"S\u00e1nchez traslada a Rueda que Galicia tendr\u00e1 m\u00e1s medios para la lucha contra el fuego&nbsp;&nbsp;La Voz de Galicia&hellip;\n","protected":false},"author":2,"featured_media":50341,"comment_status":"","ping_status":"","sticky":false,"template":"","format":"standard","meta":{"footnotes":""},"categories":[5],"tags":[1484,17,18,22426,25,24,13,14,11,4342,15082,19,20,2585,9,10,15,16,23,12,21,22,8510],"class_list":{"0":"post-50340","1":"post","2":"type-post","3":"status-publish","4":"format-standard","5":"has-post-thumbnail","7":"category-titulares","8":"tag-alfonso-rueda","9":"tag-breaking-news","10":"tag-breakingnews","11":"tag-brilat","12":"tag-es","13":"tag-espana","14":"tag-featured-news","15":"tag-featurednews","16":"tag-headlines","17":"tag-incendios","18":"tag-incendios-en-galicia","19":"tag-latest-news","20":"tag-latestnews","21":"tag-ministerio-de-defensa","22":"tag-news","23":"tag-noticias","24":"tag-noticias-destacadas","25":"tag-noticiasdestacadas","26":"tag-spain","27":"tag-titulares","28":"tag-ultimas-noticias","29":"tag-ultimasnoticias","30":"tag-xunta-de-galicia"},"share_on_mastodon":{"url":"","error":""},"_links":{"self":[{"href":"https:\/\/www.europesays.com\/es\/wp-json\/wp\/v2\/posts\/50340","targetHints":{"allow":["GET"]}}],"collection":[{"href":"https:\/\/www.europesays.com\/es\/wp-json\/wp\/v2\/posts"}],"about":[{"href":"https:\/\/www.europesays.com\/es\/wp-json\/wp\/v2\/types\/post"}],"author":[{"embeddable":true,"href":"https:\/\/www.europesays.com\/es\/wp-json\/wp\/v2\/users\/2"}],"replies":[{"embeddable":true,"href":"https:\/\/www.europesays.com\/es\/wp-json\/wp\/v2\/comments?post=50340"}],"version-history":[{"count":0,"href":"https:\/\/www.europesays.com\/es\/wp-json\/wp\/v2\/posts\/50340\/revisions"}],"wp:featuredmedia":[{"embeddable":true,"href":"https:\/\/www.europesays.com\/es\/wp-json\/wp\/v2\/media\/50341"}],"wp:attachment":[{"href":"https:\/\/www.europesays.com\/es\/wp-json\/wp\/v2\/media?parent=50340"}],"wp:term":[{"taxonomy":"category","embeddable":true,"href":"https:\/\/www.europesays.com\/es\/wp-json\/wp\/v2\/categories?post=50340"},{"taxonomy":"post_tag","embeddable":true,"href":"https:\/\/www.europesays.com\/es\/wp-json\/wp\/v2\/tags?post=50340"}],"curies":[{"name":"wp","href":"https:\/\/api.w.org\/{rel}","templated":true}]}}