{"id":50342,"date":"2025-08-16T00:53:15","date_gmt":"2025-08-16T00:53:15","guid":{"rendered":"https:\/\/www.europesays.com\/es\/50342\/"},"modified":"2025-08-16T00:53:15","modified_gmt":"2025-08-16T00:53:15","slug":"el-fichaje-del-barca-de-balonmano-para-sustituir-al-mejor-portero-del-mundo","status":"publish","type":"post","link":"https:\/\/www.europesays.com\/es\/50342\/","title":{"rendered":"El fichaje del Bar\u00e7a de balonmano para sustituir al mejor portero del mundo"},"content":{"rendered":"<p>                <a href=\"https:\/\/cronicaglobal.elespanol.com\/culemania\/secciones\/\" class=\"kicker--section\" rel=\"nofollow noopener\" target=\"_blank\">Secciones<\/a><\/p>\n<p>\n    El guardameta dan\u00e9s pondr\u00e1 rumbo al Veszprem al final de la campa\u00f1a 2025\/2026, pero la entidad cul\u00e9 ya tiene atado a su sustituto\n<\/p>\n<p>    Noticias relacionadas<\/p>\n<p class=\"paragraph\" id=\"paragraph_1\"><strong>El Bar\u00e7a de balonmano ya tiene m\u00e1s que asumida la marcha de Emil Nielsen<\/strong>. El guardameta dan\u00e9s, uno de los mejores, sino el mejor, en su puesto, pondr\u00e1 rumbo a Hungr\u00eda. Fichar\u00e1, despu\u00e9s de la presente temporada, por el <strong>Veszprem<\/strong>, dirigido por Xavi Pascual. Pese a que el cuadro catal\u00e1n trabaj\u00f3 en extender su v\u00ednculo contractual m\u00e1s all\u00e1 del 2026, no se lleg\u00f3 a un acuerdo y <strong>el elenco magiar anunci\u00f3 el flamante fichaje.<\/strong><\/p>\n<p class=\"paragraph\" id=\"paragraph_2\">Por otra parte, la porter\u00eda del equipo entrenado por <strong>Carlos Ortega<\/strong> tambi\u00e9n ha vivido m\u00e1s cambios. <strong>Gonzalo P\u00e9rez de Vargas<\/strong> anunci\u00f3 su marcha, tras declinar la propuesta de renovaci\u00f3n del <a href=\"https:\/\/cronicaglobal.elespanol.com\/culemania\/secciones\/20250812\/barca-balonmano-acelera-fichaje-comparan-lamine-yamal\/1003742681096_0.html?utm_cmp_rs=linksinline\" target=\"_blank\" rel=\"nofollow noopener\">Bar\u00e7a<\/a>, y cambi\u00f3 de aires al firmar con el <strong>THW Kiel alem\u00e1n<\/strong>. Es decir, la secci\u00f3n azulgrana dej\u00f3 escapar a sus dos guardarredes. Por otra parte, recientemente ha sido presentado el prometedor <strong>Viktor Hallgr\u00edmsson<\/strong>, que firma un contrato hasta 2027.<\/p>\n<p>Sustituto de Nielsen<\/p>\n<p class=\"paragraph\" id=\"paragraph_3\">Durante la campa\u00f1a 2025\/2026, <strong>Emil Nielsen, Viktor Hallgr\u00edmssom y el joven Filip Saric ser\u00e1n los defensores de la meta barcelonista<\/strong>. Sin embargo, al rematar esta, el primero abandonar\u00e1 la entidad. No obstante, el <a href=\"https:\/\/cronicaglobal.elespanol.com\/culemania\/palco\/20250814\/barca-solamente-ter-stegen-joan-garcia-inscripcion\/1003742681560_0.html?utm_cmp_rs=linksinline\" target=\"_blank\" rel=\"nofollow noopener\">Bar\u00e7a<\/a> ya se ha cubierto las espaldas. Seg\u00fan adelant\u00f3 Mundo Deportivo, el conjunto azulgrana tiene atada la incorporaci\u00f3n del portero espa\u00f1ol <strong>Sergey Hern\u00e1ndez<\/strong>, de 30 a\u00f1os, que esta campa\u00f1a militar\u00e1 por \u00faltimo a\u00f1o en el SC Magdeburgo.<\/p>\n<p><img decoding=\"async\" alt=\"Sergey Hern\u00e1ndez levanta el trofeo de la Champions 2024-25\" data-imgm=\"true\" height=\"180\" loading=\"lazy\"  src=\"https:\/\/www.europesays.com\/es\/wp-content\/uploads\/2025\/08\/1003742667363_14757688_1024x576.jpg\"  width=\"320\"\/><\/p>\n<p>                                                            Sergey Hern\u00e1ndez levanta el trofeo de la Champions 2024-25<\/p>\n<p>                    EFE<\/p>\n<p class=\"paragraph\" id=\"paragraph_4\">El jugador ha emitido una nota en su cuenta de Instagram en la que <strong>explica su marcha<\/strong>. No obstante, se sabe que su pr\u00f3ximo destino es el <a href=\"https:\/\/cronicaglobal.elespanol.com\/culemania\/secciones\/20250804\/laporta-freno-palau-opciones-reubicar-barca-basket\/1003742679457_0.html?utm_cmp_rs=linksinline\" target=\"_blank\" rel=\"nofollow noopener\">Palau Blaugrana<\/a>. Volver\u00e1 a la Liga ASOBAL tras 6 a\u00f1os fuera de territorio hispano. Debut\u00f3 en el <strong>Helvetia Anaitasuna<\/strong> (2015-18) y despu\u00e9s pas\u00f3 por el <strong>BM Logro\u00f1o<\/strong> (2018-20). Posteriormente, parti\u00f3 rumbo al <strong>Benfica<\/strong> (2020-23), desde donde dio el salto al SC Magdeburgo. Tres a\u00f1os despu\u00e9s, abandonar\u00e1 Alemania para llegar a Barcelona.<\/p>\n<p><img loading=\"lazy\" decoding=\"async\" alt=\"El texto de despedida de Sergey Hern\u00e1ndez a la afici\u00f3n del SC Magdeburgo\" height=\"2445\" src=\"https:\/\/www.europesays.com\/es\/wp-content\/uploads\/2025\/08\/1003742681689_15016348_1706x2445.jpg\" width=\"1706\" data-lazy-status=\"processed\" data-lazy-info=\"remove loading item 1\"\/><\/p>\n<p>                                                            El texto de despedida de Sergey Hern\u00e1ndez a la afici\u00f3n del SC Magdeburgo<\/p>\n<p>                    Captura de pantalla<\/p>\n","protected":false},"excerpt":{"rendered":"Secciones El guardameta dan\u00e9s pondr\u00e1 rumbo al Veszprem al final de la campa\u00f1a 2025\/2026, pero la entidad cul\u00e9&hellip;\n","protected":false},"author":2,"featured_media":50343,"comment_status":"","ping_status":"","sticky":false,"template":"","format":"standard","meta":{"footnotes":""},"categories":[278],"tags":[376,10814,168,25,24,881,375,4470,23,167],"class_list":{"0":"post-50342","1":"post","2":"type-post","3":"status-publish","4":"format-standard","5":"has-post-thumbnail","7":"category-balonmano","8":"tag-balonmano","9":"tag-barca-de-balonmano","10":"tag-deportes","11":"tag-es","12":"tag-espana","13":"tag-fc-barcelona","14":"tag-handball","15":"tag-secciones","16":"tag-spain","17":"tag-sports"},"share_on_mastodon":{"url":"","error":""},"_links":{"self":[{"href":"https:\/\/www.europesays.com\/es\/wp-json\/wp\/v2\/posts\/50342","targetHints":{"allow":["GET"]}}],"collection":[{"href":"https:\/\/www.europesays.com\/es\/wp-json\/wp\/v2\/posts"}],"about":[{"href":"https:\/\/www.europesays.com\/es\/wp-json\/wp\/v2\/types\/post"}],"author":[{"embeddable":true,"href":"https:\/\/www.europesays.com\/es\/wp-json\/wp\/v2\/users\/2"}],"replies":[{"embeddable":true,"href":"https:\/\/www.europesays.com\/es\/wp-json\/wp\/v2\/comments?post=50342"}],"version-history":[{"count":0,"href":"https:\/\/www.europesays.com\/es\/wp-json\/wp\/v2\/posts\/50342\/revisions"}],"wp:featuredmedia":[{"embeddable":true,"href":"https:\/\/www.europesays.com\/es\/wp-json\/wp\/v2\/media\/50343"}],"wp:attachment":[{"href":"https:\/\/www.europesays.com\/es\/wp-json\/wp\/v2\/media?parent=50342"}],"wp:term":[{"taxonomy":"category","embeddable":true,"href":"https:\/\/www.europesays.com\/es\/wp-json\/wp\/v2\/categories?post=50342"},{"taxonomy":"post_tag","embeddable":true,"href":"https:\/\/www.europesays.com\/es\/wp-json\/wp\/v2\/tags?post=50342"}],"curies":[{"name":"wp","href":"https:\/\/api.w.org\/{rel}","templated":true}]}}