{"id":50350,"date":"2025-08-16T01:00:07","date_gmt":"2025-08-16T01:00:07","guid":{"rendered":"https:\/\/www.europesays.com\/es\/50350\/"},"modified":"2025-08-16T01:00:07","modified_gmt":"2025-08-16T01:00:07","slug":"luis-guil-ya-aparece-en-la-web-del-real-madrid-como-asistente-de-scariolo","status":"publish","type":"post","link":"https:\/\/www.europesays.com\/es\/50350\/","title":{"rendered":"Luis Guil ya aparece en la web del Real Madrid como asistente de Scariolo"},"content":{"rendered":"<p>Luis Guil ya es oficialmente miembro del cuerpo t\u00e9cnico del Real Madrid. El club blanco lo ha incluido en su web como asistente de Sergio  &#8230; Scariolo, confirmando as\u00ed las informaciones filtradas durante todo el verano y tras su salida del S\u00faper Agropal Palencia. El t\u00e9cnico andaluz se incorpora a uno de los banquillos m\u00e1s prestigiosos de Europa tras una temporada destacada al frente del conjunto palentino, pese a caer en las semifinales de la Final Four de ascenso a la ACB.<\/p>\n<p class=\"v-p\">La salida del t\u00e9cnico sevillano fue un secreto a voces durante varias semanas. Luis Guil renov\u00f3 con el S\u00faper Agropal <a href=\"https:\/\/www.elnortedecastilla.es\/palencia\/\" data-voc-vtm-id=\"in-text-traffic\" title=\"Palencia\" data-mrf-link=\"www.elnortedecastilla.es\" rel=\"nofollow noopener\" target=\"_blank\">Palencia<\/a> al inicio del verano, pero el fichaje de Sergio Scariolo al banquillo del Real Madrid lo cambi\u00f3 todo. El t\u00e9cnico italiano quer\u00eda contar con Guil en Madrid como asistente, como ha hecho durante todos sus a\u00f1os al frente de la selecci\u00f3n espa\u00f1ola. La afici\u00f3n palentina estuvo en vilo durante varios d\u00edas y bombardeada por diferentes rumores llegados desde la capital, hasta que finalmente Guil abon\u00f3 su cl\u00e1usula para ponerle fin a su etapa como t\u00e9cnico del S\u00faper Agropal Palencia. Un cambio de opini\u00f3n que trastoc\u00f3 los planes del conjunto morado, despu\u00e9s de que el sevillano confeccionase parte de la plantilla junto a Urko Otegui, y obligando al club a buscar otro t\u00e9cnico, confirm\u00e1ndose posteriormente el regreso de Natxo Lezkano.<\/p>\n<p class=\"v-p\">Su nuevo rol conllevar\u00e1 tambi\u00e9n un cambio en el calendario internacional. Luis Guil no formar\u00e1 parte del staff de la selecci\u00f3n espa\u00f1ola en el Eurobasket, la \u00faltima gran cita de Scariolo como seleccionador nacional. En su lugar, asumir\u00e1 la direcci\u00f3n de la pretemporada del Real Madrid, un reto que le permitir\u00e1 trabajar al frente de la plantilla hasta que finalice la participaci\u00f3n del combinado nacional en el campeonato europeo.<\/p>\n","protected":false},"excerpt":{"rendered":"Luis Guil ya es oficialmente miembro del cuerpo t\u00e9cnico del Real Madrid. El club blanco lo ha incluido&hellip;\n","protected":false},"author":2,"featured_media":50351,"comment_status":"","ping_status":"","sticky":false,"template":"","format":"standard","meta":{"footnotes":""},"categories":[269],"tags":[12335,9528,299,298,168,25,24,22430,7820,205,798,2873,23,167,8374],"class_list":{"0":"post-50350","1":"post","2":"type-post","3":"status-publish","4":"format-standard","5":"has-post-thumbnail","7":"category-baloncesto","8":"tag-aparece","9":"tag-asistente","10":"tag-baloncesto","11":"tag-basketball","12":"tag-deportes","13":"tag-es","14":"tag-espana","15":"tag-guil","16":"tag-luis","17":"tag-madrid","18":"tag-real","19":"tag-scariolo","20":"tag-spain","21":"tag-sports","22":"tag-web"},"share_on_mastodon":{"url":"","error":""},"_links":{"self":[{"href":"https:\/\/www.europesays.com\/es\/wp-json\/wp\/v2\/posts\/50350","targetHints":{"allow":["GET"]}}],"collection":[{"href":"https:\/\/www.europesays.com\/es\/wp-json\/wp\/v2\/posts"}],"about":[{"href":"https:\/\/www.europesays.com\/es\/wp-json\/wp\/v2\/types\/post"}],"author":[{"embeddable":true,"href":"https:\/\/www.europesays.com\/es\/wp-json\/wp\/v2\/users\/2"}],"replies":[{"embeddable":true,"href":"https:\/\/www.europesays.com\/es\/wp-json\/wp\/v2\/comments?post=50350"}],"version-history":[{"count":0,"href":"https:\/\/www.europesays.com\/es\/wp-json\/wp\/v2\/posts\/50350\/revisions"}],"wp:featuredmedia":[{"embeddable":true,"href":"https:\/\/www.europesays.com\/es\/wp-json\/wp\/v2\/media\/50351"}],"wp:attachment":[{"href":"https:\/\/www.europesays.com\/es\/wp-json\/wp\/v2\/media?parent=50350"}],"wp:term":[{"taxonomy":"category","embeddable":true,"href":"https:\/\/www.europesays.com\/es\/wp-json\/wp\/v2\/categories?post=50350"},{"taxonomy":"post_tag","embeddable":true,"href":"https:\/\/www.europesays.com\/es\/wp-json\/wp\/v2\/tags?post=50350"}],"curies":[{"name":"wp","href":"https:\/\/api.w.org\/{rel}","templated":true}]}}