{"id":50354,"date":"2025-08-16T01:02:07","date_gmt":"2025-08-16T01:02:07","guid":{"rendered":"https:\/\/www.europesays.com\/es\/50354\/"},"modified":"2025-08-16T01:02:07","modified_gmt":"2025-08-16T01:02:07","slug":"la-fascinacion-la-intensidad-la-revolucion","status":"publish","type":"post","link":"https:\/\/www.europesays.com\/es\/50354\/","title":{"rendered":"la fascinaci\u00f3n, la intensidad, la revoluci\u00f3n"},"content":{"rendered":"<p class=\"article-text\">\n        Escribir un art\u00edculo as\u00e9ptico sobre ella ser\u00eda lo m\u00e1s pr\u00f3ximo a traicionarla. Y, aunque si algo nos ense\u00f1\u00f3 es que toda escritura conlleva una transgresi\u00f3n (al sistema, a la raz\u00f3n, a lo que se espera de uno, en \u00faltima instancia a los maestros de quienes se ha aprendido), esta deber\u00eda llevarse a cabo, al menos, de forma distinta, personal, \u00fanica. Como era ella: distinta, personal, \u00fanica. Como era la experiencia de leerla, de entrar en su universo por primera vez o de releerla abriendo cualquiera de sus libros, en prosa o en verso, al azar: distinta, personal, \u00fanica. Una revoluci\u00f3n. En s\u00ed misma y, por contagio, en quien la lee.\n    <\/p>\n<p class=\"article-text\">\n        Quien tuvo la suerte de descubrirla en su adolescencia experiment\u00f3 una revoluci\u00f3n con esa intensidad que teje un v\u00ednculo inquebrantable, el del lector deslumbrado, alucinado, que sin darse cuenta interioriza esa respiraci\u00f3n, esa pulsi\u00f3n cargada de deseo, angustia, p\u00e9rdida, sue\u00f1os, autoexploraci\u00f3n, lenguaje. La b\u00fasqueda incansable del planeta llamado Alejandra Pizarnik, al que, en cualquier caso, nunca es tarde para llamar. Con la mente libre y desprejuiciada, y la curiosidad de las primeras veces, esa fascinaci\u00f3n permanece, como ocurre al leer a Clarice Lispector o a Djuna Barnes.\n    <\/p>\n","protected":false},"excerpt":{"rendered":"Escribir un art\u00edculo as\u00e9ptico sobre ella ser\u00eda lo m\u00e1s pr\u00f3ximo a traicionarla. Y, aunque si algo nos ense\u00f1\u00f3&hellip;\n","protected":false},"author":2,"featured_media":50355,"comment_status":"","ping_status":"","sticky":false,"template":"","format":"standard","meta":{"footnotes":""},"categories":[174],"tags":[7934,22431,255,146,147,25,24,256,22433,22434,9160,22432,922,23],"class_list":{"0":"post-50354","1":"post","2":"type-post","3":"status-publish","4":"format-standard","5":"has-post-thumbnail","7":"category-famosos","8":"tag-alejandra","9":"tag-caminos","10":"tag-celebrities","11":"tag-entertainment","12":"tag-entretenimiento","13":"tag-es","14":"tag-espana","15":"tag-famosos","16":"tag-fascinacion","17":"tag-intensidad","18":"tag-llevan","19":"tag-pizarnik","20":"tag-revolucion","21":"tag-spain"},"share_on_mastodon":{"url":"","error":""},"_links":{"self":[{"href":"https:\/\/www.europesays.com\/es\/wp-json\/wp\/v2\/posts\/50354","targetHints":{"allow":["GET"]}}],"collection":[{"href":"https:\/\/www.europesays.com\/es\/wp-json\/wp\/v2\/posts"}],"about":[{"href":"https:\/\/www.europesays.com\/es\/wp-json\/wp\/v2\/types\/post"}],"author":[{"embeddable":true,"href":"https:\/\/www.europesays.com\/es\/wp-json\/wp\/v2\/users\/2"}],"replies":[{"embeddable":true,"href":"https:\/\/www.europesays.com\/es\/wp-json\/wp\/v2\/comments?post=50354"}],"version-history":[{"count":0,"href":"https:\/\/www.europesays.com\/es\/wp-json\/wp\/v2\/posts\/50354\/revisions"}],"wp:featuredmedia":[{"embeddable":true,"href":"https:\/\/www.europesays.com\/es\/wp-json\/wp\/v2\/media\/50355"}],"wp:attachment":[{"href":"https:\/\/www.europesays.com\/es\/wp-json\/wp\/v2\/media?parent=50354"}],"wp:term":[{"taxonomy":"category","embeddable":true,"href":"https:\/\/www.europesays.com\/es\/wp-json\/wp\/v2\/categories?post=50354"},{"taxonomy":"post_tag","embeddable":true,"href":"https:\/\/www.europesays.com\/es\/wp-json\/wp\/v2\/tags?post=50354"}],"curies":[{"name":"wp","href":"https:\/\/api.w.org\/{rel}","templated":true}]}}