{"id":503589,"date":"2026-04-17T23:05:10","date_gmt":"2026-04-17T23:05:10","guid":{"rendered":"https:\/\/www.europesays.com\/es\/503589\/"},"modified":"2026-04-17T23:05:10","modified_gmt":"2026-04-17T23:05:10","slug":"el-sarampion-vuelve-a-madrid","status":"publish","type":"post","link":"https:\/\/www.europesays.com\/es\/503589\/","title":{"rendered":"El sarampi\u00f3n vuelve a Madrid"},"content":{"rendered":"<p class=\"estilo_texto\" style=\"text-align: justify;\">El sarampi\u00f3n es una de las principales causas de enfermedad y muerte en el mundo, y una de las enfermedades m\u00e1s contagiosas, por lo que para prevenir los brotes se requiere mantener una elevada inmunidad a nivel poblacional. La estrategia propuesta por la Organizaci\u00f3n Mundial de la Salud para la eliminaci\u00f3n a nivel mundial del sarampi\u00f3n se centra en el mantenimiento de una cobertura vacunal elevada, de al menos 95%, con dos dosis de vacuna frente a sarampi\u00f3n, rubeola y parotiditis.<\/p>\n<p class=\"estilo_texto\" style=\"text-align: justify;\">Desde el pasado 1 de enero, Espa\u00f1a ha perdido el estatus de pa\u00eds libre de sarampi\u00f3n. Lo que durante a\u00f1os parec\u00eda una enfermedad erradicada ha vuelto a provocar brotes en varias comunidades aut\u00f3nomas, incluida Madrid. Los expertos lo atribuyen, principalmente, al descenso de la vacunaci\u00f3n infantil y al auge de la desconfianza hacia las vacunas.<\/p>\n<p class=\"estilo_texto\" style=\"text-align: justify;\">Seg\u00fan datos de la Consejer\u00eda de Sanidad, en lo que va de a\u00f1o se han confirmado 33 casos, 20 de los cuales no estaban vacunados o con pauta vacunal completa. El virus del sarampi\u00f3n, altamente contagioso, puede transmitirse por el aire y causar complicaciones graves, especialmente en ni\u00f1os peque\u00f1os y adultos vulnerables.<\/p>\n<p class=\"estilo_texto\" style=\"text-align: justify;\">El descenso de las coberturas vacunales es la principal causa de este retroceso. La vacuna triple v\u00edrica, que protege contra el sarampi\u00f3n, la rub\u00e9ola y las paperas, es gratuita y segura, y se administra en dos dosis: la primera a los 12 meses y la segunda a los 3-4 a\u00f1os. Sin embargo, en los \u00faltimos a\u00f1os, el miedo a los posibles efectos secundarios y la desinformaci\u00f3n difundida en redes sociales han reducido la confianza de algunas familias.<\/p>\n<p class=\"estilo_texto\" style=\"text-align: justify;\">Los profesionales sanitarios de los centros de salud de Carabanchel insistimos en que la vacuna es la mejor herramienta para proteger tanto a los ni\u00f1os como a la comunidad. \u201cVacunarse no es solo un acto individual, sino de responsabilidad colectiva\u201d, explica la doctora Ana Morales, pediatra del Centro de Salud Abrantes. \u201cCuando bajan las coberturas vacunales, el virus encuentra la oportunidad de volver\u201d.<\/p>\n<p class=\"estilo_texto\" style=\"text-align: justify;\">Ante esta situaci\u00f3n, se recuerda la importancia de seguir las recomendaciones de vacunaci\u00f3n frente al sarampi\u00f3n recogidas en el calendario de vacunaci\u00f3n e inmunizaci\u00f3n para toda la vida:<\/p>\n<ul>&#13;<\/p>\n<li class=\"estilo_texto\" style=\"text-align: justify;\">Se deben mantener los esfuerzos para alcanzar las coberturas de vacunaci\u00f3n entre los ni\u00f1os y ni\u00f1as, con las dosis a los 12 meses y a los 3 a\u00f1os de edad. <\/li>\n<p>&#13;<\/p>\n<li class=\"estilo_texto\" style=\"text-align: justify;\">Las personas adultas nacidas en Espa\u00f1a a partir de 1978 sin historia de vacunaci\u00f3n deben recibir dos dosis de vacuna triple v\u00edrica separadas al menos 4 semanas. Si ya hubieran recibido antes una dosis, se les administrar\u00e1 una segunda respetando el intervalo de 4 semanas.<\/li>\n<p>&#13;<\/p>\n<li class=\"estilo_texto\" style=\"text-align: justify;\">Para las personas nacidas fuera de Espa\u00f1a, se recomienda administrar dos dosis de vacuna si no hay constancia documental (cartilla de vacunas) de haberlas recibido previamente.<\/li>\n<p>&#13;<\/p>\n<li class=\"estilo_texto\" style=\"text-align: justify;\">Cuando se vaya a realizar un viaje internacional, nos debemos informar de la situaci\u00f3n del sarampi\u00f3n en lugar de destino, y actualizar el estado de vacunaci\u00f3n particularmente en el caso de destinos en los que se tenga constancia de un n\u00famero elevado de casos.<\/li>\n<p>&#13;\n<\/ul>\n<p class=\"estilo_texto\" style=\"text-align: justify;\">El sarampi\u00f3n no solo es una enfermedad del pasado. Sus s\u00edntomas \u2014fiebre alta, tos, conjuntivitis y erupci\u00f3n cut\u00e1nea caracter\u00edstica\u2014 pueden derivar en neumon\u00edas, encefalitis y otras complicaciones graves. Es fundamental y nuestra mejor arma la vacunaci\u00f3n y, por ende, revisar las cartillas de vacunaci\u00f3n y completar las dosis pendientes. En todos los centros de salud del Distrito se ofrecen citas para la vacunaci\u00f3n infantil y para adultos que no tengan el calendario actualizado.<\/p>\n<p class=\"estilo_texto\" style=\"text-align: justify;\">En un contexto en el que Espa\u00f1a ya no es considerada un pa\u00eds protegido frente al sarampi\u00f3n, la prevenci\u00f3n vuelve a ser clave. Informarse adecuadamente, confiar en los profesionales sanitarios y mantener al d\u00eda las vacunas puede marcar la diferencia entre un brote controlado y una crisis de salud p\u00fablica. <\/p>\n<p class=\"estilo_texto\" style=\"text-align: justify;\"><strong><a href=\"https:\/\/www.comunidad.madrid\/hospital\/atencionprimaria\/home\" target=\"_blank\" rel=\"nofollow noopener\">WEB Atenci\u00f3n Primaria<\/a><\/strong><\/p>\n","protected":false},"excerpt":{"rendered":"El sarampi\u00f3n es una de las principales causas de enfermedad y muerte en el mundo, y una de&hellip;\n","protected":false},"author":2,"featured_media":503590,"comment_status":"","ping_status":"","sticky":false,"template":"","format":"standard","meta":{"footnotes":""},"categories":[92],"tags":[25,24,165,166,3829,23,7589],"class_list":["post-503589","post","type-post","status-publish","format-standard","has-post-thumbnail","category-salud","tag-es","tag-espana","tag-health","tag-salud","tag-sarampion","tag-spain","tag-vacunacion"],"share_on_mastodon":{"url":"https:\/\/pubeurope.com\/@es\/116422556305808179","error":""},"_links":{"self":[{"href":"https:\/\/www.europesays.com\/es\/wp-json\/wp\/v2\/posts\/503589","targetHints":{"allow":["GET"]}}],"collection":[{"href":"https:\/\/www.europesays.com\/es\/wp-json\/wp\/v2\/posts"}],"about":[{"href":"https:\/\/www.europesays.com\/es\/wp-json\/wp\/v2\/types\/post"}],"author":[{"embeddable":true,"href":"https:\/\/www.europesays.com\/es\/wp-json\/wp\/v2\/users\/2"}],"replies":[{"embeddable":true,"href":"https:\/\/www.europesays.com\/es\/wp-json\/wp\/v2\/comments?post=503589"}],"version-history":[{"count":0,"href":"https:\/\/www.europesays.com\/es\/wp-json\/wp\/v2\/posts\/503589\/revisions"}],"wp:featuredmedia":[{"embeddable":true,"href":"https:\/\/www.europesays.com\/es\/wp-json\/wp\/v2\/media\/503590"}],"wp:attachment":[{"href":"https:\/\/www.europesays.com\/es\/wp-json\/wp\/v2\/media?parent=503589"}],"wp:term":[{"taxonomy":"category","embeddable":true,"href":"https:\/\/www.europesays.com\/es\/wp-json\/wp\/v2\/categories?post=503589"},{"taxonomy":"post_tag","embeddable":true,"href":"https:\/\/www.europesays.com\/es\/wp-json\/wp\/v2\/tags?post=503589"}],"curies":[{"name":"wp","href":"https:\/\/api.w.org\/{rel}","templated":true}]}}