{"id":50374,"date":"2025-08-16T01:16:07","date_gmt":"2025-08-16T01:16:07","guid":{"rendered":"https:\/\/www.europesays.com\/es\/50374\/"},"modified":"2025-08-16T01:16:07","modified_gmt":"2025-08-16T01:16:07","slug":"brasil-se-lleva-el-oro-en-balonmano-femenino-panamericano","status":"publish","type":"post","link":"https:\/\/www.europesays.com\/es\/50374\/","title":{"rendered":"Brasil se lleva el oro en balonmano femenino panamericano"},"content":{"rendered":"<p>   Las auriverdes dominaron la primera parte por 15-8 y aunque cedieron en la segunda mitad por 7-11, lograron la victoria sin muchas complicaciones.<\/p>\n<p>   Raquel Ladeia y Lorena Loyane lideraron la ofensiva de las brasile\u00f1as con siete y cuatro goles, respectivamente, mientras Mora Carballo sac\u00f3 la cara por las argentinas con seis tantos.<\/p>\n<p>   De esa manera, Brasil alz\u00f3 el t\u00edtulo de monarca del balonmano femenino de Asunci\u00f3n 2025 y Argentina debi\u00f3 conformarse con la plata, en tanto las anfitrionas de Paraguay se llevaron el bronce. <\/p>\n<p>oda\/yas<\/p>\n","protected":false},"excerpt":{"rendered":"Las auriverdes dominaron la primera parte por 15-8 y aunque cedieron en la segunda mitad por 7-11, lograron&hellip;\n","protected":false},"author":2,"featured_media":50375,"comment_status":"","ping_status":"","sticky":false,"template":"","format":"standard","meta":{"footnotes":""},"categories":[278],"tags":[45,376,168,25,24,375,18161,12536,538,23,167],"class_list":{"0":"post-50374","1":"post","2":"type-post","3":"status-publish","4":"format-standard","5":"has-post-thumbnail","7":"category-balonmano","8":"tag-45","9":"tag-balonmano","10":"tag-deportes","11":"tag-es","12":"tag-espana","13":"tag-handball","14":"tag-juveniles","15":"tag-nota-informativa","16":"tag-panamericano","17":"tag-spain","18":"tag-sports"},"share_on_mastodon":{"url":"","error":""},"_links":{"self":[{"href":"https:\/\/www.europesays.com\/es\/wp-json\/wp\/v2\/posts\/50374","targetHints":{"allow":["GET"]}}],"collection":[{"href":"https:\/\/www.europesays.com\/es\/wp-json\/wp\/v2\/posts"}],"about":[{"href":"https:\/\/www.europesays.com\/es\/wp-json\/wp\/v2\/types\/post"}],"author":[{"embeddable":true,"href":"https:\/\/www.europesays.com\/es\/wp-json\/wp\/v2\/users\/2"}],"replies":[{"embeddable":true,"href":"https:\/\/www.europesays.com\/es\/wp-json\/wp\/v2\/comments?post=50374"}],"version-history":[{"count":0,"href":"https:\/\/www.europesays.com\/es\/wp-json\/wp\/v2\/posts\/50374\/revisions"}],"wp:featuredmedia":[{"embeddable":true,"href":"https:\/\/www.europesays.com\/es\/wp-json\/wp\/v2\/media\/50375"}],"wp:attachment":[{"href":"https:\/\/www.europesays.com\/es\/wp-json\/wp\/v2\/media?parent=50374"}],"wp:term":[{"taxonomy":"category","embeddable":true,"href":"https:\/\/www.europesays.com\/es\/wp-json\/wp\/v2\/categories?post=50374"},{"taxonomy":"post_tag","embeddable":true,"href":"https:\/\/www.europesays.com\/es\/wp-json\/wp\/v2\/tags?post=50374"}],"curies":[{"name":"wp","href":"https:\/\/api.w.org\/{rel}","templated":true}]}}