{"id":503747,"date":"2026-04-18T00:57:59","date_gmt":"2026-04-18T00:57:59","guid":{"rendered":"https:\/\/www.europesays.com\/es\/503747\/"},"modified":"2026-04-18T00:57:59","modified_gmt":"2026-04-18T00:57:59","slug":"accept-anuncian-su-primer-invitado-para-el-50-aniversario-videos-de-marty-friedman-y-amorphis","status":"publish","type":"post","link":"https:\/\/www.europesays.com\/es\/503747\/","title":{"rendered":"ACCEPT anuncian su primer invitado para el 50 aniversario. V\u00eddeos de Marty Friedman y AMORPHIS."},"content":{"rendered":"<p>\u00a0<\/p>\n<p style=\"text-align: center;\"><strong><a href=\"#ACCEPT\">ACCEPT anuncian su primer invitado para el 50 aniversario<\/a> \u2013 <a href=\"#Friedman\">V\u00eddeos de Marty Friedman <\/a>y <a href=\"#AMORPHIS\">AMORPHIS<\/a>.<\/strong><\/p>\n<p><a href=\"https:\/\/www.acceptworldwide.com\/\" target=\"_blank\" rel=\"noopener nofollow\"><strong>ACCEPT<\/strong><\/a> han anunciado al primer invitado para su pr\u00f3xima gira de 50 aniversario. Se trata del exbater\u00eda de MEGADETH y EIDOLON <strong>Shawn Drover,<\/strong> que estar\u00e1 con la banda en los tres primeros conciertos del periplo en Noruega y Suecia.<\/p>\n<p><img fetchpriority=\"high\" decoding=\"async\" src=\"https:\/\/www.europesays.com\/es\/wp-content\/uploads\/2026\/04\/con_glenn.jpg\" alt=\"ACCEPT\" width=\"375\" height=\"500\"\/><\/p>\n<p>La banda nos <a href=\"https:\/\/www.rafabasa.com\/2026\/02\/19\/accept-thundermother-sonata-arctica\/#ACCEPT\" rel=\"nofollow noopener\" target=\"_blank\">visitar\u00e1 en oto\u00f1o<\/a>.<\/p>\n<p>La banda ya piensa en su <a href=\"https:\/\/www.rafabasa.com\/2025\/04\/29\/accept-beast-in-black-weather-systems\/#ACCEPT\" rel=\"nofollow noopener\" target=\"_blank\">pr\u00f3ximo disco<\/a>.<\/p>\n<p><a href=\"https:\/\/www.acceptworldwide.com\/\" target=\"_blank\" rel=\"noopener nofollow\"><strong>ACCEPT<\/strong><\/a> celebrar\u00e1n su quincuag\u00e9simo aniversario con una gira mundial y un nuevo disco de regrabaciones.<\/p>\n<p>El nuevo disco de <a href=\"https:\/\/www.acceptworldwide.com\/\" target=\"_blank\" rel=\"noopener nofollow\"><strong>ACCEPT<\/strong><\/a> \u201cHumanoid\u201d, aparecido el 26 de abril de 2024 v\u00eda Napalm Records, puede escucharse \u00edntegro en este <a href=\"https:\/\/www.rafabasa.com\/2024\/04\/26\/accept-onward-mortemia\/#ACCEPT\" target=\"_blank\" rel=\"noopener nofollow\">bloque<\/a>.<\/p>\n<p>\u00a0<\/p>\n<p>A continuaci\u00f3n ten\u00e9is un v\u00eddeo en directo de <a href=\"https:\/\/www.facebook.com\/martyfriedman.official\" target=\"_blank\" rel=\"noopener nofollow\"><strong>Marty Friedman<\/strong><\/a> para el tema \u00abKaze Ga Fuiteiru\u00bb.<\/p>\n<p>En principio el guitarrista film\u00f3 el concierto que <a href=\"https:\/\/www.rafabasa.com\/2025\/05\/26\/slipknot-within-temptation-marty-friedman-aska\/#Friedman\" rel=\"nofollow noopener\" target=\"_blank\">ofreci\u00f3 el 13 de junio de 2025<\/a> en el teatro Cariola de Santiago, Chile para un pr\u00f3ximo disco y DVD en directo.<\/p>\n<p>La <a href=\"https:\/\/www.rafabasa.com\/2024\/07\/15\/portada-del-libro-de-marty-friedman-dino-cazares-habla-del-disco-de-fear-factory-video-de-dioivo\/#Marty_Friedman\" target=\"_blank\" rel=\"noopener nofollow\">nueva autobiograf\u00eda<\/a> de <a href=\"https:\/\/www.facebook.com\/martyfriedman.official\" target=\"_blank\" rel=\"noopener nofollow\"><strong>Marty Friedman<\/strong><\/a> \u201cDreaming Japanese\u201d sali\u00f3 el 3 de diciembre a trav\u00e9s de Permuted Press.<\/p>\n<p><a href=\"https:\/\/www.facebook.com\/martyfriedman.official\" target=\"_blank\" rel=\"noopener nofollow\"><strong>Marty Friedman<\/strong><\/a> edit\u00f3 el 17 de mayo a trav\u00e9s de Frontiers Music un nuevo disco titulado \u201cDrama\u201d.<\/p>\n<p>Todos los detalles en esta <a href=\"https:\/\/www.rafabasa.com\/2024\/03\/11\/amaranthe-marty-friedman-pyrenean-warriors-open-air\/#Marty_Friedman\" target=\"_blank\" rel=\"noopener nofollow\">noticia<\/a> y su \u00faltimo v\u00eddeo en <a href=\"https:\/\/www.rafabasa.com\/2025\/01\/23\/marty-friedman-leize-holycide\/#Marty_Friedman\" target=\"_blank\" rel=\"noopener nofollow\">esta<\/a>.<\/p>\n<p>\u00a0<\/p>\n<p>\u00a0<\/p>\n<p><a href=\"http:\/\/www.amorphis.net\/\" target=\"_blank\" rel=\"noopener nofollow\"><strong>AMORPHIS<\/strong><\/a> han estrenado un nuevo single y v\u00eddeo titulado \u201cThe Lantern\u201d.<\/p>\n<p><a href=\"http:\/\/www.amorphis.net\/\" target=\"_blank\" rel=\"noopener nofollow\"><strong>AMORPHIS<\/strong><\/a> editaron el 26 de septiembre a trav\u00e9s de Reigning Phoenix Music un nuevo disco titulado \u201cBorderland\u201d.<\/p>\n<p>Todos los detalles en esta <a href=\"https:\/\/www.rafabasa.com\/2025\/06\/02\/amorphis-crematory-the-quireboys\/#AMORPHIS\" target=\"_blank\" rel=\"noopener nofollow\">noticia<\/a> y los v\u00eddeos aparecidos en <a href=\"https:\/\/www.rafabasa.com\/2025\/09\/26\/rage-amorphis-wings-of-steel\/#AMORPHIS\" target=\"_blank\" rel=\"noopener nofollow\">esta<\/a>.<\/p>\n<p>La banda estren\u00f3 un <a href=\"https:\/\/www.rafabasa.com\/2025\/12\/19\/amorphis-midnight-brujo-fyres\/#AMORPHIS2\" rel=\"nofollow noopener\" target=\"_blank\">single especial<\/a> el pasado diciembre.<\/p>\n<p>Nuestra cr\u00edtica del disco en este <a href=\"https:\/\/www.rafabasa.com\/2026\/01\/22\/critica-del-cd-de-amorphis-borderland\/\" rel=\"nofollow noopener\" target=\"_blank\">enlace<\/a>.<\/p>\n<p align=\"center\"><strong>Sigue el\u00a0<a href=\"https:\/\/whatsapp.com\/channel\/0029VaCprxVBA1f555USvT2O\" target=\"_blank\" rel=\"nofollow noopener\">Canal de RAFABASA.COM en WhatsApp<\/a>, donde encontrar\u00e1s todas nuestras novedades al instante<\/strong><\/p>\n","protected":false},"excerpt":{"rendered":"\u00a0 ACCEPT anuncian su primer invitado para el 50 aniversario \u2013 V\u00eddeos de Marty Friedman y AMORPHIS. ACCEPT&hellip;\n","protected":false},"author":2,"featured_media":503748,"comment_status":"","ping_status":"","sticky":false,"template":"","format":"standard","meta":{"footnotes":""},"categories":[170],"tags":[62055,43834,146,147,25,24,73112,184,185,23],"class_list":["post-503747","post","type-post","status-publish","format-standard","has-post-thumbnail","category-musica","tag-accept","tag-amorphis","tag-entertainment","tag-entretenimiento","tag-es","tag-espana","tag-marty-friedman","tag-music","tag-musica","tag-spain"],"share_on_mastodon":{"url":"https:\/\/pubeurope.com\/@es\/116423000263675985","error":""},"_links":{"self":[{"href":"https:\/\/www.europesays.com\/es\/wp-json\/wp\/v2\/posts\/503747","targetHints":{"allow":["GET"]}}],"collection":[{"href":"https:\/\/www.europesays.com\/es\/wp-json\/wp\/v2\/posts"}],"about":[{"href":"https:\/\/www.europesays.com\/es\/wp-json\/wp\/v2\/types\/post"}],"author":[{"embeddable":true,"href":"https:\/\/www.europesays.com\/es\/wp-json\/wp\/v2\/users\/2"}],"replies":[{"embeddable":true,"href":"https:\/\/www.europesays.com\/es\/wp-json\/wp\/v2\/comments?post=503747"}],"version-history":[{"count":0,"href":"https:\/\/www.europesays.com\/es\/wp-json\/wp\/v2\/posts\/503747\/revisions"}],"wp:featuredmedia":[{"embeddable":true,"href":"https:\/\/www.europesays.com\/es\/wp-json\/wp\/v2\/media\/503748"}],"wp:attachment":[{"href":"https:\/\/www.europesays.com\/es\/wp-json\/wp\/v2\/media?parent=503747"}],"wp:term":[{"taxonomy":"category","embeddable":true,"href":"https:\/\/www.europesays.com\/es\/wp-json\/wp\/v2\/categories?post=503747"},{"taxonomy":"post_tag","embeddable":true,"href":"https:\/\/www.europesays.com\/es\/wp-json\/wp\/v2\/tags?post=503747"}],"curies":[{"name":"wp","href":"https:\/\/api.w.org\/{rel}","templated":true}]}}