{"id":50386,"date":"2025-08-16T01:24:08","date_gmt":"2025-08-16T01:24:08","guid":{"rendered":"https:\/\/www.europesays.com\/es\/50386\/"},"modified":"2025-08-16T01:24:08","modified_gmt":"2025-08-16T01:24:08","slug":"fichajes-osasuna-compas-de-espera-rojillo","status":"publish","type":"post","link":"https:\/\/www.europesays.com\/es\/50386\/","title":{"rendered":"FICHAJES OSASUNA | Comp\u00e1s de espera rojillo"},"content":{"rendered":"<p>\n        <strong>A Osasuna no le urge fichar <\/strong>porque, como reconoce su entrenador, <a href=\"https:\/\/www.noticiasdenavarra.com\/tags\/alessio-lisci\/\" title=\"Alessio Lisci\" class=\"link copy\" rel=\"nofollow noopener\" target=\"_blank\">Alessio Lisci<\/a>, en la entrevista para el suplemento de la Liga que este s\u00e1bado publica DIARIO DE NOTICIAS, \u201c<strong>tanto el club como yo estamos muy contentos con la plantilla que tenemos<\/strong>\u201d. Sin embargo, a\u00f1ade el t\u00e9cnico que \u201c<strong>el mercado est\u00e1 abierto y puede pasar cualquier cosa<\/strong>\u201d. Y es que el club navarro persigue la contrataci\u00f3n de un central que tambi\u00e9n pueda actuar como lateral derecho, se encuentra a la espera de la respuesta de algunos futbolistas con los que ya ha contactado, como son los casos del neerland\u00e9s <a href=\"https:\/\/www.noticiasdenavarra.com\/osasuna\/2025\/08\/14\/osasuna-quiere-central-jeremiah-st-9979389.html\" title=\"Jeremiah St. Juste\" class=\"link copy\" rel=\"nofollow noopener\" target=\"_blank\">Jeremiah St. Juste<\/a> y del navarro y exrojillo <a href=\"https:\/\/www.noticiasdenavarra.com\/osasuna\/2025\/08\/12\/azpilicueta-lista-9973636.html\" title=\"C\u00e9sar Azpilicueta\" class=\"link copy\" rel=\"nofollow noopener\" target=\"_blank\">C\u00e9sar Azpilicueta<\/a>, y no descuida otras opciones en las que tambi\u00e9n trabaja.\n<\/p>\n<p class=\"article-body__text \">\n        No tiene prisa Osasuna porque la Liga ya ha empezado \u2013<a href=\"https:\/\/www.noticiasdenavarra.com\/futbol\/2025\/08\/15\/catastrofica-primera-parte-gazzaniga-9983848.html\" title=\"lo hizo con el Girona-Rayo (1-3)\" class=\"link copy\" rel=\"nofollow noopener\" target=\"_blank\">lo hizo con el Girona-Rayo (1-3), aunque los rojillos no juegan <\/a><a href=\"https:\/\/www.noticiasdenavarra.com\/tags\/real-madrid-osasuna\/\" title=\"hasta el martes a las 21.00 horas en el Bernab\u00e9u contra el Real Madrid\" class=\"link copy\" rel=\"nofollow noopener\" target=\"_blank\">hasta el martes a las 21.00 horas en el Bernab\u00e9u contra el Real Madrid<\/a>\u2013, pero el mercado va a seguir abierto hasta finales de mes. La negociaci\u00f3n por St. Juste est\u00e1 siendo <strong>a tres bandas<\/strong>, porque el jugador, de 28 a\u00f1os, tiene contrato con el Sporting de Portugal hasta el 30 de junio de 2026. <strong>La sinton\u00eda entre clubes es buena<\/strong> y Osasuna, que est\u00e1 dispuesto a pagar por el traspaso, se encuentra a la espera de una respuesta del futbolista, que al parecer tambi\u00e9n ha recibido otras propuestas interesantes y que tampoco descarta quedarse en su equipo para el verano que viene enrolarse en otro proyecto como agente libre.\n<\/p>\n<p>  Dos frentes abiertos<\/p>\n<p class=\"article-body__text \">\n        <strong>Azpilicueta es otro que est\u00e1 en la lista<\/strong>. La posibilidad de que el jugador de Zizur, que el pr\u00f3ximo 28 de agosto <strong>cumple 36 a\u00f1os<\/strong>, regrese al club en el que se form\u00f3 y en el que debut\u00f3 en el f\u00fatbol profesional es real, porque ambas partes han hablado, pero no se ha llegado a un acuerdo a falta de una contestaci\u00f3n formal de un futbolista que lo gan\u00f3 todo en el Chelsea y que est\u00e1 libre despu\u00e9s de pasar los dos \u00faltimos cursos en el Atl\u00e9tico.\n<\/p>\n<p class=\"article-body__text \">\n        Osasuna tiene estos dos frentes abiertos, pero <strong>no son los \u00fanicos<\/strong>. Lo que no tiene es prisa.\n<\/p>\n<p>  En breve<\/p>\n<p class=\"article-body__text \">\n        <strong>Sesi\u00f3n a puerta cerrada<\/strong>. El entrenamiento de Osasuna de este s\u00e1bado va a ser a puerta cerrada.\n<\/p>\n<p class=\"article-body__text \">\n        <strong>Nuevo patrocinador<\/strong>. Kuwait Technical College (ktech), instituci\u00f3n privada de educaci\u00f3n superior con sede en Kuwait especializada en formaci\u00f3n t\u00e9cnica y aplicada, se ha convertido en nuevo patrocinador oficial de Osasuna, que abrir\u00e1 un academia en Kuwait.<\/p>\n","protected":false},"excerpt":{"rendered":"A Osasuna no le urge fichar porque, como reconoce su entrenador, Alessio Lisci, en la entrevista para el&hellip;\n","protected":false},"author":2,"featured_media":50387,"comment_status":"","ping_status":"","sticky":false,"template":"","format":"standard","meta":{"footnotes":""},"categories":[268],"tags":[22438,168,25,24,4351,280,282,19263,281,23,167],"class_list":{"0":"post-50386","1":"post","2":"type-post","3":"status-publish","4":"format-standard","5":"has-post-thumbnail","7":"category-futbol","8":"tag-compas","9":"tag-deportes","10":"tag-es","11":"tag-espana","12":"tag-espera","13":"tag-football","14":"tag-futbol","15":"tag-rojillo","16":"tag-soccer","17":"tag-spain","18":"tag-sports"},"share_on_mastodon":{"url":"","error":""},"_links":{"self":[{"href":"https:\/\/www.europesays.com\/es\/wp-json\/wp\/v2\/posts\/50386","targetHints":{"allow":["GET"]}}],"collection":[{"href":"https:\/\/www.europesays.com\/es\/wp-json\/wp\/v2\/posts"}],"about":[{"href":"https:\/\/www.europesays.com\/es\/wp-json\/wp\/v2\/types\/post"}],"author":[{"embeddable":true,"href":"https:\/\/www.europesays.com\/es\/wp-json\/wp\/v2\/users\/2"}],"replies":[{"embeddable":true,"href":"https:\/\/www.europesays.com\/es\/wp-json\/wp\/v2\/comments?post=50386"}],"version-history":[{"count":0,"href":"https:\/\/www.europesays.com\/es\/wp-json\/wp\/v2\/posts\/50386\/revisions"}],"wp:featuredmedia":[{"embeddable":true,"href":"https:\/\/www.europesays.com\/es\/wp-json\/wp\/v2\/media\/50387"}],"wp:attachment":[{"href":"https:\/\/www.europesays.com\/es\/wp-json\/wp\/v2\/media?parent=50386"}],"wp:term":[{"taxonomy":"category","embeddable":true,"href":"https:\/\/www.europesays.com\/es\/wp-json\/wp\/v2\/categories?post=50386"},{"taxonomy":"post_tag","embeddable":true,"href":"https:\/\/www.europesays.com\/es\/wp-json\/wp\/v2\/tags?post=50386"}],"curies":[{"name":"wp","href":"https:\/\/api.w.org\/{rel}","templated":true}]}}