{"id":5039,"date":"2025-07-26T16:34:07","date_gmt":"2025-07-26T16:34:07","guid":{"rendered":"https:\/\/www.europesays.com\/es\/5039\/"},"modified":"2025-07-26T16:34:07","modified_gmt":"2025-07-26T16:34:07","slug":"paula-martin-comanda-un-historico-triplete-espanol-en-europa","status":"publish","type":"post","link":"https:\/\/www.europesays.com\/es\/5039\/","title":{"rendered":"Paula Mart\u00edn comanda un hist\u00f3rico triplete espa\u00f1ol en Europa"},"content":{"rendered":"<p class=\"\">La generaci\u00f3n de oro del golf amateur femenino que hay en Espa\u00f1a, incansable de acumular \u00e9xitos, <b>suma y sigue.<\/b> No hay torneo importante que se le resista a las chicas de la Armada, que este s\u00e1bado cosecharon un hist\u00f3rico triplete en el European Ladies\u2019 Amateur Championship, uno de los campeonatos m\u00e1s relevantes en el Viejo Continente (es de categor\u00eda \u201c\u00e9lite\u201d seg\u00fan el World Amateur Golf Ranking). <b>Paula Mart\u00edn, de 19 a\u00f1os<\/b> y que apenas hace un mes tambi\u00e9n <a href=\"https:\/\/as.com\/masdeporte\/la-generacion-de-oro-suma-y-sigue-paula-martin-gana-el-british-amateur-n\/\" target=\"_blank\" rel=\"noreferrer nofollow noopener\" title=\"https:\/\/as.com\/masdeporte\/la-generacion-de-oro-suma-y-sigue-paula-martin-gana-el-british-amateur-n\/\">gan\u00f3 el British Amateur<\/a>, se hizo con el triunfo en Fr\u00e1ncfort en un apote\u00f3sico final en el que <b>super\u00f3 a su compatriota, Balma D\u00e1valos. El podio lo cerr\u00f3 Andrea Revuelta<\/b>, siendo la segunda vez en la historia (tambi\u00e9n ocurri\u00f3 en 2004) en la que tres espa\u00f1olas ocupan los tres primeros puestos de este prestigioso torneo.<\/p>\n<p class=\"\">Mart\u00edn, madrile\u00f1a que acaba de finalizar su segundo curso en la universidad de Stanford, contin\u00faa de dulce y no hay duda alguna de que es uno de los proyectos de futuro m\u00e1s firmes que hay en el golf patrio. <b>\u201cSue\u00f1o con darle muchas alegr\u00edas al golf espa\u00f1ol\u201d<\/b>, <a href=\"https:\/\/as.com\/masdeporte\/golf\/paula-martin-sueno-con-darle-muchas-alegrias-al-golf-espanol-n\/\" target=\"_blank\" rel=\"noreferrer nofollow noopener\" title=\"https:\/\/as.com\/masdeporte\/golf\/paula-martin-sueno-con-darle-muchas-alegrias-al-golf-espanol-n\/\">asegur\u00f3 Paula a AS<\/a> hace poco m\u00e1s de un mes, d\u00edas despu\u00e9s de ganar en Nairn la 122\u00aa edici\u00f3n del Women\u2019s Amateur Championship. Ahora, en el Frankfurter Golf Club, la cuarta del ranking mundial de aficionadas (cada vez se acerca m\u00e1s al n\u00famero uno) protagoniz\u00f3 dos vueltas finales escandalosas para hacerse con el triunfo: <b>-10 en la tercera ronda y -6 en la \u00faltima, con tres birdies en los tres \u00faltimos hoyos<\/b> que le permitieron terminar en -23 y superar sobre la bocina a D\u00e1valos, -3 para -22. Revuelta, que lider\u00f3 en las dos primeras jornadas, tir\u00f3 -6 para -21. Se le caen los birdies y las tarjetas bajas a esta generaci\u00f3n.<\/p>\n<blockquote class=\"twitter-tweet\">\n<p lang=\"es\" dir=\"ltr\">\ud83d\udc7d\u00a1Paula Mart\u00edn es de otro planeta! La madrile\u00f1a ha llevado a cabo hoy una vuelta hist\u00f3rica de \u00a1-10 en 15 hoyos para alcanzar el liderato en el Europeo Individual!<\/p>\n<p>\ud83d\udc49No pudo completar su tercera ronda, as\u00ed que para este s\u00e1bado le separan 21 hoyos del t\u00edtulo.<\/p>\n<p>\ud83d\ude4cAndrea Revuelta\u2026 <a href=\"https:\/\/t.co\/StqZ5QJA7f\" rel=\"nofollow\">pic.twitter.com\/StqZ5QJA7f<\/a><\/p>\n<p>\u2014 Real Federaci\u00f3n de Golf de Madrid (@Fedgolfmadrid) <a href=\"https:\/\/twitter.com\/Fedgolfmadrid\/status\/1948856382976827615?ref_src=twsrc%5Etfw\" rel=\"nofollow noopener\" target=\"_blank\">July 25, 2025<\/a><\/p><\/blockquote>\n<p class=\"\">No tuvo Paula el mejor inicio de Europeo, y es que en su primera vuelta firm\u00f3 71 golpes, dos bajo par, algo lejos del -7 que logr\u00f3 el mi\u00e9rcoles Revuelta, tambi\u00e9n estudiante de Stanford. Sin embargo, los tres d\u00edas siguientes de la madrile\u00f1a fueron pr\u00e1cticamente inmaculados: <b>en 54 hoyos cometi\u00f3 un \u00fanico bogey (este s\u00e1bado al 2), y por el camino cayeron 20 birdies y un eagle. Una absoluta locura.<\/b> Puso los cimientos de su victoria con un escandaloso viernes, -10 en los primeros 15 hoyos hasta que se suspendi\u00f3 la jornada por falta de luz, y remat\u00f3 este s\u00e1bado con un final que demuestra la jugadoraza que es: cuando D\u00e1valos, de la universidad de Auburn, acariciaba el triunfo, hizo birdie al 14, al 16, al 17 y al 18 para vencer por un solo golpe.<\/p>\n<p class=\"\">Mart\u00edn es la s\u00e9ptima espa\u00f1ola que se impone en este prestigioso torneo creado en 1986, <b>y eso que todas las campeonas nacionales llegaron desde 2004, cuando Carlota Ciganda levant\u00f3 el primero de sus dos t\u00edtulos<\/b> (volvi\u00f3 a ganar en 2008). Tambi\u00e9n se lo llevaron Bel\u00e9n Mozo (2006), Luna Sobr\u00f3n (2014), Mar\u00eda Parra (2015), Celia Barqu\u00edn (2018) y Julia L\u00f3pez (2023). En tres ocasiones (2008, 2014 y 2023) hubo doblete, y el triplete de esta edici\u00f3n \u00fanicamente se vio en 2004, cuando Ciganda fue seguida, a ocho golpes, por Mar\u00eda Hern\u00e1ndez y Elisa Serrami\u00e0. Ning\u00fan otro pa\u00eds ha logrado esta proeza. Una m\u00e1s de la generaci\u00f3n de oro espa\u00f1ola, y una m\u00e1s de Paula Mart\u00edn (este a\u00f1o, Carla Bernat tambi\u00e9n se llev\u00f3 el Augusta National Women\u2019s Amateur), que apunta a lograr cosas muy importantes cuando, en un par de a\u00f1os, aterrice en el profesionalismo.<\/p>\n<p>Noticias relacionadas<\/p>\n<p class=\"\"><b>\u00a1Tus opiniones importan!<\/b> Comenta en los art\u00edculos y suscr\u00edbete gratis a nuestra <a href=\"https:\/\/asfan.as.com\/newsletters\/\" target=\"_blank\" rel=\"nofollow noopener\" title=\"https:\/\/asfan.as.com\/newsletters\/\">newsletter<\/a> y a las alertas informativas en la <a href=\"https:\/\/as.com\/aplicacion-de-as-n\/\" target=\"_blank\" rel=\"nofollow noopener\" title=\"https:\/\/as.com\/aplicacion-de-as-n\/\">App<\/a> o el canal de <a href=\"https:\/\/www.whatsapp.com\/channel\/0029VaAasdA7j6g745nz9M10\" target=\"_blank\" rel=\"nofollow noopener\" title=\"https:\/\/www.whatsapp.com\/channel\/0029VaAasdA7j6g745nz9M10\">WhatsApp<\/a>. <\/p>\n<p class=\"\">\u00bfBuscas licenciar contenido? Haz clic <a href=\"https:\/\/profesional.elpais.com\/soluciones-sindicacion?utm_medium=interno&amp;utm_source=crosslinking&amp;utm_campaign=sindicacion_as_pie_articulos\" target=\"_blank\" rel=\"nofollow noopener\" title=\"https:\/\/profesional.elpais.com\/soluciones-sindicacion?utm_medium=interno&amp;utm_source=crosslinking&amp;utm_campaign=sindicacion_as_pie_articulos\">aqu\u00ed<\/a><\/p>\n<p><script async src=\"https:\/\/platform.twitter.com\/widgets.js\" charset=\"utf-8\"><\/script><\/p>\n","protected":false},"excerpt":{"rendered":"La generaci\u00f3n de oro del golf amateur femenino que hay en Espa\u00f1a, incansable de acumular \u00e9xitos, suma y&hellip;\n","protected":false},"author":2,"featured_media":5040,"comment_status":"","ping_status":"","sticky":false,"template":"","format":"standard","meta":{"footnotes":""},"categories":[275],"tags":[168,25,24,329,23,167],"class_list":{"0":"post-5039","1":"post","2":"type-post","3":"status-publish","4":"format-standard","5":"has-post-thumbnail","7":"category-golf","8":"tag-deportes","9":"tag-es","10":"tag-espana","11":"tag-golf","12":"tag-spain","13":"tag-sports"},"share_on_mastodon":{"url":"","error":""},"_links":{"self":[{"href":"https:\/\/www.europesays.com\/es\/wp-json\/wp\/v2\/posts\/5039","targetHints":{"allow":["GET"]}}],"collection":[{"href":"https:\/\/www.europesays.com\/es\/wp-json\/wp\/v2\/posts"}],"about":[{"href":"https:\/\/www.europesays.com\/es\/wp-json\/wp\/v2\/types\/post"}],"author":[{"embeddable":true,"href":"https:\/\/www.europesays.com\/es\/wp-json\/wp\/v2\/users\/2"}],"replies":[{"embeddable":true,"href":"https:\/\/www.europesays.com\/es\/wp-json\/wp\/v2\/comments?post=5039"}],"version-history":[{"count":0,"href":"https:\/\/www.europesays.com\/es\/wp-json\/wp\/v2\/posts\/5039\/revisions"}],"wp:featuredmedia":[{"embeddable":true,"href":"https:\/\/www.europesays.com\/es\/wp-json\/wp\/v2\/media\/5040"}],"wp:attachment":[{"href":"https:\/\/www.europesays.com\/es\/wp-json\/wp\/v2\/media?parent=5039"}],"wp:term":[{"taxonomy":"category","embeddable":true,"href":"https:\/\/www.europesays.com\/es\/wp-json\/wp\/v2\/categories?post=5039"},{"taxonomy":"post_tag","embeddable":true,"href":"https:\/\/www.europesays.com\/es\/wp-json\/wp\/v2\/tags?post=5039"}],"curies":[{"name":"wp","href":"https:\/\/api.w.org\/{rel}","templated":true}]}}