{"id":503903,"date":"2026-04-18T03:12:15","date_gmt":"2026-04-18T03:12:15","guid":{"rendered":"https:\/\/www.europesays.com\/es\/503903\/"},"modified":"2026-04-18T03:12:15","modified_gmt":"2026-04-18T03:12:15","slug":"el-casademont-zaragoza-rumbo-a-la-isla-del-tesoro","status":"publish","type":"post","link":"https:\/\/www.europesays.com\/es\/503903\/","title":{"rendered":"El Casademont Zaragoza, rumbo a la isla del tesoro"},"content":{"rendered":"<p class=\"c-paragraph\">El Casademont <b>por fin ha elevado sus prestaciones. <\/b>En sus dos \u00faltimos compromisos por fin fue un bloque competitivo, solidario, intenso y solvente, convencido de sus fuerzas. Su mejor\u00eda no le alcanz\u00f3 para doblegar al Barcelona (86-92), el pasado 5 de abril, <a href=\"https:\/\/www.heraldo.es\/noticias\/deportes\/baloncesto\/2026\/04\/12\/casademont-zaragoza-se-reencuentra-2011402.html\" title=\"El Casademont Zaragoza se reencuentra\" rel=\"nofollow noopener\" target=\"_blank\">pero s\u00ed para tumbar al Lleida (107-91),<\/a> seis d\u00edas m\u00e1s tarde, tras completar una convincente actuaci\u00f3n en el pabell\u00f3n Pr\u00edncipe Felipe.<\/p>\n","protected":false},"excerpt":{"rendered":"El Casademont por fin ha elevado sus prestaciones. En sus dos \u00faltimos compromisos por fin fue un bloque&hellip;\n","protected":false},"author":2,"featured_media":503904,"comment_status":"","ping_status":"","sticky":false,"template":"","format":"standard","meta":{"footnotes":""},"categories":[269],"tags":[299,298,2511,168,25,24,3643,1089,23,167,14613,491],"class_list":["post-503903","post","type-post","status-publish","format-standard","has-post-thumbnail","category-baloncesto","tag-baloncesto","tag-basketball","tag-casademont","tag-deportes","tag-es","tag-espana","tag-isla","tag-rumbo","tag-spain","tag-sports","tag-tesoro","tag-zaragoza"],"share_on_mastodon":{"url":"https:\/\/pubeurope.com\/@es\/116423527556685096","error":""},"_links":{"self":[{"href":"https:\/\/www.europesays.com\/es\/wp-json\/wp\/v2\/posts\/503903","targetHints":{"allow":["GET"]}}],"collection":[{"href":"https:\/\/www.europesays.com\/es\/wp-json\/wp\/v2\/posts"}],"about":[{"href":"https:\/\/www.europesays.com\/es\/wp-json\/wp\/v2\/types\/post"}],"author":[{"embeddable":true,"href":"https:\/\/www.europesays.com\/es\/wp-json\/wp\/v2\/users\/2"}],"replies":[{"embeddable":true,"href":"https:\/\/www.europesays.com\/es\/wp-json\/wp\/v2\/comments?post=503903"}],"version-history":[{"count":0,"href":"https:\/\/www.europesays.com\/es\/wp-json\/wp\/v2\/posts\/503903\/revisions"}],"wp:featuredmedia":[{"embeddable":true,"href":"https:\/\/www.europesays.com\/es\/wp-json\/wp\/v2\/media\/503904"}],"wp:attachment":[{"href":"https:\/\/www.europesays.com\/es\/wp-json\/wp\/v2\/media?parent=503903"}],"wp:term":[{"taxonomy":"category","embeddable":true,"href":"https:\/\/www.europesays.com\/es\/wp-json\/wp\/v2\/categories?post=503903"},{"taxonomy":"post_tag","embeddable":true,"href":"https:\/\/www.europesays.com\/es\/wp-json\/wp\/v2\/tags?post=503903"}],"curies":[{"name":"wp","href":"https:\/\/api.w.org\/{rel}","templated":true}]}}