{"id":50392,"date":"2025-08-16T01:28:29","date_gmt":"2025-08-16T01:28:29","guid":{"rendered":"https:\/\/www.europesays.com\/es\/50392\/"},"modified":"2025-08-16T01:28:29","modified_gmt":"2025-08-16T01:28:29","slug":"madrid-directo-noches-de-verano-14-08-2025","status":"publish","type":"post","link":"https:\/\/www.europesays.com\/es\/50392\/","title":{"rendered":"Madrid Directo &#8211; Noches de verano 14.08.2025"},"content":{"rendered":"<p class=\"mce\">Los veranos de la villa lo ha vuelto a hacer. Nos ha mantenido en vilo sin saber qui\u00e9n ser\u00e1 el artista que nos maravillar\u00e1 esta noche, pero el pastel se ha desvelado, se trata de <strong class=\"mce\">M\u00f3nica Molina<\/strong>.<\/p>\n<p>                <a href=\"https:\/\/www.telemadrid.es\/programas\/madrid-directo\/Se-desvela-el-pastel-Ya-sabemos-quien-actua-en-el-concierto-sorpresa-de-Conde-Duque-en-Madrid-2-2806839341--20250814101922.html\" class=\"lnk\" target=\"_blank\" rel=\"nofollow noopener\">\u00a1Se desvela el pastel! Ya sabemos qui\u00e9n act\u00faa en el concierto sorpresa de Conde Duque en Madrid<\/a><\/p>\n<p class=\"mce\">Nuestro reportero Aleix Poblet ha podido entrevistar en exclusiva al gran David Bustamante esta noche por las fiestas de Pinto.<\/p>\n<p>                <a href=\"https:\/\/www.telemadrid.es\/programas\/madrid-directo\/En-exclusiva-y-en-directo-con-David-Bustamante-antes-de-su-concierto-por-las-fiestas-de-Pinto-2-2806839340--20250814100510.html\" class=\"lnk\" target=\"_blank\" rel=\"nofollow noopener\">En exclusiva y en directo con David Bustamante antes de su concierto por las fiestas de Pinto<\/a><\/p>\n<p class=\"mce\">En los \u00faltimos meses <strong class=\"mce\">La Plaza del Callao<\/strong> se ha convertido en un escenario gigante donde todos los d\u00edas se re\u00fanen decenas de influencers y TikTokers para grabar sus contenidos.<\/p>\n<p>                <a href=\"https:\/\/www.telemadrid.es\/programas\/madrid-directo\/Los-TikTokers-toman-La-Plaza-del-Callao-2-2806539369--20250813050021.html\" class=\"lnk\" target=\"_blank\" rel=\"nofollow noopener\">Los TikTokers toman La Plaza del Callao<\/a><\/p>\n<p class=\"mce\">Todo esto y mucho m\u00e1s en Madrid Directo Noches de Verano.<\/p>\n","protected":false},"excerpt":{"rendered":"Los veranos de la villa lo ha vuelto a hacer. Nos ha mantenido en vilo sin saber qui\u00e9n&hellip;\n","protected":false},"author":2,"featured_media":50393,"comment_status":"","ping_status":"","sticky":false,"template":"","format":"standard","meta":{"footnotes":""},"categories":[171],"tags":[517,209,168,95,2666,146,147,25,24,2661,2660,2665,2659,2667,2663,2662,2664,492,23,214,21],"class_list":{"0":"post-50392","1":"post","2":"type-post","3":"status-publish","4":"format-standard","5":"has-post-thumbnail","7":"category-tv","8":"tag-actualidad","9":"tag-cultura","10":"tag-deportes","11":"tag-economia","12":"tag-emision-en-directo","13":"tag-entertainment","14":"tag-entretenimiento","15":"tag-es","16":"tag-espana","17":"tag-internacionales","18":"tag-nacionales","19":"tag-noticias-de-hoy","20":"tag-noticias-de-madrid","21":"tag-podcast","22":"tag-programas-de-telemadrid","23":"tag-programas-de-television","24":"tag-programas-onda-madrid","25":"tag-sociedad","26":"tag-spain","27":"tag-tv","28":"tag-ultimas-noticias"},"share_on_mastodon":{"url":"","error":""},"_links":{"self":[{"href":"https:\/\/www.europesays.com\/es\/wp-json\/wp\/v2\/posts\/50392","targetHints":{"allow":["GET"]}}],"collection":[{"href":"https:\/\/www.europesays.com\/es\/wp-json\/wp\/v2\/posts"}],"about":[{"href":"https:\/\/www.europesays.com\/es\/wp-json\/wp\/v2\/types\/post"}],"author":[{"embeddable":true,"href":"https:\/\/www.europesays.com\/es\/wp-json\/wp\/v2\/users\/2"}],"replies":[{"embeddable":true,"href":"https:\/\/www.europesays.com\/es\/wp-json\/wp\/v2\/comments?post=50392"}],"version-history":[{"count":0,"href":"https:\/\/www.europesays.com\/es\/wp-json\/wp\/v2\/posts\/50392\/revisions"}],"wp:featuredmedia":[{"embeddable":true,"href":"https:\/\/www.europesays.com\/es\/wp-json\/wp\/v2\/media\/50393"}],"wp:attachment":[{"href":"https:\/\/www.europesays.com\/es\/wp-json\/wp\/v2\/media?parent=50392"}],"wp:term":[{"taxonomy":"category","embeddable":true,"href":"https:\/\/www.europesays.com\/es\/wp-json\/wp\/v2\/categories?post=50392"},{"taxonomy":"post_tag","embeddable":true,"href":"https:\/\/www.europesays.com\/es\/wp-json\/wp\/v2\/tags?post=50392"}],"curies":[{"name":"wp","href":"https:\/\/api.w.org\/{rel}","templated":true}]}}