{"id":503955,"date":"2026-04-18T03:58:22","date_gmt":"2026-04-18T03:58:22","guid":{"rendered":"https:\/\/www.europesays.com\/es\/503955\/"},"modified":"2026-04-18T03:58:22","modified_gmt":"2026-04-18T03:58:22","slug":"valencia-basket-el-valencia-basket-recibira-de-la-euroliga-362-579-por-cumplir-el-fair-play-financiero","status":"publish","type":"post","link":"https:\/\/www.europesays.com\/es\/503955\/","title":{"rendered":"Valencia Basket | El Valencia Basket recibir\u00e1 de la Euroliga 362.579 por cumplir el Fair Play financiero"},"content":{"rendered":"<p>El baloncesto europeo llevaba varias temporadas preparando un sistema de control del gasto de los clubes similar al Fair Play financiero en el f\u00fatbol y  &#8230; la Euroliga lo va a implementar por primera vez esta campa\u00f1a. Una vez terminado el periodo de fichajes, el pasado 25 de febrero, la competici\u00f3n realiz\u00f3 un balance de cada equipo y ha remitido, al finalizar la Liga Regular, su primer informe de los est\u00e1ndares del Equilibrio Competitivo que beneficia a la mayor\u00eda de clubes que han cumplido con su l\u00edmite salarial. Entre ellos el Valencia Basket, <a href=\"https:\/\/www.lasprovincias.es\/deportes\/valencia-bc\/sonko-veo-valencia-basket-opciones-claras-final-20260413172151-nt.html\" target=\"_self\" data-voc-vtm-id=\"in-text-traffic\" title=\"que culmina este viernes en Bosnia una Liga Regular de ensue\u00f1o\" data-mrf-link=\"www.lasprovincias.es\" rel=\"nofollow noopener\">que culmina este viernes en Bosnia una Liga Regular de ensue\u00f1o<\/a>. Los 15 equipos que han cumplido sus par\u00e1metros de gasto se repartir\u00e1n a partes iguales, sin distinci\u00f3n del tipo de licencias, la multa impuesta a los cuatro clubes que se han excedido. En total, la entidad del Roig Arena recibir\u00e1 un ingreso de 362.579 euros. <\/p>\n<p class=\"v-p\">Esa multa, denominada de compensaci\u00f3n total por superar el nivel de remuneraci\u00f3n base, asciende a 5.438.684 euros. Es la suma de las sanciones al Anadolu Efes (1.071.676), el Hapoel Tel Aviv (998.027), el Olympiacos (303.290) y el Panathinaikos (3.605.691). Un dato que a\u00fan da m\u00e1s valor al rendimiento deportivo del Valencia Basket, que ante estos cuatro equipos que no han cumplido las normas han ganado seis de los ocho partidos en la Liga Regular. <\/p>\n<p class=\"v-p\">La Compensaci\u00f3n por Equilibrio Competitivo es un mecanismo financiero dise\u00f1ado para redistribuir equitativamente los fondos recaudados de los clubes que superan los Niveles de Remuneraci\u00f3n Base y Alta entre los clubes que se mantienen dentro de los umbrales establecidos. Como medida transitoria hacia la plena implementaci\u00f3n de los Est\u00e1ndares de Equilibrio Competitivo, las compensaciones financieras para las temporadas 25-26 y 26-27 est\u00e1n limitadas a un m\u00e1ximo del 10 % de la remuneraci\u00f3n total de los jugadores. El Nivel de Remuneraci\u00f3n Alta entrar\u00e1 en vigor a partir de la temporada 27-28, la \u00faltima que en estos momentos tienen firmada proyectos como el del Valencia Basket.<\/p>\n<p><a href=\"http:\/\/www.lasprovincias.es\/deportes\/valencia-bc\/negociacion-abierta-nba-euroliga-tejer-alianza-20260409171518-nt.html#vtm_modulosEngag=mod-rel:deportes:noticia:1:cmp:1-not\" class=\"v-a-link\" aria-label=\"Imagen\" rel=\"nofollow noopener\" target=\"_blank\"><\/p>\n<p><img decoding=\"async\" loading=\"lazy\" src=\"https:\/\/www.europesays.com\/es\/wp-content\/uploads\/2026\/04\/1507988970-U33621047148SZY-366x256@Las Provincias.jpg\" class=\"v-a-img\" alt=\"\" data-voc-vtm-id=\"in-text-traffic\" width=\"366\" height=\"256\"\/><\/p>\n<p><\/a><\/p>\n<p class=\"v-p\">Para garantizar un nivel deportivo m\u00ednimo de los 20 equipos participantes, la Euroliga tambi\u00e9n obliga a un presupuesto m\u00ednimo de gasto de plantilla. Ah\u00ed se ha confirmado que el proyecto de Tony Parket del Asvel, que apunta la pr\u00f3xima temporada a la BCL, no es compatible con la Euroliga. La competici\u00f3n ha multado al club franc\u00e9s por no cumplir ese salario m\u00ednimo con 1.280.924 euros, que deber\u00e1 abonar sus jugadores inscritos esta temporada en un escalado acorde al porcentaje de su salario en el total de la plantilla. Adem\u00e1s, el club de Villeurbanne no podr\u00e1 inscribir jugadores hasta que no haya pagado esa compensaci\u00f3n a su actual plantilla.<\/p>\n","protected":false},"excerpt":{"rendered":"El baloncesto europeo llevaba varias temporadas preparando un sistema de control del gasto de los clubes similar al&hellip;\n","protected":false},"author":2,"featured_media":503956,"comment_status":"","ping_status":"","sticky":false,"template":"","format":"standard","meta":{"footnotes":""},"categories":[269],"tags":[100882,299,1918,298,5878,168,25,24,833,20516,28947,11394,10795,23,167,235],"class_list":["post-503955","post","type-post","status-publish","format-standard","has-post-thumbnail","category-baloncesto","tag-100882","tag-baloncesto","tag-basket","tag-basketball","tag-cumplir","tag-deportes","tag-es","tag-espana","tag-euroliga","tag-fair","tag-financiero","tag-play","tag-recibira","tag-spain","tag-sports","tag-valencia"],"share_on_mastodon":{"url":"https:\/\/pubeurope.com\/@es\/116423708183913961","error":""},"_links":{"self":[{"href":"https:\/\/www.europesays.com\/es\/wp-json\/wp\/v2\/posts\/503955","targetHints":{"allow":["GET"]}}],"collection":[{"href":"https:\/\/www.europesays.com\/es\/wp-json\/wp\/v2\/posts"}],"about":[{"href":"https:\/\/www.europesays.com\/es\/wp-json\/wp\/v2\/types\/post"}],"author":[{"embeddable":true,"href":"https:\/\/www.europesays.com\/es\/wp-json\/wp\/v2\/users\/2"}],"replies":[{"embeddable":true,"href":"https:\/\/www.europesays.com\/es\/wp-json\/wp\/v2\/comments?post=503955"}],"version-history":[{"count":0,"href":"https:\/\/www.europesays.com\/es\/wp-json\/wp\/v2\/posts\/503955\/revisions"}],"wp:featuredmedia":[{"embeddable":true,"href":"https:\/\/www.europesays.com\/es\/wp-json\/wp\/v2\/media\/503956"}],"wp:attachment":[{"href":"https:\/\/www.europesays.com\/es\/wp-json\/wp\/v2\/media?parent=503955"}],"wp:term":[{"taxonomy":"category","embeddable":true,"href":"https:\/\/www.europesays.com\/es\/wp-json\/wp\/v2\/categories?post=503955"},{"taxonomy":"post_tag","embeddable":true,"href":"https:\/\/www.europesays.com\/es\/wp-json\/wp\/v2\/tags?post=503955"}],"curies":[{"name":"wp","href":"https:\/\/api.w.org\/{rel}","templated":true}]}}