{"id":50400,"date":"2025-08-16T01:33:08","date_gmt":"2025-08-16T01:33:08","guid":{"rendered":"https:\/\/www.europesays.com\/es\/50400\/"},"modified":"2025-08-16T01:33:08","modified_gmt":"2025-08-16T01:33:08","slug":"fernando-adrian-indulta-a-heraldico-hijo-de-cobradiezmos","status":"publish","type":"post","link":"https:\/\/www.europesays.com\/es\/50400\/","title":{"rendered":"Fernando Adri\u00e1n indulta a Her\u00e1ldico, hijo de Cobradiezmos"},"content":{"rendered":"<p style=\"\">El <a href=\"https:\/\/www.abc.es\/cultura\/toros\/marco-olga-illumbe-20250814232513-nt.html\" target=\"_self\" data-voc-vtm-id=\"in-text-traffic\" title=\"15 de agosto\" rel=\"nofollow noopener\">15 de agosto<\/a> de 2025 qued\u00f3 marcado con tinta dorada en la historia reciente de Pontevedra. Trece a\u00f1os despu\u00e9s, la leyenda de los Victorino Mart\u00edn pis\u00f3 de nuevo el albero gallego, y lo hizo en una<a href=\"https:\/\/www.abc.es\/cultura\/toros\/ortega-aguado-illumbe-20250814163242-nt.html\" target=\"_self\" data-voc-vtm-id=\"in-text-traffic\" title=\" corrida\" rel=\"nofollow noopener\"> corrida<\/a> goyesca que combin\u00f3 tradici\u00f3n, arte  &#8230; y una expectaci\u00f3n desbordante.<\/p>\n<p class=\"voc-p\" style=\"\">El cl\u00edmax lleg\u00f3 con el tercero, Her\u00e1ldico, toro que reuni\u00f3 bravura, nobleza y una incansable entrega que remiti\u00f3 al recuerdo del m\u00edtico Cobradiezmos, su padre. Fernando Adri\u00e1n lo cuaj\u00f3 de principio a fin en una faena templada y emocionante, repleta de naturales hondos y remates de gran expresi\u00f3n. La plaza entera pidi\u00f3 el indulto y el palco lo concedi\u00f3. El toro, n\u00famero 18, de 520 kilos, se gan\u00f3 la gloria de volver vivo a la dehesa.<\/p>\n<p class=\"voc-p\" style=\"\">Comparti\u00f3 la salida a hombros con Daniel Luque,  que esde la primera serie impuso gobierno y medida, exprimiendo con maestr\u00eda las virtudes del astado. El p\u00fablico, entregado, premi\u00f3 su labor con dos trofeos tras una estocada perfecta.<\/p>\n<p class=\"voc-p\" style=\"\">Miguel \u00c1ngel Perera abri\u00f3 plaza y se encontr\u00f3 con un toro que humill\u00f3 y repiti\u00f3 con ritmo. El extreme\u00f1o lo entendi\u00f3 desde el inicio, pulseando con suavidad y componiendo series profundas por el pit\u00f3n derecho. La estocada final, certera y de ejecuci\u00f3n limpia, le otorg\u00f3 la primera oreja de la tarde.<\/p>\n<p class=\"voc-p\" style=\"\">Con tres cuartos de entrada en los tendidos, en el resto de corrida no hubo trofeos, pero qued\u00f3 el recuerdo de Her\u00e1ldico<\/p>\n","protected":false},"excerpt":{"rendered":"El 15 de agosto de 2025 qued\u00f3 marcado con tinta dorada en la historia reciente de Pontevedra. Trece&hellip;\n","protected":false},"author":2,"featured_media":50401,"comment_status":"","ping_status":"","sticky":false,"template":"","format":"standard","meta":{"footnotes":""},"categories":[91],"tags":[2722,22443,146,147,25,24,2421,22442,30,22441,23],"class_list":{"0":"post-50400","1":"post","2":"type-post","3":"status-publish","4":"format-standard","5":"has-post-thumbnail","7":"category-entretenimiento","8":"tag-adrian","9":"tag-cobradiezmos","10":"tag-entertainment","11":"tag-entretenimiento","12":"tag-es","13":"tag-espana","14":"tag-fernando","15":"tag-heraldico","16":"tag-hijo","17":"tag-indulta","18":"tag-spain"},"share_on_mastodon":{"url":"","error":""},"_links":{"self":[{"href":"https:\/\/www.europesays.com\/es\/wp-json\/wp\/v2\/posts\/50400","targetHints":{"allow":["GET"]}}],"collection":[{"href":"https:\/\/www.europesays.com\/es\/wp-json\/wp\/v2\/posts"}],"about":[{"href":"https:\/\/www.europesays.com\/es\/wp-json\/wp\/v2\/types\/post"}],"author":[{"embeddable":true,"href":"https:\/\/www.europesays.com\/es\/wp-json\/wp\/v2\/users\/2"}],"replies":[{"embeddable":true,"href":"https:\/\/www.europesays.com\/es\/wp-json\/wp\/v2\/comments?post=50400"}],"version-history":[{"count":0,"href":"https:\/\/www.europesays.com\/es\/wp-json\/wp\/v2\/posts\/50400\/revisions"}],"wp:featuredmedia":[{"embeddable":true,"href":"https:\/\/www.europesays.com\/es\/wp-json\/wp\/v2\/media\/50401"}],"wp:attachment":[{"href":"https:\/\/www.europesays.com\/es\/wp-json\/wp\/v2\/media?parent=50400"}],"wp:term":[{"taxonomy":"category","embeddable":true,"href":"https:\/\/www.europesays.com\/es\/wp-json\/wp\/v2\/categories?post=50400"},{"taxonomy":"post_tag","embeddable":true,"href":"https:\/\/www.europesays.com\/es\/wp-json\/wp\/v2\/tags?post=50400"}],"curies":[{"name":"wp","href":"https:\/\/api.w.org\/{rel}","templated":true}]}}